{"id":241053,"date":"2019-12-12T10:47:14","date_gmt":"2019-12-12T07:47:14","guid":{"rendered":"http:\/\/www.tvturk.com\/index.php\/tesk-genel-baskani-palandoken-yerli-ve-milli-olma-bilinci-artmali\/"},"modified":"2019-12-12T10:47:14","modified_gmt":"2019-12-12T07:47:14","slug":"tesk-genel-baskani-palandoken-yerli-ve-milli-olma-bilinci-artmali","status":"publish","type":"post","link":"http:\/\/www.tvturk.com\/index.php\/tesk-genel-baskani-palandoken-yerli-ve-milli-olma-bilinci-artmali\/","title":{"rendered":"TESK Genel Ba\u015fkan\u0131 Paland\u00f6ken: \u201cYerli ve milli olma bilinci artmal\u0131\u201d"},"content":{"rendered":"<p>T\u00fcrkiye Esnaf ve Sanatk\u00e2rlar Konfederasyonu (TESK) Genel Ba\u015fkan\u0131 Bendevi Paland\u00f6ken, \u201cBu hafta \u00fclkemizin d\u00f6rt bir yan\u0131nda yerli ve milli olma bilincinin \u00f6nemi vurgulanmal\u0131. \u00c7\u00fcnk\u00fc \u00fclke ekonomilerinde kalk\u0131nman\u0131n olmazsa olmaz birinci kural\u0131 yerli mal\u0131 kullan\u0131m\u0131. Al\u0131\u015fveri\u015flerde elektronik, g\u0131da, tekstil her sekt\u00f6rde \u00f6ncelikle yerli \u00fcretimler tercih edilmeli\u201d dedi.<\/p>\n<p>Yerli \u00fcretimin tercih edildik\u00e7e kalitesinin ve ba\u015far\u0131s\u0131n\u0131n artaca\u011f\u0131n\u0131 belirten TESK Genel Ba\u015fkan\u0131 Paland\u00f6ken, \u201cG\u00fc\u00e7l\u00fc ve her ge\u00e7en g\u00fcn b\u00fcy\u00fcyen bir potansiyele sahip \u00fclkemizde tam kalk\u0131nmay\u0131 ger\u00e7ekle\u015ftirmenin ilk ko\u015fulu yerli olan\u0131 desteklemektir. Telefondan ayakkab\u0131ya, kazaktan pirince kadar her alanda \u00f6ncelikli tercih yerli \u00fcretim logolu \u00fcr\u00fcnler olmal\u0131. Bu y\u0131l Ekim ay\u0131nda  ge\u00e7en y\u0131l\u0131n ayn\u0131 d\u00f6nemine g\u00f6re ithalat y\u00fczde 8 artt\u0131. Param\u0131z yurt d\u0131\u015f\u0131na \u00e7\u0131kaca\u011f\u0131na \u00fclkemizde kalmal\u0131. \u0130thalat\u0131 azaltman\u0131n ilk yolu yerli ve milli olmak. \u00d6rne\u011fin d\u00fcnyan\u0131n en kaliteli ayakkab\u0131s\u0131n\u0131 \u00fcretsek, bu \u00fclkemiz i\u00e7erisinde tercih edilmedikten sonra hi\u00e7bir \u015fey anlam ifade etmez. Biz ne kadar al\u0131r ve destek sa\u011flarsak, yerli \u00fcr\u00fcn o kadar kendini geli\u015ftirip kalitesini art\u0131racakt\u0131r. Bug\u00fcn d\u00fcnya \u00fczerinde herkesten iyi oldu\u011fumuz bir\u00e7ok alan varken, bunu iyi de\u011ferlendirmeliyiz\u201d diye konu\u015ftu.<\/p>\n<p>\u201c\u0130sraftan ka\u00e7mak ve tasarruf yapmak al\u0131\u015fkanl\u0131k edinilmeli\u201d<\/p>\n<p>Evdeki pe\u00e7eteden i\u015f yerindeki elektri\u011fe her alanda israftan ka\u00e7man\u0131n \u00f6nemine dikkati \u00e7eken Paland\u00f6ken, \u201c\u0130\u015fimiz bitti\u011finde kapatmad\u0131\u011f\u0131m\u0131z elektrik lambas\u0131, iki tane yetecekken \u00fc\u00e7 tane kopartt\u0131\u011f\u0131m\u0131z k\u00e2\u011f\u0131t havlu, yetecek kadar ayakkab\u0131m\u0131z varken bir \u00e7ift daha ayakkab\u0131 gibi israfa y\u00f6nelik her davran\u0131\u015f\u0131m\u0131z cebimizden ve ekonomimizden gidiyor. \u0130sraf etti\u011fimiz ekmekler, k\u0131yafetler, enerji kaynaklar\u0131, t\u00fcm bunlar\u0131n hi\u00e7biri ne ahlak\u0131m\u0131zda ne de dinimizde yeri olan \u015feyler. \u0130sraf etmezken ayn\u0131 zamanda tutumlu davranmak ve tasarruf yapmak milli bilincimizin kuvvetli oldu\u011funu g\u00f6sterir. Bu bilinci k\u00fc\u00e7\u00fck ya\u015fta \u00e7ocuklar\u0131m\u0131z ve gen\u00e7lerimize de aktard\u0131\u011f\u0131m\u0131zda gelece\u011fimizi daha sa\u011flam in\u015fa ederiz. Bu nedenle bu hafta fark\u0131ndal\u0131k olu\u015fmal\u0131 ve israftan ka\u00e7mak, tasarruf yapmak al\u0131\u015fkanl\u0131k haline gelmeli\u201d dedi.<\/p>\n","protected":false},"excerpt":{"rendered":"<p>T\u00dcRK\u0130YE ESNAF VE SANATK\u00c2RLAR KONFEDERASYONU (TESK) GENEL BA\u015eKANI BENDEV\u0130 PALAND\u00d6KEN,\u201cBU HAFTA \u00dcLKEM\u0130Z\u0130N D\u00d6RT B\u0130R YANINDA YERL\u0130 VE M\u0130LL\u0130 OLMA B\u0130L\u0130NC\u0130N\u0130N \u00d6NEM\u0130 VURGULANMALI. \u00c7\u00dcNK\u00dc \u00dcLKE EKONOM\u0130LER\u0130NDE KALKINMANIN OLMAZSA OLMAZ B\u0130R\u0130NC\u0130 KURALI YERL\u0130 MALI KULLANIMI. ALI\u015eVER\u0130\u015eLERDE, ELEKTRON\u0130K, GIDA, TEKST\u0130L HER SEKT\u00d6RDE \u00d6NCEL\u0130KLE YERL\u0130 \u00dcRET\u0130MLER TERC\u0130H ED\u0130LMEL\u0130\u201d DED\u0130.<\/p>\n","protected":false},"author":1,"featured_media":241054,"comment_status":"closed","ping_status":"open","sticky":false,"template":"","format":"standard","meta":{"jetpack_post_was_ever_published":false,"_jetpack_newsletter_access":"","_jetpack_dont_email_post_to_subs":false,"_jetpack_newsletter_tier_id":0,"_jetpack_memberships_contains_paywalled_content":false,"_jetpack_memberships_contains_paid_content":false,"footnotes":"","jetpack_publicize_message":"","jetpack_publicize_feature_enabled":true,"jetpack_social_post_already_shared":true,"jetpack_social_options":{"image_generator_settings":{"template":"highway","default_image_id":0,"font":"","enabled":false},"version":2}},"categories":[19],"tags":[60211,216,2236,869,429,6336,8073,12357,2454],"class_list":["post-241053","post","type-post","status-publish","format-standard","has-post-thumbnail","hentry","category-ekonomi","tag-artmali","tag-baskani","tag-bilinci","tag-genel","tag-milli","tag-olma","tag-palandoken","tag-tesk","tag-yerli"],"jetpack_publicize_connections":[],"jetpack_featured_media_url":"https:\/\/i0.wp.com\/www.tvturk.com\/wp-content\/uploads\/2019\/12\/tesk-genel-baskani-palandoken-yerli-ve-milli-olma-bilinci-artmali_d4b96d8.jpg?fit=960%2C640","jetpack_sharing_enabled":true,"jetpack_shortlink":"https:\/\/wp.me\/paKIfm-10HX","_links":{"self":[{"href":"http:\/\/www.tvturk.com\/index.php\/wp-json\/wp\/v2\/posts\/241053","targetHints":{"allow":["GET"]}}],"collection":[{"href":"http:\/\/www.tvturk.com\/index.php\/wp-json\/wp\/v2\/posts"}],"about":[{"href":"http:\/\/www.tvturk.com\/index.php\/wp-json\/wp\/v2\/types\/post"}],"author":[{"embeddable":true,"href":"http:\/\/www.tvturk.com\/index.php\/wp-json\/wp\/v2\/users\/1"}],"replies":[{"embeddable":true,"href":"http:\/\/www.tvturk.com\/index.php\/wp-json\/wp\/v2\/comments?post=241053"}],"version-history":[{"count":0,"href":"http:\/\/www.tvturk.com\/index.php\/wp-json\/wp\/v2\/posts\/241053\/revisions"}],"wp:featuredmedia":[{"embeddable":true,"href":"http:\/\/www.tvturk.com\/index.php\/wp-json\/wp\/v2\/media\/241054"}],"wp:attachment":[{"href":"http:\/\/www.tvturk.com\/index.php\/wp-json\/wp\/v2\/media?parent=241053"}],"wp:term":[{"taxonomy":"category","embeddable":true,"href":"http:\/\/www.tvturk.com\/index.php\/wp-json\/wp\/v2\/categories?post=241053"},{"taxonomy":"post_tag","embeddable":true,"href":"http:\/\/www.tvturk.com\/index.php\/wp-json\/wp\/v2\/tags?post=241053"}],"curies":[{"name":"wp","href":"https:\/\/api.w.org\/{rel}","templated":true}]}}