{"id":24113,"date":"2019-02-12T11:11:02","date_gmt":"2019-02-12T08:11:02","guid":{"rendered":"http:\/\/www.tvturk.com\/index.php\/grammy-odullerinde-siklik-yarisi-alay-konusu-oldu\/"},"modified":"2019-02-12T11:11:06","modified_gmt":"2019-02-12T08:11:06","slug":"grammy-odullerinde-siklik-yarisi-alay-konusu-oldu","status":"publish","type":"post","link":"http:\/\/www.tvturk.com\/index.php\/grammy-odullerinde-siklik-yarisi-alay-konusu-oldu\/","title":{"rendered":"Grammy \u00f6d\u00fcllerinde \u015f\u0131kl\u0131k yar\u0131\u015f\u0131 alay konusu oldu"},"content":{"rendered":"<p>Bu y\u0131l 61\u2019incisi d\u00fczenlenen Grammy M\u00fczik \u00d6d\u00fclleri t\u00f6reninden geriye \u00fcnl\u00fclerin \u015f\u0131kl\u0131k yar\u0131\u015f\u0131 kald\u0131. Birbirinden iddial\u0131 k\u0131yafetler giyen \u00fcnl\u00fclerin abart\u0131 giyinmeleri dikkat \u00e7ekerken sosyal medyada alay konusu oldu.<\/p>\n<p>Bu y\u0131l 61\u2019incisi d\u00fczenlenen Grammy M\u00fczik \u00d6d\u00fclleri t\u00f6reninden geriye \u00fcnl\u00fclerin \u015f\u0131kl\u0131k yar\u0131\u015f\u0131 kald\u0131. Ge\u00e7ti\u011fimiz g\u00fcn m\u00fczik sekt\u00f6r\u00fcn\u00fcn en iyilerinin se\u00e7ildi\u011fi t\u00f6rende \u00fcnl\u00fclerin \u015f\u0131kl\u0131k yar\u0131\u015f\u0131 hala konu\u015fuluyor. Birbirinden iddial\u0131 k\u0131yafetler giyen \u00fcnl\u00fclerin abart\u0131l\u0131 giyinmeleri dikkat \u00e7ekerken, baz\u0131lar\u0131 sosyal medyada alay konusu oldu. Genellikle iddial\u0131 k\u0131yafetleriyle bilinen Jennifer Lopez\u2019in g\u00f6z al\u0131c\u0131 Versace elbisesinin \u00fcst\u00fcne giydi\u011fi dev \u015fapkas\u0131 k\u00f6t\u00fc yorum ald\u0131.<\/p>\n<p>Kayt Perry\u2019ye boya rulosu benzetmesi<\/p>\n<p>Pembe renkteki abart\u0131l\u0131 k\u0131yafetiyle gecede boy g\u00f6steren Katy Perry ise sosyal medyada en fazla dalga konusu olan \u00fcnl\u00fc oldu. Perry, yap\u0131lan esprileri kendi sosyal medya hesab\u0131ndan da payla\u015ft\u0131. Kendisini boya rulosuna benzetilen foto\u011fraf\u0131 sosyal medyadan payla\u015fan Perry, &#8220;Merhaba bu d\u00fczenlemeyi yapanlara&#8221; dedi.<\/p>\n<p>Miley Cyrus sadelikle ders verdi<\/p>\n<p>Tepeden t\u0131rna\u011fa siyah giyinen ve gecede performans g\u00f6steren Miley Cyrus ise hem sade hem de \u015f\u0131k olunabilece\u011fini g\u00f6sterdi. Alt\u0131nla makyaj yaparak k\u0131z\u0131lca uzun bir elbise giyen Nina Dobrev ise be\u011fenileri toplad\u0131. \u00dcnl\u00fc modac\u0131lar\u0131n kendisine k\u0131yafet haz\u0131rlamak istemediklerinden yak\u0131nan Bebe Rexha ise t\u00f6rene \u015eeyma el-Mansuri imzal\u0131 k\u0131rm\u0131z\u0131 elbiseyle kat\u0131ld\u0131.<div class=\"tiled-gallery type-rectangular tiled-gallery-unresized\" data-original-width=\"500\" data-carousel-extra='null' itemscope itemtype=\"http:\/\/schema.org\/ImageGallery\" > <div class=\"gallery-row\" style=\"width: 500px; height: 234px;\" data-original-width=\"500\" data-original-height=\"234\" > <div class=\"gallery-group images-1\" style=\"width: 157px; height: 234px;\" data-original-width=\"157\" data-original-height=\"234\" > <div class=\"tiled-gallery-item tiled-gallery-item-small\" itemprop=\"associatedMedia\" itemscope itemtype=\"http:\/\/schema.org\/ImageObject\"> <a href=\"http:\/\/www.tvturk.com\/index.php\/grammy-odullerinde-siklik-yarisi-alay-konusu-oldu\/grammy-odullerinde-siklik-yarisi-alay-konusu-oldu-3\/\" border=\"0\" itemprop=\"url\"> <meta itemprop=\"width\" content=\"153\"> <meta itemprop=\"height\" content=\"230\"> <img decoding=\"async\" class=\"\" data-attachment-id=\"24115\" data-orig-file=\"http:\/\/www.tvturk.com\/wp-content\/uploads\/2019\/02\/grammy-odullerinde-siklik-yarisi-alay-konusu-oldu_e83da57.jpg\" data-orig-size=\"666,1000\" data-comments-opened=\"\" data-image-meta=\"{&quot;aperture&quot;:&quot;0&quot;,&quot;credit&quot;:&quot;IHA&quot;,&quot;camera&quot;:&quot;&quot;,&quot;caption&quot;:&quot;PEMBE RENKTEK\\u0130 ABARTILI KIYAFET\\u0130YLE GECEDE BOY G\\u00d6STEREN KATY PERRY \\u0130SE SOSYAL MEDYADA EN FAZLA DALGA KONUSU OLAN \\u00dcNL\\u00dc OLDU. (\\u0130HA\\\/LOS ANGELES-\\u0130HA)&quot;,&quot;created_timestamp&quot;:&quot;0&quot;,&quot;copyright&quot;:&quot;\\u0130HLAS HABER AJANSI, www.iha.com.tr&quot;,&quot;focal_length&quot;:&quot;0&quot;,&quot;iso&quot;:&quot;0&quot;,&quot;shutter_speed&quot;:&quot;0&quot;,&quot;title&quot;:&quot;GRAMMY \\u00d6D\\u00dcLLER\\u0130NDE \\u015eIKLIK YARI\\u015eI ALAY KONUSU OLDU&quot;,&quot;orientation&quot;:&quot;0&quot;}\" data-image-title=\"Grammy \u00f6d\u00fcllerinde \u015f\u0131kl\u0131k yar\u0131\u015f\u0131 alay konusu oldu\" data-image-description=\"&lt;p&gt;Grammy \u00f6d\u00fcllerinde \u015f\u0131kl\u0131k yar\u0131\u015f\u0131 alay konusu oldu&lt;\/p&gt; \" data-medium-file=\"https:\/\/i0.wp.com\/www.tvturk.com\/wp-content\/uploads\/2019\/02\/grammy-odullerinde-siklik-yarisi-alay-konusu-oldu_e83da57.jpg?fit=200%2C300\" data-large-file=\"https:\/\/i0.wp.com\/www.tvturk.com\/wp-content\/uploads\/2019\/02\/grammy-odullerinde-siklik-yarisi-alay-konusu-oldu_e83da57.jpg?fit=666%2C1000\" src=\"https:\/\/i0.wp.com\/www.tvturk.com\/wp-content\/uploads\/2019\/02\/grammy-odullerinde-siklik-yarisi-alay-konusu-oldu_e83da57.jpg?w=153&#038;h=230\" srcset=\"https:\/\/i0.wp.com\/www.tvturk.com\/wp-content\/uploads\/2019\/02\/grammy-odullerinde-siklik-yarisi-alay-konusu-oldu_e83da57.jpg?w=666 666w, https:\/\/i0.wp.com\/www.tvturk.com\/wp-content\/uploads\/2019\/02\/grammy-odullerinde-siklik-yarisi-alay-konusu-oldu_e83da57.jpg?resize=100%2C150 100w, https:\/\/i0.wp.com\/www.tvturk.com\/wp-content\/uploads\/2019\/02\/grammy-odullerinde-siklik-yarisi-alay-konusu-oldu_e83da57.jpg?resize=200%2C300 200w\" width=\"153\" height=\"230\" loading=\"lazy\" data-original-width=\"153\" data-original-height=\"230\" itemprop=\"http:\/\/schema.org\/image\" title=\"Grammy \u00f6d\u00fcllerinde \u015f\u0131kl\u0131k yar\u0131\u015f\u0131 alay konusu oldu\" alt=\"Grammy \u00f6d\u00fcllerinde \u015f\u0131kl\u0131k yar\u0131\u015f\u0131 alay konusu oldu\" style=\"width: 153px; height: 230px;\" \/> <\/a> <\/div> <\/div> <!-- close group --> <div class=\"gallery-group images-1\" style=\"width: 186px; height: 234px;\" data-original-width=\"186\" data-original-height=\"234\" > <div class=\"tiled-gallery-item tiled-gallery-item-small\" itemprop=\"associatedMedia\" itemscope itemtype=\"http:\/\/schema.org\/ImageObject\"> <a href=\"http:\/\/www.tvturk.com\/index.php\/grammy-odullerinde-siklik-yarisi-alay-konusu-oldu\/grammy-odullerinde-siklik-yarisi-alay-konusu-oldu-4\/\" border=\"0\" itemprop=\"url\"> <meta itemprop=\"width\" content=\"182\"> <meta itemprop=\"height\" content=\"230\"> <img decoding=\"async\" class=\"\" data-attachment-id=\"24116\" data-orig-file=\"http:\/\/www.tvturk.com\/wp-content\/uploads\/2019\/02\/grammy-odullerinde-siklik-yarisi-alay-konusu-oldu_d44e550.jpg\" data-orig-size=\"789,1000\" data-comments-opened=\"\" data-image-meta=\"{&quot;aperture&quot;:&quot;0&quot;,&quot;credit&quot;:&quot;IHA&quot;,&quot;camera&quot;:&quot;&quot;,&quot;caption&quot;:&quot;PEMBE RENKTEK\\u0130 ABARTILI KIYAFET\\u0130YLE GECEDE BOY G\\u00d6STEREN KATY PERRY \\u0130SE SOSYAL MEDYADA EN FAZLA DALGA KONUSU OLAN \\u00dcNL\\u00dc OLDU. (\\u0130HA\\\/LOS ANGELES-\\u0130HA)&quot;,&quot;created_timestamp&quot;:&quot;0&quot;,&quot;copyright&quot;:&quot;\\u0130HLAS HABER AJANSI, www.iha.com.tr&quot;,&quot;focal_length&quot;:&quot;0&quot;,&quot;iso&quot;:&quot;0&quot;,&quot;shutter_speed&quot;:&quot;0&quot;,&quot;title&quot;:&quot;GRAMMY \\u00d6D\\u00dcLLER\\u0130NDE \\u015eIKLIK YARI\\u015eI ALAY KONUSU OLDU&quot;,&quot;orientation&quot;:&quot;0&quot;}\" data-image-title=\"Grammy \u00f6d\u00fcllerinde \u015f\u0131kl\u0131k yar\u0131\u015f\u0131 alay konusu oldu\" data-image-description=\"&lt;p&gt;Grammy \u00f6d\u00fcllerinde \u015f\u0131kl\u0131k yar\u0131\u015f\u0131 alay konusu oldu&lt;\/p&gt; \" data-medium-file=\"https:\/\/i0.wp.com\/www.tvturk.com\/wp-content\/uploads\/2019\/02\/grammy-odullerinde-siklik-yarisi-alay-konusu-oldu_d44e550.jpg?fit=237%2C300\" data-large-file=\"https:\/\/i0.wp.com\/www.tvturk.com\/wp-content\/uploads\/2019\/02\/grammy-odullerinde-siklik-yarisi-alay-konusu-oldu_d44e550.jpg?fit=789%2C1000\" src=\"https:\/\/i0.wp.com\/www.tvturk.com\/wp-content\/uploads\/2019\/02\/grammy-odullerinde-siklik-yarisi-alay-konusu-oldu_d44e550.jpg?w=182&#038;h=230\" srcset=\"https:\/\/i0.wp.com\/www.tvturk.com\/wp-content\/uploads\/2019\/02\/grammy-odullerinde-siklik-yarisi-alay-konusu-oldu_d44e550.jpg?w=789 789w, https:\/\/i0.wp.com\/www.tvturk.com\/wp-content\/uploads\/2019\/02\/grammy-odullerinde-siklik-yarisi-alay-konusu-oldu_d44e550.jpg?resize=118%2C150 118w, https:\/\/i0.wp.com\/www.tvturk.com\/wp-content\/uploads\/2019\/02\/grammy-odullerinde-siklik-yarisi-alay-konusu-oldu_d44e550.jpg?resize=237%2C300 237w, https:\/\/i0.wp.com\/www.tvturk.com\/wp-content\/uploads\/2019\/02\/grammy-odullerinde-siklik-yarisi-alay-konusu-oldu_d44e550.jpg?resize=768%2C973 768w\" width=\"182\" height=\"230\" loading=\"lazy\" data-original-width=\"182\" data-original-height=\"230\" itemprop=\"http:\/\/schema.org\/image\" title=\"Grammy \u00f6d\u00fcllerinde \u015f\u0131kl\u0131k yar\u0131\u015f\u0131 alay konusu oldu\" alt=\"Grammy \u00f6d\u00fcllerinde \u015f\u0131kl\u0131k yar\u0131\u015f\u0131 alay konusu oldu\" style=\"width: 182px; height: 230px;\" \/> <\/a> <\/div> <\/div> <!-- close group --> <div class=\"gallery-group images-1\" style=\"width: 157px; height: 234px;\" data-original-width=\"157\" data-original-height=\"234\" > <div class=\"tiled-gallery-item tiled-gallery-item-small\" itemprop=\"associatedMedia\" itemscope itemtype=\"http:\/\/schema.org\/ImageObject\"> <a href=\"http:\/\/www.tvturk.com\/index.php\/grammy-odullerinde-siklik-yarisi-alay-konusu-oldu\/grammy-odullerinde-siklik-yarisi-alay-konusu-oldu-5\/\" border=\"0\" itemprop=\"url\"> <meta itemprop=\"width\" content=\"153\"> <meta itemprop=\"height\" content=\"230\"> <img decoding=\"async\" class=\"\" data-attachment-id=\"24117\" data-orig-file=\"http:\/\/www.tvturk.com\/wp-content\/uploads\/2019\/02\/grammy-odullerinde-siklik-yarisi-alay-konusu-oldu_61af90c.jpg\" data-orig-size=\"666,1000\" data-comments-opened=\"\" data-image-meta=\"{&quot;aperture&quot;:&quot;0&quot;,&quot;credit&quot;:&quot;IHA&quot;,&quot;camera&quot;:&quot;&quot;,&quot;caption&quot;:&quot;ALTINLA MAKYAJ YAPARAK KIZILCA UZUN B\\u0130R ELB\\u0130SE G\\u0130YEN N\\u0130NA DOBREV \\u0130SE BE\\u011eEN\\u0130LER\\u0130 TOPLADI. (\\u0130HA\\\/LOS ANGELES-\\u0130HA)&quot;,&quot;created_timestamp&quot;:&quot;0&quot;,&quot;copyright&quot;:&quot;\\u0130HLAS HABER AJANSI, www.iha.com.tr&quot;,&quot;focal_length&quot;:&quot;0&quot;,&quot;iso&quot;:&quot;0&quot;,&quot;shutter_speed&quot;:&quot;0&quot;,&quot;title&quot;:&quot;GRAMMY \\u00d6D\\u00dcLLER\\u0130NDE \\u015eIKLIK YARI\\u015eI ALAY KONUSU OLDU&quot;,&quot;orientation&quot;:&quot;0&quot;}\" data-image-title=\"Grammy \u00f6d\u00fcllerinde \u015f\u0131kl\u0131k yar\u0131\u015f\u0131 alay konusu oldu\" data-image-description=\"&lt;p&gt;Grammy \u00f6d\u00fcllerinde \u015f\u0131kl\u0131k yar\u0131\u015f\u0131 alay konusu oldu&lt;\/p&gt; \" data-medium-file=\"https:\/\/i0.wp.com\/www.tvturk.com\/wp-content\/uploads\/2019\/02\/grammy-odullerinde-siklik-yarisi-alay-konusu-oldu_61af90c.jpg?fit=200%2C300\" data-large-file=\"https:\/\/i0.wp.com\/www.tvturk.com\/wp-content\/uploads\/2019\/02\/grammy-odullerinde-siklik-yarisi-alay-konusu-oldu_61af90c.jpg?fit=666%2C1000\" src=\"https:\/\/i0.wp.com\/www.tvturk.com\/wp-content\/uploads\/2019\/02\/grammy-odullerinde-siklik-yarisi-alay-konusu-oldu_61af90c.jpg?w=153&#038;h=230\" srcset=\"https:\/\/i0.wp.com\/www.tvturk.com\/wp-content\/uploads\/2019\/02\/grammy-odullerinde-siklik-yarisi-alay-konusu-oldu_61af90c.jpg?w=666 666w, https:\/\/i0.wp.com\/www.tvturk.com\/wp-content\/uploads\/2019\/02\/grammy-odullerinde-siklik-yarisi-alay-konusu-oldu_61af90c.jpg?resize=100%2C150 100w, https:\/\/i0.wp.com\/www.tvturk.com\/wp-content\/uploads\/2019\/02\/grammy-odullerinde-siklik-yarisi-alay-konusu-oldu_61af90c.jpg?resize=200%2C300 200w\" width=\"153\" height=\"230\" loading=\"lazy\" data-original-width=\"153\" data-original-height=\"230\" itemprop=\"http:\/\/schema.org\/image\" title=\"Grammy \u00f6d\u00fcllerinde \u015f\u0131kl\u0131k yar\u0131\u015f\u0131 alay konusu oldu\" alt=\"Grammy \u00f6d\u00fcllerinde \u015f\u0131kl\u0131k yar\u0131\u015f\u0131 alay konusu oldu\" style=\"width: 153px; height: 230px;\" \/> <\/a> <\/div> <\/div> <!-- close group --> <\/div> <!-- close row --> <div class=\"gallery-row\" style=\"width: 500px; height: 358px;\" data-original-width=\"500\" data-original-height=\"358\" > <div class=\"gallery-group images-1\" style=\"width: 260px; height: 358px;\" data-original-width=\"260\" data-original-height=\"358\" > <div class=\"tiled-gallery-item tiled-gallery-item-large\" itemprop=\"associatedMedia\" itemscope itemtype=\"http:\/\/schema.org\/ImageObject\"> <a href=\"http:\/\/www.tvturk.com\/index.php\/grammy-odullerinde-siklik-yarisi-alay-konusu-oldu\/grammy-odullerinde-siklik-yarisi-alay-konusu-oldu-6\/\" border=\"0\" itemprop=\"url\"> <meta itemprop=\"width\" content=\"256\"> <meta itemprop=\"height\" content=\"354\"> <img decoding=\"async\" class=\"\" data-attachment-id=\"24118\" data-orig-file=\"http:\/\/www.tvturk.com\/wp-content\/uploads\/2019\/02\/grammy-odullerinde-siklik-yarisi-alay-konusu-oldu_ea65a4e.jpg\" data-orig-size=\"725,1000\" data-comments-opened=\"\" data-image-meta=\"{&quot;aperture&quot;:&quot;0&quot;,&quot;credit&quot;:&quot;IHA&quot;,&quot;camera&quot;:&quot;&quot;,&quot;caption&quot;:&quot;GENELL\\u0130KLE \\u0130DD\\u0130ALI KIYAFETLER\\u0130YLE B\\u0130L\\u0130NEN JENN\\u0130FER LOPEZ\\u2019\\u0130N G\\u00d6Z ALICI VERSACE ELB\\u0130SES\\u0130N\\u0130N \\u00dcST\\u00dcNE G\\u0130YD\\u0130\\u011e\\u0130 DEV \\u015eAPKASI K\\u00d6T\\u00dc YORUM ALDI. (\\u0130HA\\\/LOS ANGELES-\\u0130HA)&quot;,&quot;created_timestamp&quot;:&quot;0&quot;,&quot;copyright&quot;:&quot;\\u0130HLAS HABER AJANSI, www.iha.com.tr&quot;,&quot;focal_length&quot;:&quot;0&quot;,&quot;iso&quot;:&quot;0&quot;,&quot;shutter_speed&quot;:&quot;0&quot;,&quot;title&quot;:&quot;GRAMMY \\u00d6D\\u00dcLLER\\u0130NDE \\u015eIKLIK YARI\\u015eI ALAY KONUSU OLDU&quot;,&quot;orientation&quot;:&quot;0&quot;}\" data-image-title=\"Grammy \u00f6d\u00fcllerinde \u015f\u0131kl\u0131k yar\u0131\u015f\u0131 alay konusu oldu\" data-image-description=\"&lt;p&gt;Grammy \u00f6d\u00fcllerinde \u015f\u0131kl\u0131k yar\u0131\u015f\u0131 alay konusu oldu&lt;\/p&gt; \" data-medium-file=\"https:\/\/i0.wp.com\/www.tvturk.com\/wp-content\/uploads\/2019\/02\/grammy-odullerinde-siklik-yarisi-alay-konusu-oldu_ea65a4e.jpg?fit=218%2C300\" data-large-file=\"https:\/\/i0.wp.com\/www.tvturk.com\/wp-content\/uploads\/2019\/02\/grammy-odullerinde-siklik-yarisi-alay-konusu-oldu_ea65a4e.jpg?fit=725%2C1000\" src=\"https:\/\/i0.wp.com\/www.tvturk.com\/wp-content\/uploads\/2019\/02\/grammy-odullerinde-siklik-yarisi-alay-konusu-oldu_ea65a4e.jpg?w=256&#038;h=354\" srcset=\"https:\/\/i0.wp.com\/www.tvturk.com\/wp-content\/uploads\/2019\/02\/grammy-odullerinde-siklik-yarisi-alay-konusu-oldu_ea65a4e.jpg?w=725 725w, https:\/\/i0.wp.com\/www.tvturk.com\/wp-content\/uploads\/2019\/02\/grammy-odullerinde-siklik-yarisi-alay-konusu-oldu_ea65a4e.jpg?resize=109%2C150 109w, https:\/\/i0.wp.com\/www.tvturk.com\/wp-content\/uploads\/2019\/02\/grammy-odullerinde-siklik-yarisi-alay-konusu-oldu_ea65a4e.jpg?resize=218%2C300 218w\" width=\"256\" height=\"354\" loading=\"lazy\" data-original-width=\"256\" data-original-height=\"354\" itemprop=\"http:\/\/schema.org\/image\" title=\"Grammy \u00f6d\u00fcllerinde \u015f\u0131kl\u0131k yar\u0131\u015f\u0131 alay konusu oldu\" alt=\"Grammy \u00f6d\u00fcllerinde \u015f\u0131kl\u0131k yar\u0131\u015f\u0131 alay konusu oldu\" style=\"width: 256px; height: 354px;\" \/> <\/a> <\/div> <\/div> <!-- close group --> <div class=\"gallery-group images-1\" style=\"width: 240px; height: 358px;\" data-original-width=\"240\" data-original-height=\"358\" > <div class=\"tiled-gallery-item tiled-gallery-item-small\" itemprop=\"associatedMedia\" itemscope itemtype=\"http:\/\/schema.org\/ImageObject\"> <a href=\"http:\/\/www.tvturk.com\/index.php\/grammy-odullerinde-siklik-yarisi-alay-konusu-oldu\/grammy-odullerinde-siklik-yarisi-alay-konusu-oldu-7\/\" border=\"0\" itemprop=\"url\"> <meta itemprop=\"width\" content=\"236\"> <meta itemprop=\"height\" content=\"354\"> <img decoding=\"async\" class=\"\" data-attachment-id=\"24119\" data-orig-file=\"http:\/\/www.tvturk.com\/wp-content\/uploads\/2019\/02\/grammy-odullerinde-siklik-yarisi-alay-konusu-oldu_ed9fc22.jpg\" data-orig-size=\"666,1000\" data-comments-opened=\"\" data-image-meta=\"{&quot;aperture&quot;:&quot;0&quot;,&quot;credit&quot;:&quot;IHA&quot;,&quot;camera&quot;:&quot;&quot;,&quot;caption&quot;:&quot;\\u00dcNL\\u00dc MODACILARIN KEND\\u0130S\\u0130NE KIYAFET HAZIRLAMAK \\u0130STEMED\\u0130KLER\\u0130NDEN YAKINAN BEBE REXHA \\u0130SE T\\u00d6RENE \\u015eEYMA EL-MANSUR\\u0130 \\u0130MZALI KIRMIZI ELB\\u0130SEYLE KATILDI. (\\u0130HA\\\/LOS ANGELES-\\u0130HA)&quot;,&quot;created_timestamp&quot;:&quot;0&quot;,&quot;copyright&quot;:&quot;\\u0130HLAS HABER AJANSI, www.iha.com.tr&quot;,&quot;focal_length&quot;:&quot;0&quot;,&quot;iso&quot;:&quot;0&quot;,&quot;shutter_speed&quot;:&quot;0&quot;,&quot;title&quot;:&quot;GRAMMY \\u00d6D\\u00dcLLER\\u0130NDE \\u015eIKLIK YARI\\u015eI ALAY KONUSU OLDU&quot;,&quot;orientation&quot;:&quot;0&quot;}\" data-image-title=\"Grammy \u00f6d\u00fcllerinde \u015f\u0131kl\u0131k yar\u0131\u015f\u0131 alay konusu oldu\" data-image-description=\"&lt;p&gt;Grammy \u00f6d\u00fcllerinde \u015f\u0131kl\u0131k yar\u0131\u015f\u0131 alay konusu oldu&lt;\/p&gt; \" data-medium-file=\"https:\/\/i0.wp.com\/www.tvturk.com\/wp-content\/uploads\/2019\/02\/grammy-odullerinde-siklik-yarisi-alay-konusu-oldu_ed9fc22.jpg?fit=200%2C300\" data-large-file=\"https:\/\/i0.wp.com\/www.tvturk.com\/wp-content\/uploads\/2019\/02\/grammy-odullerinde-siklik-yarisi-alay-konusu-oldu_ed9fc22.jpg?fit=666%2C1000\" src=\"https:\/\/i0.wp.com\/www.tvturk.com\/wp-content\/uploads\/2019\/02\/grammy-odullerinde-siklik-yarisi-alay-konusu-oldu_ed9fc22.jpg?w=236&#038;h=354\" srcset=\"https:\/\/i0.wp.com\/www.tvturk.com\/wp-content\/uploads\/2019\/02\/grammy-odullerinde-siklik-yarisi-alay-konusu-oldu_ed9fc22.jpg?w=666 666w, https:\/\/i0.wp.com\/www.tvturk.com\/wp-content\/uploads\/2019\/02\/grammy-odullerinde-siklik-yarisi-alay-konusu-oldu_ed9fc22.jpg?resize=100%2C150 100w, https:\/\/i0.wp.com\/www.tvturk.com\/wp-content\/uploads\/2019\/02\/grammy-odullerinde-siklik-yarisi-alay-konusu-oldu_ed9fc22.jpg?resize=200%2C300 200w\" width=\"236\" height=\"354\" loading=\"lazy\" data-original-width=\"236\" data-original-height=\"354\" itemprop=\"http:\/\/schema.org\/image\" title=\"Grammy \u00f6d\u00fcllerinde \u015f\u0131kl\u0131k yar\u0131\u015f\u0131 alay konusu oldu\" alt=\"Grammy \u00f6d\u00fcllerinde \u015f\u0131kl\u0131k yar\u0131\u015f\u0131 alay konusu oldu\" style=\"width: 236px; height: 354px;\" \/> <\/a> <\/div> <\/div> <!-- close group --> <\/div> <!-- close row --> <\/div><\/p>\n","protected":false},"excerpt":{"rendered":"<p>GENELL\u0130KLE \u0130DD\u0130ALI KIYAFETLER\u0130YLE B\u0130L\u0130NEN JENN\u0130FER LOPEZ\u2019\u0130N G\u00d6Z ALICI VERSACE ELB\u0130SES\u0130N\u0130N \u00dcST\u00dcNE G\u0130YD\u0130\u011e\u0130 DEV \u015eAPKASI K\u00d6T\u00dc YORUM ALDI.<\/p>\n","protected":false},"author":1,"featured_media":24114,"comment_status":"closed","ping_status":"open","sticky":false,"template":"","format":"standard","meta":{"jetpack_post_was_ever_published":false,"_jetpack_newsletter_access":"","_jetpack_dont_email_post_to_subs":false,"_jetpack_newsletter_tier_id":0,"_jetpack_memberships_contains_paywalled_content":false,"_jetpack_memberships_contains_paid_content":false,"footnotes":"","jetpack_publicize_message":"","jetpack_publicize_feature_enabled":true,"jetpack_social_post_already_shared":false,"jetpack_social_options":{"image_generator_settings":{"template":"highway","default_image_id":0,"font":"","enabled":false},"version":2}},"categories":[655],"tags":[10152,10150,4660,2051,77,10151,1729],"class_list":["post-24113","post","type-post","status-publish","format-standard","has-post-thumbnail","hentry","category-son-dakika","tag-alay","tag-grammy","tag-konusu","tag-odullerinde","tag-oldu","tag-siklik","tag-yarisi"],"jetpack_publicize_connections":[],"jetpack_featured_media_url":"https:\/\/i0.wp.com\/www.tvturk.com\/wp-content\/uploads\/2019\/02\/grammy-odullerinde-siklik-yarisi-alay-konusu-oldu_4f10e03.jpg?fit=1000%2C958","jetpack_sharing_enabled":true,"jetpack_shortlink":"https:\/\/wp.me\/paKIfm-6gV","_links":{"self":[{"href":"http:\/\/www.tvturk.com\/index.php\/wp-json\/wp\/v2\/posts\/24113","targetHints":{"allow":["GET"]}}],"collection":[{"href":"http:\/\/www.tvturk.com\/index.php\/wp-json\/wp\/v2\/posts"}],"about":[{"href":"http:\/\/www.tvturk.com\/index.php\/wp-json\/wp\/v2\/types\/post"}],"author":[{"embeddable":true,"href":"http:\/\/www.tvturk.com\/index.php\/wp-json\/wp\/v2\/users\/1"}],"replies":[{"embeddable":true,"href":"http:\/\/www.tvturk.com\/index.php\/wp-json\/wp\/v2\/comments?post=24113"}],"version-history":[{"count":1,"href":"http:\/\/www.tvturk.com\/index.php\/wp-json\/wp\/v2\/posts\/24113\/revisions"}],"predecessor-version":[{"id":24120,"href":"http:\/\/www.tvturk.com\/index.php\/wp-json\/wp\/v2\/posts\/24113\/revisions\/24120"}],"wp:featuredmedia":[{"embeddable":true,"href":"http:\/\/www.tvturk.com\/index.php\/wp-json\/wp\/v2\/media\/24114"}],"wp:attachment":[{"href":"http:\/\/www.tvturk.com\/index.php\/wp-json\/wp\/v2\/media?parent=24113"}],"wp:term":[{"taxonomy":"category","embeddable":true,"href":"http:\/\/www.tvturk.com\/index.php\/wp-json\/wp\/v2\/categories?post=24113"},{"taxonomy":"post_tag","embeddable":true,"href":"http:\/\/www.tvturk.com\/index.php\/wp-json\/wp\/v2\/tags?post=24113"}],"curies":[{"name":"wp","href":"https:\/\/api.w.org\/{rel}","templated":true}]}}