{"id":241136,"date":"2019-12-12T11:32:19","date_gmt":"2019-12-12T08:32:19","guid":{"rendered":"http:\/\/www.tvturk.com\/index.php\/tofas-iscisi-zam-icin-ayaklandi\/"},"modified":"2019-12-12T11:32:19","modified_gmt":"2019-12-12T08:32:19","slug":"tofas-iscisi-zam-icin-ayaklandi","status":"publish","type":"post","link":"http:\/\/www.tvturk.com\/index.php\/tofas-iscisi-zam-icin-ayaklandi\/","title":{"rendered":"TOFA\u015e i\u015f\u00e7isi zam i\u00e7in ayakland\u0131"},"content":{"rendered":"<p>Bursal\u0131 otomotiv devi TOFA\u015e\u2019ta 4 ayd\u0131r devam eden toplu i\u015f s\u00f6zle\u015fmesi g\u00f6r\u00fc\u015fmelerinden bir sonu\u00e7 \u00e7\u0131kmay\u0131nca i\u015f\u00e7iler fabrika bah\u00e7esinde y\u00fcr\u00fcy\u00fc\u015f d\u00fczenledi.<\/p>\n<p>T\u00fcrkiye Otomobil Fabrikalar\u0131 Ananonim \u015eirketinde (TOFA\u015e) 2019 y\u0131l\u0131 toplu i\u015f s\u00f6zle\u015fmesi g\u00f6r\u00fc\u015fmesindeki anla\u015fmazl\u0131k d\u00f6rd\u00fcnc\u00fc ay\u0131na girdi. En son May\u0131s 2015 tarihinde mavi yakal\u0131 personelin zam eylemleriyle T\u00fcrkiye\u2019nin yan\u0131 s\u0131ra yabanc\u0131 ajanslar\u0131n da g\u00fcnlerce ilk haberi olan TOFA\u015e\u2019ta yine i\u015f\u00e7i protestolar\u0131 ya\u015fanmaya ba\u015fland\u0131. Eyl\u00fcl ay\u0131nda ba\u015flayan toplu i\u015f g\u00f6r\u00fc\u015fmelerinde 4 ayd\u0131r bir netice al\u0131namad\u0131. T\u00fcrk Metal Sendikas\u0131 Genel Ba\u015fkan\u0131 Pevrul Kavrak\u2019\u0131n T\u00fcrk Metal Sanayicileri Sendikas\u0131 (MESS) ile y\u00fcr\u00fctt\u00fc\u011f\u00fc g\u00f6r\u00fc\u015fmeler 130 bin ki\u015fiyi ilgilendirirken, T\u00fcrk Metal Sendikas\u0131\u2019n\u0131n y\u00fczde 26.28\u2019lik zam talebine kar\u015f\u0131 MESS\u2019in y\u00fczde 6.05\u2019lik zam teklif etmesi TOFA\u015e \u00e7al\u0131\u015fanlar\u0131n\u0131n yeniden eylem yapmas\u0131na sebep oldu. D\u00fcn fabrika i\u00e7inde ba\u015flayan eylemlerle ilgili konu\u015fan i\u015f\u00e7iler, \u201cMay\u0131s 2015 y\u0131l\u0131nda TOFA\u015e i\u00e7inde ba\u015flatt\u0131\u011f\u0131m\u0131z zam eylemleri de b\u00f6yle ba\u015flam\u0131\u015f, sonras\u0131nda bir \u00e7\u0131\u011f gibi b\u00fcy\u00fcyen eylemlerimizi T\u00fcrkiye olmak \u00fczere t\u00fcm d\u00fcnya ajanslar\u0131 g\u00fcnlerce ilk haber olarak yay\u0131nlam\u0131\u015ft\u0131. Bizler \u00e7ok a\u011f\u0131r \u015fartlar alt\u0131nda \u00e7al\u0131\u015f\u0131yoruz. \u00c7al\u0131\u015f\u0131rken adeta zamanla yar\u0131\u015f\u0131yoruz. Fabrikam\u0131zdaki robotlar\u0131n ar\u0131zalar\u0131 amirlerimizce normal kar\u015f\u0131lan\u0131rken, bizler ayn\u0131 de\u011feri g\u00f6rm\u00fcyoruz. Hasta olup istirahat al\u0131rsak sicillerimize i\u015flenecek ve i\u015ften at\u0131lmam\u0131za vesile olacak diye vizite almaya dahi korkuyoruz. Fabrikam\u0131z a\u011f\u0131r sanayi olmas\u0131na kar\u015f\u0131n montaj sanayisi olarak ge\u00e7iyor. Bu da bizleri \u00fccret de dahil olmak \u00fczere bir\u00e7ok anlamda olumsuz etkiliyor. \u0130\u015fveren bu adaletsizli\u011fi g\u00f6rmezden geliyor. Hakk\u0131m\u0131z olmayan bir \u015feyi istemiyoruz. TOFA\u015e\u2019\u0131n gerek ulusal ajanslarda, gerekse d\u00fcnya ajanslar\u0131nda \u2018mutsuz \u00e7al\u0131\u015fanlar\u2019 diye bir kez daha sunulmas\u0131na raz\u0131 de\u011filiz. Bizler i\u015fimizi seviyoruz. \u0130\u015fverenin de bizleri sevip sahip \u00e7\u0131kmas\u0131n\u0131 bekliyoruz\u201d dediler.<\/p>\n<p>T\u00fcrk Metal Sendikas\u0131 Genel Ba\u015fkan\u0131 Pevrul Kavlak, 186 i\u015f yerindeki yakla\u015f\u0131k 130 bin \u00e7al\u0131\u015fan\u0131 ilgilendiren toplu i\u015f s\u00f6zle\u015fmesi ile ilgili, &#8220;\u00dcyelerimizin beklentisini kar\u015f\u0131layan, \u2019Allah sendikam\u0131zdan raz\u0131 olsun\u2019 diyebilece\u011fi bir s\u00f6zle\u015fme imzalayaca\u011f\u0131z&#8221; demi\u015fti. G\u00f6r\u00fc\u015fmelerden 4 ayd\u0131r olumlu bir sonu\u00e7 al\u0131namad\u0131.<\/p>\n","protected":false},"excerpt":{"rendered":"<p>BURSA&#8217;LI OTOMOT\u0130V DEV\u0130 TOFA\u015e&#8217;TA 4 AYDIR DEVAM EDEN TOPLU \u0130\u015e S\u00d6ZLE\u015eMES\u0130 G\u00d6R\u00dc\u015eMELER\u0130NDEN B\u0130R SONU\u00c7 \u00c7IKMAYINCA \u0130\u015e\u00c7\u0130LER SAHAYA \u0130ND\u0130. FABR\u0130KA BAH\u00c7ES\u0130NDE TOPLANAN TOFA\u015e \u0130\u015e\u00c7\u0130LER\u0130 Y\u00dcR\u00dcY\u00dc\u015e D\u00dcZENLEY\u0130P SONU\u00c7LANMAYAN G\u00d6R\u00dc\u015eMELER\u0130 PROTESTO ETT\u0130<\/p>\n","protected":false},"author":1,"featured_media":241139,"comment_status":"closed","ping_status":"open","sticky":false,"template":"","format":"standard","meta":{"jetpack_post_was_ever_published":false,"_jetpack_newsletter_access":"","_jetpack_dont_email_post_to_subs":false,"_jetpack_newsletter_tier_id":0,"_jetpack_memberships_contains_paywalled_content":false,"_jetpack_memberships_contains_paid_content":false,"footnotes":"","jetpack_publicize_message":"","jetpack_publicize_feature_enabled":true,"jetpack_social_post_already_shared":true,"jetpack_social_options":{"image_generator_settings":{"template":"highway","default_image_id":0,"font":"","enabled":false},"version":2}},"categories":[1],"tags":[29405,44,2330,12990,4652],"class_list":["post-241136","post","type-post","status-publish","format-standard","has-post-thumbnail","hentry","category-genel","tag-ayaklandi","tag-icin","tag-iscisi","tag-tofas","tag-zam"],"jetpack_publicize_connections":[],"jetpack_featured_media_url":"https:\/\/i0.wp.com\/www.tvturk.com\/wp-content\/uploads\/2019\/12\/tofas-iscisi-zam-icin-ayaklandi_91a404d.jpg?fit=1000%2C750","jetpack_sharing_enabled":true,"jetpack_shortlink":"https:\/\/wp.me\/paKIfm-10Ji","_links":{"self":[{"href":"http:\/\/www.tvturk.com\/index.php\/wp-json\/wp\/v2\/posts\/241136","targetHints":{"allow":["GET"]}}],"collection":[{"href":"http:\/\/www.tvturk.com\/index.php\/wp-json\/wp\/v2\/posts"}],"about":[{"href":"http:\/\/www.tvturk.com\/index.php\/wp-json\/wp\/v2\/types\/post"}],"author":[{"embeddable":true,"href":"http:\/\/www.tvturk.com\/index.php\/wp-json\/wp\/v2\/users\/1"}],"replies":[{"embeddable":true,"href":"http:\/\/www.tvturk.com\/index.php\/wp-json\/wp\/v2\/comments?post=241136"}],"version-history":[{"count":0,"href":"http:\/\/www.tvturk.com\/index.php\/wp-json\/wp\/v2\/posts\/241136\/revisions"}],"wp:featuredmedia":[{"embeddable":true,"href":"http:\/\/www.tvturk.com\/index.php\/wp-json\/wp\/v2\/media\/241139"}],"wp:attachment":[{"href":"http:\/\/www.tvturk.com\/index.php\/wp-json\/wp\/v2\/media?parent=241136"}],"wp:term":[{"taxonomy":"category","embeddable":true,"href":"http:\/\/www.tvturk.com\/index.php\/wp-json\/wp\/v2\/categories?post=241136"},{"taxonomy":"post_tag","embeddable":true,"href":"http:\/\/www.tvturk.com\/index.php\/wp-json\/wp\/v2\/tags?post=241136"}],"curies":[{"name":"wp","href":"https:\/\/api.w.org\/{rel}","templated":true}]}}