{"id":241146,"date":"2019-12-12T11:32:33","date_gmt":"2019-12-12T08:32:33","guid":{"rendered":"http:\/\/www.tvturk.com\/index.php\/depremde-sakinligi-ile-dikkat-ceken-vatandas-benim-yukum-zaten-agir\/"},"modified":"2019-12-12T11:32:33","modified_gmt":"2019-12-12T08:32:33","slug":"depremde-sakinligi-ile-dikkat-ceken-vatandas-benim-yukum-zaten-agir","status":"publish","type":"post","link":"http:\/\/www.tvturk.com\/index.php\/depremde-sakinligi-ile-dikkat-ceken-vatandas-benim-yukum-zaten-agir\/","title":{"rendered":"Depremde sakinli\u011fi ile dikkat \u00e7eken vatanda\u015f: &#8220;Benim y\u00fck\u00fcm zaten a\u011f\u0131r&#8221;"},"content":{"rendered":"<p>Bal\u0131kesir\u2019de \u00f6nceki g\u00fcn pe\u015f pe\u015fe meydana gelen depremlerde so\u011fukkanl\u0131l\u0131\u011f\u0131n\u0131 koruyan \u00e7ay oca\u011f\u0131 \u00e7al\u0131\u015fan\u0131 Mustafa Cavit \u015eener, &#8220;Ufak tefek sars\u0131nt\u0131lar bizi etkilemez. Bizim zaten y\u00fck\u00fcm\u00fcz de a\u011f\u0131r&#8221; dedi.<\/p>\n<p>Bal\u0131kesir\u2019de meydana gelen depremde bir kahvehanenin g\u00fcvenlik kameras\u0131na ya\u015fanan ko\u015fu\u015fturma ve panik anlar\u0131 yans\u0131tm\u0131\u015ft\u0131. Herkesin korkuyla kendini d\u0131\u015far\u0131 att\u0131\u011f\u0131 anda kahvede ocak\u00e7\u0131 olarak \u00e7al\u0131\u015fan 38 ya\u015f\u0131ndaki Mustafa Cavit \u015eener\u2019in so\u011fukkanl\u0131 duru\u015fu ise dikkat \u00e7ekmi\u015fti. Deprem s\u0131ras\u0131nda ya\u015fananlar\u0131 anlatan \u015eener, &#8220;Ak\u015fam saatlerinde deprem oldu, herkes ka\u00e7t\u0131 ama ben ka\u00e7mad\u0131m. Ufak tefek sars\u0131nt\u0131lar bizi etkilemez. Bizim zaten y\u00fck\u00fcm\u00fcz de a\u011f\u0131r. Kap\u0131ya y\u00fcklenmedim. Y\u00fcklenseydin iki \u00fc\u00e7 ki\u015fiyi daha g\u00f6t\u00fcr\u00fcrd\u00fcn d\u0131\u015far\u0131 dediler bana. Akl\u0131ma geldi, camlar k\u0131r\u0131l\u0131r diyerek ka\u00e7ma gereksinimi duymad\u0131m. Allah\u2019a \u015f\u00fck\u00fcr can ve mal kayb\u0131m\u0131z yok. Herkes iyi. \u00c7ay\u0131m\u0131z\u0131 demlemeye devam ediyoruz&#8221; dedi.<\/p>\n<p>Deprem an\u0131nda masan\u0131n alt\u0131na giren kahve i\u015fletmecisi Sami Atar ise, \u201cDeprem an\u0131nda masada arkada\u015flarla oturmu\u015f oyun oynuyorduk. Panikle kalkt\u0131k, kap\u0131ya do\u011fru y\u00f6neldi\u011fimde y\u0131\u011f\u0131lma olu\u015ftu. Zaman\u0131nda bize \u00f6\u011frettikleri gibi en yak\u0131n masan\u0131n alt\u0131na girmek akl\u0131ma geldi. Masan\u0131n alt\u0131na girmeye \u00e7al\u0131\u015ft\u0131m. O s\u0131rada kap\u0131n\u0131n \u00f6n\u00fcnde izdiham oldu. Herkes birbirini ezdi, hatta yanl\u0131\u015fl\u0131kla arkada\u015f\u0131n biri cama vurdu kendisini. Deprem konusunda, tatbikat konusunda eksiklerimiz oldu\u011funu d\u00fc\u015f\u00fcn\u00fcyorum. Kendimce do\u011fru olan\u0131 yapt\u0131m. O an akl\u0131ma bu geldi\u201d diye konu\u015ftu.<\/p>\n","protected":false},"excerpt":{"rendered":"<p>BALIKES\u0130R&#8217;DE \u00d6NCEK\u0130 G\u00dcN PE\u015e PE\u015eE MEYDANA GELEN DEPREMLERDE SO\u011eUK KANLILI\u011eINI KORUYAN \u00c7AY OCA\u011eI \u00c7ALI\u015eANI YA\u015eADI\u011eI O ANLARI ANLATTI. &#8220;BEN\u0130M Y\u00dcK\u00dcM A\u011eIR&#8221; D\u0130YEN MUSTAFA CAV\u0130T \u015eENER, O PAN\u0130KLE KAPIYA Y\u00dcKLENMES\u0130 DURUMUNDA CAMI \u00c7ER\u00c7EVEY\u0130 KIRAB\u0130LECE\u011e\u0130N\u0130 D\u00dc\u015e\u00dcND\u00dc\u011e\u00dcN\u00dc O NEDENLE SAB\u0130T KALDI\u011eINI S\u00d6YLED\u0130.<\/p>\n","protected":false},"author":1,"featured_media":241147,"comment_status":"closed","ping_status":"open","sticky":false,"template":"","format":"standard","meta":{"jetpack_post_was_ever_published":false,"_jetpack_newsletter_access":"","_jetpack_dont_email_post_to_subs":false,"_jetpack_newsletter_tier_id":0,"_jetpack_memberships_contains_paywalled_content":false,"_jetpack_memberships_contains_paid_content":false,"footnotes":"","jetpack_publicize_message":"","jetpack_publicize_feature_enabled":true,"jetpack_social_post_already_shared":true,"jetpack_social_options":{"image_generator_settings":{"template":"highway","default_image_id":0,"font":"","enabled":false},"version":2}},"categories":[1],"tags":[1001,13964,4597,17213,1440,192,60226,1626,60227,17507],"class_list":["post-241146","post","type-post","status-publish","format-standard","has-post-thumbnail","hentry","category-genel","tag-agir","tag-benim","tag-ceken","tag-depremde","tag-dikkat","tag-ile","tag-sakinligi","tag-vatandas","tag-yukum","tag-zaten"],"jetpack_publicize_connections":[],"jetpack_featured_media_url":"https:\/\/i0.wp.com\/www.tvturk.com\/wp-content\/uploads\/2019\/12\/depremde-sakinligi-ile-dikkat-ceken-vatandas-benim-yukum-zaten-agir_728d9d4.jpg?fit=1000%2C506","jetpack_sharing_enabled":true,"jetpack_shortlink":"https:\/\/wp.me\/paKIfm-10Js","_links":{"self":[{"href":"http:\/\/www.tvturk.com\/index.php\/wp-json\/wp\/v2\/posts\/241146","targetHints":{"allow":["GET"]}}],"collection":[{"href":"http:\/\/www.tvturk.com\/index.php\/wp-json\/wp\/v2\/posts"}],"about":[{"href":"http:\/\/www.tvturk.com\/index.php\/wp-json\/wp\/v2\/types\/post"}],"author":[{"embeddable":true,"href":"http:\/\/www.tvturk.com\/index.php\/wp-json\/wp\/v2\/users\/1"}],"replies":[{"embeddable":true,"href":"http:\/\/www.tvturk.com\/index.php\/wp-json\/wp\/v2\/comments?post=241146"}],"version-history":[{"count":0,"href":"http:\/\/www.tvturk.com\/index.php\/wp-json\/wp\/v2\/posts\/241146\/revisions"}],"wp:featuredmedia":[{"embeddable":true,"href":"http:\/\/www.tvturk.com\/index.php\/wp-json\/wp\/v2\/media\/241147"}],"wp:attachment":[{"href":"http:\/\/www.tvturk.com\/index.php\/wp-json\/wp\/v2\/media?parent=241146"}],"wp:term":[{"taxonomy":"category","embeddable":true,"href":"http:\/\/www.tvturk.com\/index.php\/wp-json\/wp\/v2\/categories?post=241146"},{"taxonomy":"post_tag","embeddable":true,"href":"http:\/\/www.tvturk.com\/index.php\/wp-json\/wp\/v2\/tags?post=241146"}],"curies":[{"name":"wp","href":"https:\/\/api.w.org\/{rel}","templated":true}]}}