{"id":241429,"date":"2019-12-12T17:01:43","date_gmt":"2019-12-12T14:01:43","guid":{"rendered":"http:\/\/www.tvturk.com\/index.php\/bakan-cavusoglu-liderlerle-aile-fotografi-cektirdi\/"},"modified":"2019-12-12T17:01:43","modified_gmt":"2019-12-12T14:01:43","slug":"bakan-cavusoglu-liderlerle-aile-fotografi-cektirdi","status":"publish","type":"post","link":"http:\/\/www.tvturk.com\/index.php\/bakan-cavusoglu-liderlerle-aile-fotografi-cektirdi\/","title":{"rendered":"Bakan \u00c7avu\u015fo\u011flu liderlerle aile foto\u011fraf\u0131 \u00e7ektirdi"},"content":{"rendered":"<p>\u0130slam \u0130\u015fbirli\u011fi Te\u015fkilat\u0131n\u0131n 50. kurulu\u015f y\u0131l d\u00f6n\u00fcm\u00fc nedeniyle Fas\u2019ta bulunan D\u0131\u015fi\u015fleri Bakan\u0131 Mevl\u00fct \u00c7avu\u015fo\u011flu, liderlerle aile foto\u011fraf\u0131 \u00e7ektirdi.<\/p>\n<p>\u0130slam \u0130\u015fbirli\u011fi Te\u015fkilat\u0131n\u0131n (\u0130\u0130T) 50. kurulu\u015f y\u0131l d\u00f6n\u00fcm\u00fc nedeniyle d\u00fczenlenen etkinli\u011fe kat\u0131lmak i\u00e7in Fas\u2019\u0131n ba\u015fkenti Rabat\u2019ta bulunan D\u0131\u015fi\u015fleri Bakan\u0131 Mevl\u00fct \u00c7avu\u015fo\u011flu, liderlerle aile foto\u011fraf\u0131 \u00e7ektirdi. \u00c7avu\u015fo\u011flu\u2019nun yan\u0131nda \u0130\u0130T Genel Sekreteri Youssef Al-Othaimeen yer ald\u0131.<\/p>\n<p>Bakan \u00c7avu\u015fo\u011flu sosyal medya hesab\u0131ndan yapt\u0131\u011f\u0131 a\u00e7\u0131klamada, &#8220;57 \u00fcye \u00fclkeyle 1.8 milyar M\u00fcsl\u00fcman\u0131 temsil eden \u0130slam \u0130\u015fbirli\u011fi Te\u015fkilat\u0131n\u0131n daha etkin olmas\u0131 i\u00e7in birlikte hareket etmeliyiz. \u0130srail i\u015fgali kar\u015f\u0131s\u0131nda Filistin i\u00e7in tek umut, \u00fcmmetin birli\u011fidir&#8221; ifadelerini kulland\u0131.<\/p>\n","protected":false},"excerpt":{"rendered":"<p>\u0130SLAM \u0130\u015eB\u0130RL\u0130\u011e\u0130 TE\u015eK\u0130LATININ (\u0130TT) 50. KURULU\u015e YIL D\u00d6N\u00dcM\u00dc NEDEN\u0130YLE FAS&#8217;TA BULUNAN DI\u015e\u0130\u015eLER\u0130 BAKANI MEVL\u00dcT \u00c7AVU\u015eO\u011eLU, L\u0130DERLERLE A\u0130LE FOTO\u011eRAFI \u00c7EKT\u0130RD\u0130.<\/p>\n","protected":false},"author":1,"featured_media":241430,"comment_status":"closed","ping_status":"open","sticky":false,"template":"","format":"standard","meta":{"jetpack_post_was_ever_published":false,"_jetpack_newsletter_access":"","_jetpack_dont_email_post_to_subs":false,"_jetpack_newsletter_tier_id":0,"_jetpack_memberships_contains_paywalled_content":false,"_jetpack_memberships_contains_paid_content":false,"footnotes":"","jetpack_publicize_message":"","jetpack_publicize_feature_enabled":true,"jetpack_social_post_already_shared":true,"jetpack_social_options":{"image_generator_settings":{"template":"highway","default_image_id":0,"font":"","enabled":false},"version":2}},"categories":[10],"tags":[3014,742,1499,17484,6912,22139],"class_list":["post-241429","post","type-post","status-publish","format-standard","has-post-thumbnail","hentry","category-dunya","tag-aile","tag-bakan","tag-cavusoglu","tag-cektirdi","tag-fotografi","tag-liderlerle"],"jetpack_publicize_connections":[],"jetpack_featured_media_url":"https:\/\/i0.wp.com\/www.tvturk.com\/wp-content\/uploads\/2019\/12\/bakan-cavusoglu-liderlerle-aile-fotografi-cektirdi_265625d.jpg?fit=1000%2C653","jetpack_sharing_enabled":true,"jetpack_shortlink":"https:\/\/wp.me\/paKIfm-10O1","_links":{"self":[{"href":"http:\/\/www.tvturk.com\/index.php\/wp-json\/wp\/v2\/posts\/241429","targetHints":{"allow":["GET"]}}],"collection":[{"href":"http:\/\/www.tvturk.com\/index.php\/wp-json\/wp\/v2\/posts"}],"about":[{"href":"http:\/\/www.tvturk.com\/index.php\/wp-json\/wp\/v2\/types\/post"}],"author":[{"embeddable":true,"href":"http:\/\/www.tvturk.com\/index.php\/wp-json\/wp\/v2\/users\/1"}],"replies":[{"embeddable":true,"href":"http:\/\/www.tvturk.com\/index.php\/wp-json\/wp\/v2\/comments?post=241429"}],"version-history":[{"count":0,"href":"http:\/\/www.tvturk.com\/index.php\/wp-json\/wp\/v2\/posts\/241429\/revisions"}],"wp:featuredmedia":[{"embeddable":true,"href":"http:\/\/www.tvturk.com\/index.php\/wp-json\/wp\/v2\/media\/241430"}],"wp:attachment":[{"href":"http:\/\/www.tvturk.com\/index.php\/wp-json\/wp\/v2\/media?parent=241429"}],"wp:term":[{"taxonomy":"category","embeddable":true,"href":"http:\/\/www.tvturk.com\/index.php\/wp-json\/wp\/v2\/categories?post=241429"},{"taxonomy":"post_tag","embeddable":true,"href":"http:\/\/www.tvturk.com\/index.php\/wp-json\/wp\/v2\/tags?post=241429"}],"curies":[{"name":"wp","href":"https:\/\/api.w.org\/{rel}","templated":true}]}}