{"id":24144,"date":"2019-02-12T11:11:19","date_gmt":"2019-02-12T08:11:19","guid":{"rendered":"http:\/\/www.tvturk.com\/index.php\/kultur-ve-turizm-eski-bakani-koc-zafer-cumhur-ittifakinin-olacaktir\/"},"modified":"2019-02-12T11:11:22","modified_gmt":"2019-02-12T08:11:22","slug":"kultur-ve-turizm-eski-bakani-koc-zafer-cumhur-ittifakinin-olacaktir","status":"publish","type":"post","link":"http:\/\/www.tvturk.com\/index.php\/kultur-ve-turizm-eski-bakani-koc-zafer-cumhur-ittifakinin-olacaktir\/","title":{"rendered":"K\u00fclt\u00fcr ve Turizm eski Bakan\u0131 Ko\u00e7; \u201cZafer Cumhur \u0130ttifak\u0131n\u0131n olacakt\u0131r\u201d"},"content":{"rendered":"<p>59. H\u00fck\u00fcmetin K\u00fclt\u00fcr ve Turizm Bakan\u0131, 22. ve 23. D\u00f6nem AK Parti Ayd\u0131n Milletvekili Atilla Ko\u00e7, \u0130ncirliova\u2019da d\u00fczenlenen isti\u015fare toplant\u0131s\u0131na kat\u0131ld\u0131.<\/p>\n<p>31 Mart\u2019ta yap\u0131lacak olan Mahalli \u0130dareler Genel Se\u00e7imlerinin b\u00fcy\u00fck bir \u00f6neme sahip oldu\u011funu ifade eden Bakan Ko\u00e7; \u201cBu sadece bir yerel se\u00e7imden ibaret de\u011fildir. Son d\u00f6nemlerde \u00fclkemizde ya\u015fan\u0131lan olaylara ve geli\u015fmeleri iyi analiz edersek bu se\u00e7imlerin bir beka meselesi oldu\u011funu rahatl\u0131kla g\u00f6rebiliriz. Bu nedenle sadece Ayd\u0131n ya da \u0130ncirliova\u2019da de\u011fil, T\u00fcrkiye\u2019nin tamam\u0131nda Cumhur \u0130ttifak\u0131 adaylar\u0131n\u0131n kazanmas\u0131 gerekmektedir. Bug\u00fcne kadar y\u00fczde 65\u2019lik bir sa\u011f se\u00e7menin oldu\u011fu Ayd\u0131n\u2019da y\u00fczde 25\u2019lik bir sol kesim se\u00e7imlerden galip ayr\u0131l\u0131yordu. Ama, bundan sonra \u00f6yle olmayacak. Ayd\u0131n ba\u015fta olmak \u00fczere T\u00fcrkiye genelinde sa\u011f se\u00e7men Cumhur \u0130ttifak\u0131 \u00e7er\u00e7evesinde birle\u015fiyor. \u0130n\u015fallah 31 Mart\u2019ta Ayd\u0131n B\u00fcy\u00fck\u015fehir Belediyesi ba\u015fta olmak \u00fczere 17 il\u00e7emizde de Cumhur \u0130ttifak\u0131 zaferle ayr\u0131lacakt\u0131r. Bunun i\u00e7in de \u00e7ok \u00e7al\u0131\u015faca\u011f\u0131z\u201d dedi.<\/p>\n<p>Bakan Atilla Ko\u00e7\u2019un yapm\u0131\u015f oldu\u011fu ziyaretten dolay\u0131 onur duydu\u011funu ifade eden \u0130ncirliova Belediye Ba\u015fkan\u0131 G\u00fcr\u015fat Kale; \u201cCumhur \u0130ttifak\u0131n\u0131n Ayd\u0131n\u2019da zaferle ayr\u0131lmas\u0131 i\u00e7in s\u0131kmad\u0131k el, \u00e7almad\u0131k kap\u0131 b\u0131rakmayaca\u011f\u0131z. Ayr\u0131ca, Bakan\u0131m\u0131z Atilla Ko\u00e7\u2019un engin tecr\u00fcbelerinden de faydalanaca\u011f\u0131z. 31 Mart\u2019a kadar canla, ba\u015fla; birlik ve beraberlik i\u00e7erisinde \u00e7al\u0131\u015farak Ayd\u0131n B\u00fcy\u00fck\u015fehir Belediye Ba\u015fkanl\u0131\u011f\u0131 ile 17 il\u00e7emizde zaferle ayr\u0131laca\u011f\u0131z\u201d dedi.<\/p>\n<p>Cumhuriyet Mahallesi Hilal Park Sosyal Tesislerinde d\u00fczenlenen \u0130sti\u015fare toplant\u0131s\u0131na Eski Bakan Atilla Ko\u00e7, Belediye Ba\u015fkan\u0131 G\u00fcr\u015fat Kale, MHP \u0130l\u00e7e Ba\u015fkan\u0131 H\u00fcseyin Sa\u011flam ve Y\u00f6netimi, AK Parti Ba\u015fkan Vekili Metin Korucu ve Y\u00f6netimi,  MHP Kad\u0131n Kollar\u0131 Ba\u015fkan\u0131 Nursevin Ertun\u00e7, AK Parti Kad\u0131n Kollar\u0131 Ba\u015fkan\u0131 Emine Kale ile \u00e7ok say\u0131da vatanda\u015f kat\u0131ld\u0131.<div class=\"tiled-gallery type-rectangular tiled-gallery-unresized\" data-original-width=\"500\" data-carousel-extra='null' itemscope itemtype=\"http:\/\/schema.org\/ImageGallery\" > <div class=\"gallery-row\" style=\"width: 500px; height: 149px;\" data-original-width=\"500\" data-original-height=\"149\" > <div class=\"gallery-group images-1\" style=\"width: 278px; height: 149px;\" data-original-width=\"278\" data-original-height=\"149\" > <div class=\"tiled-gallery-item tiled-gallery-item-large\" itemprop=\"associatedMedia\" itemscope itemtype=\"http:\/\/schema.org\/ImageObject\"> <a href=\"http:\/\/www.tvturk.com\/index.php\/kultur-ve-turizm-eski-bakani-koc-zafer-cumhur-ittifakinin-olacaktir\/kultur-ve-turizm-eski-bakani-koc-zafer-cumhur-ittifakinin-olacaktir-3\/\" border=\"0\" itemprop=\"url\"> <meta itemprop=\"width\" content=\"274\"> <meta itemprop=\"height\" content=\"145\"> <img decoding=\"async\" class=\"\" data-attachment-id=\"24146\" data-orig-file=\"http:\/\/www.tvturk.com\/wp-content\/uploads\/2019\/02\/kultur-ve-turizm-eski-bakani-koc-zafer-cumhur-ittifakinin-olacaktir_4e3b050.jpg\" data-orig-size=\"1000,531\" data-comments-opened=\"\" data-image-meta=\"{&quot;aperture&quot;:&quot;0&quot;,&quot;credit&quot;:&quot;IHA&quot;,&quot;camera&quot;:&quot;&quot;,&quot;caption&quot;:&quot;59. H\\u00dcK\\u00dcMET\\u0130N K\\u00dcLT\\u00dcR VE TUR\\u0130ZM BAKANI, 22. VE 23. D\\u00d6NEM AK PART\\u0130 AYDIN M\\u0130LLETVEK\\u0130L\\u0130 AT\\u0130LLA KO\\u00c7, \\u0130NC\\u0130RL\\u0130OVA\\u2019DA D\\u00dcZENLENEN \\u0130ST\\u0130\\u015eARE TOPLANTISINA KATILDI. (MEHMET BARLAS\\\/AYDIN-\\u0130HA)&quot;,&quot;created_timestamp&quot;:&quot;0&quot;,&quot;copyright&quot;:&quot;\\u0130HLAS HABER AJANSI, www.iha.com.tr&quot;,&quot;focal_length&quot;:&quot;0&quot;,&quot;iso&quot;:&quot;0&quot;,&quot;shutter_speed&quot;:&quot;0&quot;,&quot;title&quot;:&quot;K\\u00dcLT\\u00dcR VE TUR\\u0130ZM ESK\\u0130 BAKANI KO\\u00c7; \\u201cZAFER CUMHUR \\u0130TT\\u0130FAKININ OLACAKTIR\\u201d&quot;,&quot;orientation&quot;:&quot;0&quot;}\" data-image-title=\"K\u00fclt\u00fcr ve Turizm eski Bakan\u0131 Ko\u00e7; \u201cZafer Cumhur \u0130ttifak\u0131n\u0131n olacakt\u0131r\u201d\" data-image-description=\"&lt;p&gt;K\u00fclt\u00fcr ve Turizm eski Bakan\u0131 Ko\u00e7; \u201cZafer Cumhur \u0130ttifak\u0131n\u0131n olacakt\u0131r\u201d&lt;\/p&gt; \" data-medium-file=\"https:\/\/i0.wp.com\/www.tvturk.com\/wp-content\/uploads\/2019\/02\/kultur-ve-turizm-eski-bakani-koc-zafer-cumhur-ittifakinin-olacaktir_4e3b050.jpg?fit=300%2C159\" data-large-file=\"https:\/\/i0.wp.com\/www.tvturk.com\/wp-content\/uploads\/2019\/02\/kultur-ve-turizm-eski-bakani-koc-zafer-cumhur-ittifakinin-olacaktir_4e3b050.jpg?fit=1000%2C531\" src=\"https:\/\/i0.wp.com\/www.tvturk.com\/wp-content\/uploads\/2019\/02\/kultur-ve-turizm-eski-bakani-koc-zafer-cumhur-ittifakinin-olacaktir_4e3b050.jpg?w=274&#038;h=145\" srcset=\"https:\/\/i0.wp.com\/www.tvturk.com\/wp-content\/uploads\/2019\/02\/kultur-ve-turizm-eski-bakani-koc-zafer-cumhur-ittifakinin-olacaktir_4e3b050.jpg?w=1000 1000w, https:\/\/i0.wp.com\/www.tvturk.com\/wp-content\/uploads\/2019\/02\/kultur-ve-turizm-eski-bakani-koc-zafer-cumhur-ittifakinin-olacaktir_4e3b050.jpg?resize=150%2C80 150w, https:\/\/i0.wp.com\/www.tvturk.com\/wp-content\/uploads\/2019\/02\/kultur-ve-turizm-eski-bakani-koc-zafer-cumhur-ittifakinin-olacaktir_4e3b050.jpg?resize=300%2C159 300w, https:\/\/i0.wp.com\/www.tvturk.com\/wp-content\/uploads\/2019\/02\/kultur-ve-turizm-eski-bakani-koc-zafer-cumhur-ittifakinin-olacaktir_4e3b050.jpg?resize=768%2C408 768w\" width=\"274\" height=\"145\" loading=\"lazy\" data-original-width=\"274\" data-original-height=\"145\" itemprop=\"http:\/\/schema.org\/image\" title=\"K\u00fclt\u00fcr ve Turizm eski Bakan\u0131 Ko\u00e7; \u201cZafer Cumhur \u0130ttifak\u0131n\u0131n olacakt\u0131r\u201d\" alt=\"K\u00fclt\u00fcr ve Turizm eski Bakan\u0131 Ko\u00e7; \u201cZafer Cumhur \u0130ttifak\u0131n\u0131n olacakt\u0131r\u201d\" style=\"width: 274px; height: 145px;\" \/> <\/a> <\/div> <\/div> <!-- close group --> <div class=\"gallery-group images-1\" style=\"width: 222px; height: 149px;\" data-original-width=\"222\" data-original-height=\"149\" > <div class=\"tiled-gallery-item tiled-gallery-item-small\" itemprop=\"associatedMedia\" itemscope itemtype=\"http:\/\/schema.org\/ImageObject\"> <a href=\"http:\/\/www.tvturk.com\/index.php\/kultur-ve-turizm-eski-bakani-koc-zafer-cumhur-ittifakinin-olacaktir\/kultur-ve-turizm-eski-bakani-koc-zafer-cumhur-ittifakinin-olacaktir-4\/\" border=\"0\" itemprop=\"url\"> <meta itemprop=\"width\" content=\"218\"> <meta itemprop=\"height\" content=\"145\"> <img decoding=\"async\" class=\"\" data-attachment-id=\"24147\" data-orig-file=\"http:\/\/www.tvturk.com\/wp-content\/uploads\/2019\/02\/kultur-ve-turizm-eski-bakani-koc-zafer-cumhur-ittifakinin-olacaktir_c28c52d.jpg\" data-orig-size=\"1000,667\" data-comments-opened=\"\" data-image-meta=\"{&quot;aperture&quot;:&quot;0&quot;,&quot;credit&quot;:&quot;IHA&quot;,&quot;camera&quot;:&quot;&quot;,&quot;caption&quot;:&quot;59. H\\u00dcK\\u00dcMET\\u0130N K\\u00dcLT\\u00dcR VE TUR\\u0130ZM BAKANI, 22. VE 23. D\\u00d6NEM AK PART\\u0130 AYDIN M\\u0130LLETVEK\\u0130L\\u0130 AT\\u0130LLA KO\\u00c7, \\u0130NC\\u0130RL\\u0130OVA\\u2019DA D\\u00dcZENLENEN \\u0130ST\\u0130\\u015eARE TOPLANTISINA KATILDI. (MEHMET BARLAS\\\/AYDIN-\\u0130HA)&quot;,&quot;created_timestamp&quot;:&quot;0&quot;,&quot;copyright&quot;:&quot;\\u0130HLAS HABER AJANSI, www.iha.com.tr&quot;,&quot;focal_length&quot;:&quot;0&quot;,&quot;iso&quot;:&quot;0&quot;,&quot;shutter_speed&quot;:&quot;0&quot;,&quot;title&quot;:&quot;K\\u00dcLT\\u00dcR VE TUR\\u0130ZM ESK\\u0130 BAKANI KO\\u00c7; \\u201cZAFER CUMHUR \\u0130TT\\u0130FAKININ OLACAKTIR\\u201d&quot;,&quot;orientation&quot;:&quot;0&quot;}\" data-image-title=\"K\u00fclt\u00fcr ve Turizm eski Bakan\u0131 Ko\u00e7; \u201cZafer Cumhur \u0130ttifak\u0131n\u0131n olacakt\u0131r\u201d\" data-image-description=\"&lt;p&gt;K\u00fclt\u00fcr ve Turizm eski Bakan\u0131 Ko\u00e7; \u201cZafer Cumhur \u0130ttifak\u0131n\u0131n olacakt\u0131r\u201d&lt;\/p&gt; \" data-medium-file=\"https:\/\/i0.wp.com\/www.tvturk.com\/wp-content\/uploads\/2019\/02\/kultur-ve-turizm-eski-bakani-koc-zafer-cumhur-ittifakinin-olacaktir_c28c52d.jpg?fit=300%2C200\" data-large-file=\"https:\/\/i0.wp.com\/www.tvturk.com\/wp-content\/uploads\/2019\/02\/kultur-ve-turizm-eski-bakani-koc-zafer-cumhur-ittifakinin-olacaktir_c28c52d.jpg?fit=1000%2C667\" src=\"https:\/\/i0.wp.com\/www.tvturk.com\/wp-content\/uploads\/2019\/02\/kultur-ve-turizm-eski-bakani-koc-zafer-cumhur-ittifakinin-olacaktir_c28c52d.jpg?w=218&#038;h=145\" srcset=\"https:\/\/i0.wp.com\/www.tvturk.com\/wp-content\/uploads\/2019\/02\/kultur-ve-turizm-eski-bakani-koc-zafer-cumhur-ittifakinin-olacaktir_c28c52d.jpg?w=1000 1000w, https:\/\/i0.wp.com\/www.tvturk.com\/wp-content\/uploads\/2019\/02\/kultur-ve-turizm-eski-bakani-koc-zafer-cumhur-ittifakinin-olacaktir_c28c52d.jpg?resize=150%2C100 150w, https:\/\/i0.wp.com\/www.tvturk.com\/wp-content\/uploads\/2019\/02\/kultur-ve-turizm-eski-bakani-koc-zafer-cumhur-ittifakinin-olacaktir_c28c52d.jpg?resize=300%2C200 300w, https:\/\/i0.wp.com\/www.tvturk.com\/wp-content\/uploads\/2019\/02\/kultur-ve-turizm-eski-bakani-koc-zafer-cumhur-ittifakinin-olacaktir_c28c52d.jpg?resize=768%2C512 768w, https:\/\/i0.wp.com\/www.tvturk.com\/wp-content\/uploads\/2019\/02\/kultur-ve-turizm-eski-bakani-koc-zafer-cumhur-ittifakinin-olacaktir_c28c52d.jpg?resize=170%2C113 170w, https:\/\/i0.wp.com\/www.tvturk.com\/wp-content\/uploads\/2019\/02\/kultur-ve-turizm-eski-bakani-koc-zafer-cumhur-ittifakinin-olacaktir_c28c52d.jpg?resize=120%2C80 120w\" width=\"218\" height=\"145\" loading=\"lazy\" data-original-width=\"218\" data-original-height=\"145\" itemprop=\"http:\/\/schema.org\/image\" title=\"K\u00fclt\u00fcr ve Turizm eski Bakan\u0131 Ko\u00e7; \u201cZafer Cumhur \u0130ttifak\u0131n\u0131n olacakt\u0131r\u201d\" alt=\"K\u00fclt\u00fcr ve Turizm eski Bakan\u0131 Ko\u00e7; \u201cZafer Cumhur \u0130ttifak\u0131n\u0131n olacakt\u0131r\u201d\" style=\"width: 218px; height: 145px;\" \/> <\/a> <\/div> <\/div> <!-- close group --> <\/div> <!-- close row --> <div class=\"gallery-row\" style=\"width: 500px; height: 272px;\" data-original-width=\"500\" data-original-height=\"272\" > <div class=\"gallery-group images-1\" style=\"width: 500px; height: 272px;\" data-original-width=\"500\" data-original-height=\"272\" > <div class=\"tiled-gallery-item tiled-gallery-item-large\" itemprop=\"associatedMedia\" itemscope itemtype=\"http:\/\/schema.org\/ImageObject\"> <a href=\"http:\/\/www.tvturk.com\/index.php\/kultur-ve-turizm-eski-bakani-koc-zafer-cumhur-ittifakinin-olacaktir\/kultur-ve-turizm-eski-bakani-koc-zafer-cumhur-ittifakinin-olacaktir-5\/\" border=\"0\" itemprop=\"url\"> <meta itemprop=\"width\" content=\"496\"> <meta itemprop=\"height\" content=\"268\"> <img decoding=\"async\" class=\"\" data-attachment-id=\"24148\" data-orig-file=\"http:\/\/www.tvturk.com\/wp-content\/uploads\/2019\/02\/kultur-ve-turizm-eski-bakani-koc-zafer-cumhur-ittifakinin-olacaktir_20ee66a.jpg\" data-orig-size=\"1000,540\" data-comments-opened=\"\" data-image-meta=\"{&quot;aperture&quot;:&quot;0&quot;,&quot;credit&quot;:&quot;IHA&quot;,&quot;camera&quot;:&quot;&quot;,&quot;caption&quot;:&quot;59. H\\u00dcK\\u00dcMET\\u0130N K\\u00dcLT\\u00dcR VE TUR\\u0130ZM BAKANI, 22. VE 23. D\\u00d6NEM AK PART\\u0130 AYDIN M\\u0130LLETVEK\\u0130L\\u0130 AT\\u0130LLA KO\\u00c7, \\u0130NC\\u0130RL\\u0130OVA\\u2019DA D\\u00dcZENLENEN \\u0130ST\\u0130\\u015eARE TOPLANTISINA KATILDI. (MEHMET BARLAS\\\/AYDIN-\\u0130HA)&quot;,&quot;created_timestamp&quot;:&quot;0&quot;,&quot;copyright&quot;:&quot;\\u0130HLAS HABER AJANSI, www.iha.com.tr&quot;,&quot;focal_length&quot;:&quot;0&quot;,&quot;iso&quot;:&quot;0&quot;,&quot;shutter_speed&quot;:&quot;0&quot;,&quot;title&quot;:&quot;K\\u00dcLT\\u00dcR VE TUR\\u0130ZM ESK\\u0130 BAKANI KO\\u00c7; \\u201cZAFER CUMHUR \\u0130TT\\u0130FAKININ OLACAKTIR\\u201d&quot;,&quot;orientation&quot;:&quot;0&quot;}\" data-image-title=\"K\u00fclt\u00fcr ve Turizm eski Bakan\u0131 Ko\u00e7; \u201cZafer Cumhur \u0130ttifak\u0131n\u0131n olacakt\u0131r\u201d\" data-image-description=\"&lt;p&gt;K\u00fclt\u00fcr ve Turizm eski Bakan\u0131 Ko\u00e7; \u201cZafer Cumhur \u0130ttifak\u0131n\u0131n olacakt\u0131r\u201d&lt;\/p&gt; \" data-medium-file=\"https:\/\/i0.wp.com\/www.tvturk.com\/wp-content\/uploads\/2019\/02\/kultur-ve-turizm-eski-bakani-koc-zafer-cumhur-ittifakinin-olacaktir_20ee66a.jpg?fit=300%2C162\" data-large-file=\"https:\/\/i0.wp.com\/www.tvturk.com\/wp-content\/uploads\/2019\/02\/kultur-ve-turizm-eski-bakani-koc-zafer-cumhur-ittifakinin-olacaktir_20ee66a.jpg?fit=1000%2C540\" src=\"https:\/\/i0.wp.com\/www.tvturk.com\/wp-content\/uploads\/2019\/02\/kultur-ve-turizm-eski-bakani-koc-zafer-cumhur-ittifakinin-olacaktir_20ee66a.jpg?w=496&#038;h=268\" srcset=\"https:\/\/i0.wp.com\/www.tvturk.com\/wp-content\/uploads\/2019\/02\/kultur-ve-turizm-eski-bakani-koc-zafer-cumhur-ittifakinin-olacaktir_20ee66a.jpg?w=1000 1000w, https:\/\/i0.wp.com\/www.tvturk.com\/wp-content\/uploads\/2019\/02\/kultur-ve-turizm-eski-bakani-koc-zafer-cumhur-ittifakinin-olacaktir_20ee66a.jpg?resize=150%2C81 150w, https:\/\/i0.wp.com\/www.tvturk.com\/wp-content\/uploads\/2019\/02\/kultur-ve-turizm-eski-bakani-koc-zafer-cumhur-ittifakinin-olacaktir_20ee66a.jpg?resize=300%2C162 300w, https:\/\/i0.wp.com\/www.tvturk.com\/wp-content\/uploads\/2019\/02\/kultur-ve-turizm-eski-bakani-koc-zafer-cumhur-ittifakinin-olacaktir_20ee66a.jpg?resize=768%2C415 768w\" width=\"496\" height=\"268\" loading=\"lazy\" data-original-width=\"496\" data-original-height=\"268\" itemprop=\"http:\/\/schema.org\/image\" title=\"K\u00fclt\u00fcr ve Turizm eski Bakan\u0131 Ko\u00e7; \u201cZafer Cumhur \u0130ttifak\u0131n\u0131n olacakt\u0131r\u201d\" alt=\"K\u00fclt\u00fcr ve Turizm eski Bakan\u0131 Ko\u00e7; \u201cZafer Cumhur \u0130ttifak\u0131n\u0131n olacakt\u0131r\u201d\" style=\"width: 496px; height: 268px;\" \/> <\/a> <\/div> <\/div> <!-- close group --> <\/div> <!-- close row --> <\/div><\/p>\n","protected":false},"excerpt":{"rendered":"<p>59. H\u00dcK\u00dcMET\u0130N K\u00dcLT\u00dcR VE TUR\u0130ZM BAKANI, 22. VE 23. D\u00d6NEM AK PART\u0130 AYDIN M\u0130LLETVEK\u0130L\u0130 AT\u0130LLA KO\u00c7, \u0130NC\u0130RL\u0130OVA\u2019DA D\u00dcZENLENEN \u0130ST\u0130\u015eARE TOPLANTISINA KATILDI.<\/p>\n","protected":false},"author":1,"featured_media":24145,"comment_status":"closed","ping_status":"open","sticky":false,"template":"","format":"standard","meta":{"jetpack_post_was_ever_published":false,"_jetpack_newsletter_access":"","_jetpack_dont_email_post_to_subs":false,"_jetpack_newsletter_tier_id":0,"_jetpack_memberships_contains_paywalled_content":false,"_jetpack_memberships_contains_paid_content":false,"footnotes":"","jetpack_publicize_message":"","jetpack_publicize_feature_enabled":true,"jetpack_social_post_already_shared":false,"jetpack_social_options":{"image_generator_settings":{"template":"highway","default_image_id":0,"font":"","enabled":false},"version":2}},"categories":[9],"tags":[933,364,1123,3263,10157,630,8380,2184,1868],"class_list":["post-24144","post","type-post","status-publish","format-standard","has-post-thumbnail","hentry","category-siyaset","tag-bakani","tag-cumhur","tag-eski","tag-ittifakinin","tag-koc","tag-kultur","tag-olacaktir","tag-turizm","tag-zafer"],"jetpack_publicize_connections":[],"jetpack_featured_media_url":"https:\/\/i0.wp.com\/www.tvturk.com\/wp-content\/uploads\/2019\/02\/kultur-ve-turizm-eski-bakani-koc-zafer-cumhur-ittifakinin-olacaktir_f98d569.jpg?fit=1000%2C811","jetpack_sharing_enabled":true,"jetpack_shortlink":"https:\/\/wp.me\/paKIfm-6hq","_links":{"self":[{"href":"http:\/\/www.tvturk.com\/index.php\/wp-json\/wp\/v2\/posts\/24144","targetHints":{"allow":["GET"]}}],"collection":[{"href":"http:\/\/www.tvturk.com\/index.php\/wp-json\/wp\/v2\/posts"}],"about":[{"href":"http:\/\/www.tvturk.com\/index.php\/wp-json\/wp\/v2\/types\/post"}],"author":[{"embeddable":true,"href":"http:\/\/www.tvturk.com\/index.php\/wp-json\/wp\/v2\/users\/1"}],"replies":[{"embeddable":true,"href":"http:\/\/www.tvturk.com\/index.php\/wp-json\/wp\/v2\/comments?post=24144"}],"version-history":[{"count":1,"href":"http:\/\/www.tvturk.com\/index.php\/wp-json\/wp\/v2\/posts\/24144\/revisions"}],"predecessor-version":[{"id":24149,"href":"http:\/\/www.tvturk.com\/index.php\/wp-json\/wp\/v2\/posts\/24144\/revisions\/24149"}],"wp:featuredmedia":[{"embeddable":true,"href":"http:\/\/www.tvturk.com\/index.php\/wp-json\/wp\/v2\/media\/24145"}],"wp:attachment":[{"href":"http:\/\/www.tvturk.com\/index.php\/wp-json\/wp\/v2\/media?parent=24144"}],"wp:term":[{"taxonomy":"category","embeddable":true,"href":"http:\/\/www.tvturk.com\/index.php\/wp-json\/wp\/v2\/categories?post=24144"},{"taxonomy":"post_tag","embeddable":true,"href":"http:\/\/www.tvturk.com\/index.php\/wp-json\/wp\/v2\/tags?post=24144"}],"curies":[{"name":"wp","href":"https:\/\/api.w.org\/{rel}","templated":true}]}}