{"id":241491,"date":"2019-12-12T22:04:10","date_gmt":"2019-12-12T19:04:10","guid":{"rendered":"http:\/\/www.tvturk.com\/index.php\/basel-trabzonspor-macinda-turk-taraftarlara-cirkin-saldiri\/"},"modified":"2019-12-12T22:04:10","modified_gmt":"2019-12-12T19:04:10","slug":"basel-trabzonspor-macinda-turk-taraftarlara-cirkin-saldiri","status":"publish","type":"post","link":"http:\/\/www.tvturk.com\/index.php\/basel-trabzonspor-macinda-turk-taraftarlara-cirkin-saldiri\/","title":{"rendered":"Basel &#8211; Trabzonspor ma\u00e7\u0131nda T\u00fcrk taraftarlara \u00e7irkin sald\u0131r\u0131"},"content":{"rendered":"<p>UEFA Avrupa Ligi C Grubu son ma\u00e7\u0131nda oynanan Basel-Trabzonspor m\u00fccadelesinde T\u00fcrkiye kar\u015f\u0131t\u0131 pankart a\u00e7\u0131lmas\u0131yla gerginlik ya\u015fand\u0131. Trabzonsporlu taraftarlar pankart\u0131n a\u00e7\u0131ld\u0131\u011f\u0131 trib\u00fcne girerken, g\u00fcvenlik g\u00fc\u00e7leri a\u00e7\u0131lan yaz\u0131ya el koydu.<\/p>\n<p>Basel &#8211; Trabzonspor ma\u00e7\u0131nda ev sahibi ekip taraftarlar\u0131ndan \u00e7irkin hareket geldi. UEFA Avrupa Ligi C Grubu son haftas\u0131nda \u0130svi\u00e7re Saint Jakob Park\u2019ta oynanan Basel &#8211; Trabzonspor m\u00fcsabakas\u0131n\u0131n 39. dakikas\u0131nda \u0130svi\u00e7reli taraftarlar taraf\u0131ndan T\u00fcrkiye kar\u015f\u0131t\u0131 bir pankart a\u00e7\u0131ld\u0131. A\u00e7\u0131lan pankart sonras\u0131 Trabzonsporlu taraftarlar olay noktas\u0131na gitti ve kar\u015f\u0131la\u015fma s\u0131ras\u0131nda bir gerginlik ya\u015fand\u0131. G\u00fcvenlik g\u00fc\u00e7leri olaya m\u00fcdahale ederek, pankart a\u00e7an grubu stad\u0131n d\u0131\u015far\u0131s\u0131na \u00e7\u0131kard\u0131.<\/p>\n<p>Pankart\u0131 a\u00e7an grup stad\u0131n d\u0131\u015far\u0131s\u0131na \u00e7\u0131karken Saint Jakob Park\u2019ta T\u00fcrkiye tezah\u00fcratlar\u0131 y\u00fckseldi.<\/p>\n","protected":false},"excerpt":{"rendered":"<p>UEFA AVRUPA L\u0130G\u0130 C GRUBU SON MA\u00c7INDA OYNANAN BASEL-TRABZONSPOR M\u00dcCADELES\u0130NDE T\u00dcRK\u0130YE KAR\u015eITI PANKART A\u00c7ILMASIYLA GERG\u0130NL\u0130K YA\u015eANDI. TRABZONSPORLU TARAFTARLAR PANKARTIN A\u00c7ILDI\u011eI TR\u0130B\u00dcNE G\u0130RERKEN, G\u00dcVENL\u0130K G\u00dc\u00c7LER\u0130 A\u00c7ILAN YAZIYA EL KOYDU.<\/p>\n","protected":false},"author":1,"featured_media":241492,"comment_status":"closed","ping_status":"open","sticky":false,"template":"","format":"standard","meta":{"jetpack_post_was_ever_published":false,"_jetpack_newsletter_access":"","_jetpack_dont_email_post_to_subs":false,"_jetpack_newsletter_tier_id":0,"_jetpack_memberships_contains_paywalled_content":false,"_jetpack_memberships_contains_paid_content":false,"footnotes":"","jetpack_publicize_message":"","jetpack_publicize_feature_enabled":true,"jetpack_social_post_already_shared":true,"jetpack_social_options":{"image_generator_settings":{"template":"highway","default_image_id":0,"font":"","enabled":false},"version":2}},"categories":[657],"tags":[52934,5883,4450,999,31542,916,957],"class_list":["post-241491","post","type-post","status-publish","format-standard","has-post-thumbnail","hentry","category-spor","tag-basel","tag-cirkin","tag-macinda","tag-saldiri","tag-taraftarlara","tag-trabzonspor","tag-turk"],"jetpack_publicize_connections":[],"jetpack_featured_media_url":"https:\/\/i0.wp.com\/www.tvturk.com\/wp-content\/uploads\/2019\/12\/basel-trabzonspor-macinda-turk-taraftarlara-cirkin-saldiri_f8abaad.jpg?fit=1000%2C666","jetpack_sharing_enabled":true,"jetpack_shortlink":"https:\/\/wp.me\/paKIfm-10P1","_links":{"self":[{"href":"http:\/\/www.tvturk.com\/index.php\/wp-json\/wp\/v2\/posts\/241491","targetHints":{"allow":["GET"]}}],"collection":[{"href":"http:\/\/www.tvturk.com\/index.php\/wp-json\/wp\/v2\/posts"}],"about":[{"href":"http:\/\/www.tvturk.com\/index.php\/wp-json\/wp\/v2\/types\/post"}],"author":[{"embeddable":true,"href":"http:\/\/www.tvturk.com\/index.php\/wp-json\/wp\/v2\/users\/1"}],"replies":[{"embeddable":true,"href":"http:\/\/www.tvturk.com\/index.php\/wp-json\/wp\/v2\/comments?post=241491"}],"version-history":[{"count":0,"href":"http:\/\/www.tvturk.com\/index.php\/wp-json\/wp\/v2\/posts\/241491\/revisions"}],"wp:featuredmedia":[{"embeddable":true,"href":"http:\/\/www.tvturk.com\/index.php\/wp-json\/wp\/v2\/media\/241492"}],"wp:attachment":[{"href":"http:\/\/www.tvturk.com\/index.php\/wp-json\/wp\/v2\/media?parent=241491"}],"wp:term":[{"taxonomy":"category","embeddable":true,"href":"http:\/\/www.tvturk.com\/index.php\/wp-json\/wp\/v2\/categories?post=241491"},{"taxonomy":"post_tag","embeddable":true,"href":"http:\/\/www.tvturk.com\/index.php\/wp-json\/wp\/v2\/tags?post=241491"}],"curies":[{"name":"wp","href":"https:\/\/api.w.org\/{rel}","templated":true}]}}