{"id":241493,"date":"2019-12-12T22:04:20","date_gmt":"2019-12-12T19:04:20","guid":{"rendered":"http:\/\/www.tvturk.com\/index.php\/uefa-avrupa-ligi-basel-1-trabzonspor-0-ilk-yari\/"},"modified":"2019-12-12T22:04:20","modified_gmt":"2019-12-12T19:04:20","slug":"uefa-avrupa-ligi-basel-1-trabzonspor-0-ilk-yari","status":"publish","type":"post","link":"http:\/\/www.tvturk.com\/index.php\/uefa-avrupa-ligi-basel-1-trabzonspor-0-ilk-yari\/","title":{"rendered":"UEFA Avrupa Ligi: Basel: 1 &#8211; Trabzonspor: 0 (\u0130lk yar\u0131)"},"content":{"rendered":"<p>UEFA Avrupa Ligi C Grubu son ma\u00e7\u0131nda Trabzonspor, deplasmanda \u0130svi\u00e7re temsilcisi Basel ile kar\u015f\u0131la\u015f\u0131yor. M\u00fccadelenin ilk yar\u0131s\u0131 ev sahibi ekibin 1-0\u2019l\u0131k \u00fcst\u00fcnl\u00fc\u011f\u00fc ile tamamland\u0131.<\/p>\n<p>Ma\u00e7tan dakikalar (\u0130lk yar\u0131)<\/p>\n<p>2. dakikada sol taraftan kulland\u0131\u011f\u0131 k\u00f6\u015fe vuru\u015funda arka direkte Pululu\u2019nun yapt\u0131\u011f\u0131 kafa vuru\u015funda me\u015fin yuvarlak dire\u011fin yan\u0131ndan d\u0131\u015far\u0131ya gitti.<\/p>\n<p>15. dakikada sol kanattan Abdurrahim Dursun\u2019un i\u00e7eri \u00e7evirdi\u011fi topa arka direkte Avdijaj\u2019\u0131n yapt\u0131\u011f\u0131 kafa vuru\u015funda me\u015fin yuvarla\u011f\u0131 kaleci Omlin kornere \u00e7eldi.<\/p>\n<p>15. dakikada sa\u011f k\u00f6\u015feden Abdulkadir\u2019in kulland\u0131\u011f\u0131 kulland\u0131\u011f\u0131 kornerde Do\u011fan Erdo\u011fan\u2019\u0131n yapt\u0131\u011f\u0131 kafa vuru\u015funda me\u015fin yuvarlak kaleci Omlin\u2019i m\u00fcdahalesiyle dire\u011fe \u00e7arparak kornere gitti.<\/p>\n<p>16. dakikada sa\u011f k\u00f6\u015feden Abdulkadir\u2019in kulland\u0131\u011f\u0131 kornerde Serkan Asan\u2019\u0131n dokunu\u015funda me\u015fin yuvarla\u011f\u0131 Basel savunmas\u0131 \u00e7izgi \u00fczerinden \u00e7\u0131kard\u0131.<\/p>\n<p>21. dakikada Zuffi\u2019nin sa\u011f kanattan kulland\u0131\u011f\u0131 k\u00f6\u015fe vuru\u015funda kale \u00f6n\u00fcnde Cabral kafa vuru\u015funu yapt\u0131. Erce\u2019nin \u00e7\u0131kard\u0131\u011f\u0131 topa alt\u0131pas i\u00e7inden Widmer\u2019in yapt\u0131\u011f\u0131 vuru\u015fta me\u015fin yuvarlak a\u011flarla bulu\u015ftu. 1-0<\/p>\n<p>Stat: Saint Jakob Park<\/p>\n<p>Hakemler: Aleksandar Stavrev xx, Marjan Kirovski xx, Dejan Kostadinov xx<\/p>\n<p>Basel: Omlin xx, Widmer xxx, Eray xx, Alderete xx, Petretta xx, Xhaka xx, Frei xx, Stocker xx, Pululu xx, Zuffi xx, Cabral xx<\/p>\n<p>Yedekler: Nikolic, Bergstr\u00f6m, Campo, Okafor, Riveros, Zhegrova, Kemal Ademi<\/p>\n<p>Teknik Direkt\u00f6r: Marcel Koller<\/p>\n<p>Trabzonspor: Erce xx, Serka Asan xx, Hosseini xx, Fernandes xx, Abdurrahim Dursun xx, Do\u011fan Erdo\u011fan xx, Abdulkadir Parmak xxx, Onazi xx, F\u0131ratcan \u00dcz\u00fcm xx, Avdijaj xx, Ekuban xx<\/p>\n<p>Yedekler: U\u011furcan, H\u00fcseyin T\u00fcrkmen, Yusuf Sar\u0131, Campi, Kerem Bayku\u015f, Behl\u00fcl Ayd\u0131n, Muhammet Akp\u0131nar<\/p>\n<p>Teknik Direkt\u00f6r: \u00dcnal Karaman<\/p>\n<p>Gol: Widmer (dk. 21) (Basel)<\/p>\n<p>Sar\u0131 kart: Abdulkadir Parmak (Trabzonspor)<\/p>\n","protected":false},"excerpt":{"rendered":"<p>UEFA AVRUPA L\u0130G\u0130 C GRUBU SON MA\u00c7INDA TRABZONSPOR, DEPLASMANDA \u0130SV\u0130\u00c7RE TEMS\u0130LC\u0130S\u0130 BASEL \u0130LE KAR\u015eILA\u015eIYOR. M\u00dcCADELEN\u0130N \u0130LK YARISI EV SAH\u0130B\u0130 EK\u0130B\u0130N 1-0\u2019LIK \u00dcST\u00dcNL\u00dc\u011e\u00dc \u0130LE TAMAMLANDI.<\/p>\n","protected":false},"author":1,"featured_media":241494,"comment_status":"closed","ping_status":"open","sticky":false,"template":"","format":"standard","meta":{"jetpack_post_was_ever_published":false,"_jetpack_newsletter_access":"","_jetpack_dont_email_post_to_subs":false,"_jetpack_newsletter_tier_id":0,"_jetpack_memberships_contains_paywalled_content":false,"_jetpack_memberships_contains_paid_content":false,"footnotes":"","jetpack_publicize_message":"","jetpack_publicize_feature_enabled":true,"jetpack_social_post_already_shared":true,"jetpack_social_options":{"image_generator_settings":{"template":"highway","default_image_id":0,"font":"","enabled":false},"version":2}},"categories":[657],"tags":[392,52934,37,1717,916,1716,918],"class_list":["post-241493","post","type-post","status-publish","format-standard","has-post-thumbnail","hentry","category-spor","tag-avrupa","tag-basel","tag-ilk","tag-ligi","tag-trabzonspor","tag-uefa","tag-yari"],"jetpack_publicize_connections":[],"jetpack_featured_media_url":"https:\/\/i0.wp.com\/www.tvturk.com\/wp-content\/uploads\/2019\/12\/uefa-avrupa-ligi-basel-1-trabzonspor-0-ilk-yari_97a100a.jpg?fit=1000%2C666","jetpack_sharing_enabled":true,"jetpack_shortlink":"https:\/\/wp.me\/paKIfm-10P3","_links":{"self":[{"href":"http:\/\/www.tvturk.com\/index.php\/wp-json\/wp\/v2\/posts\/241493","targetHints":{"allow":["GET"]}}],"collection":[{"href":"http:\/\/www.tvturk.com\/index.php\/wp-json\/wp\/v2\/posts"}],"about":[{"href":"http:\/\/www.tvturk.com\/index.php\/wp-json\/wp\/v2\/types\/post"}],"author":[{"embeddable":true,"href":"http:\/\/www.tvturk.com\/index.php\/wp-json\/wp\/v2\/users\/1"}],"replies":[{"embeddable":true,"href":"http:\/\/www.tvturk.com\/index.php\/wp-json\/wp\/v2\/comments?post=241493"}],"version-history":[{"count":0,"href":"http:\/\/www.tvturk.com\/index.php\/wp-json\/wp\/v2\/posts\/241493\/revisions"}],"wp:featuredmedia":[{"embeddable":true,"href":"http:\/\/www.tvturk.com\/index.php\/wp-json\/wp\/v2\/media\/241494"}],"wp:attachment":[{"href":"http:\/\/www.tvturk.com\/index.php\/wp-json\/wp\/v2\/media?parent=241493"}],"wp:term":[{"taxonomy":"category","embeddable":true,"href":"http:\/\/www.tvturk.com\/index.php\/wp-json\/wp\/v2\/categories?post=241493"},{"taxonomy":"post_tag","embeddable":true,"href":"http:\/\/www.tvturk.com\/index.php\/wp-json\/wp\/v2\/tags?post=241493"}],"curies":[{"name":"wp","href":"https:\/\/api.w.org\/{rel}","templated":true}]}}