{"id":241551,"date":"2019-12-13T09:47:23","date_gmt":"2019-12-13T06:47:23","guid":{"rendered":"http:\/\/www.tvturk.com\/index.php\/turkiyede-1-70-atlayan-ilk-kiz-cocugu\/"},"modified":"2019-12-13T09:47:23","modified_gmt":"2019-12-13T06:47:23","slug":"turkiyede-1-70-atlayan-ilk-kiz-cocugu","status":"publish","type":"post","link":"http:\/\/www.tvturk.com\/index.php\/turkiyede-1-70-atlayan-ilk-kiz-cocugu\/","title":{"rendered":"T\u00fcrkiye\u2019de 1.70 atlayan ilk k\u0131z \u00e7ocu\u011fu"},"content":{"rendered":"<p>\u0130zmir\u2019in Buca il\u00e7esinde, s\u0131r\u0131kla atlama sporuyla ilgilenen en k\u00fc\u00e7\u00fck sporcu olan ve adeta kendine hayran b\u0131rakt\u0131ran 10 ya\u015f\u0131ndaki Ceren Alan, yar\u0131\u015fmay\u0131 bekliyor. Hen\u00fcz ya\u015f\u0131 tutmad\u0131\u011f\u0131 i\u00e7in yar\u0131\u015flara kat\u0131lamayan minik Ceren, &#8220;Boyum 1.48 ama 1.70 atl\u0131yorum. Hedefim; s\u0131r\u0131k atlama bran\u015f\u0131nda T\u00fcrkiye \u015fampiyonu olmak&#8221; dedi.<\/p>\n<p>\u0130zmir Buca\u2019da ya\u015fayan 5. s\u0131n\u0131f \u00f6\u011frencisi 10 ya\u015f\u0131ndaki Ceren Alan, atletizmin bir dal\u0131 olan s\u0131r\u0131kla atlama sporundaki yetene\u011fiyle takdir topluyor. Ya\u015f\u0131 yetmedi\u011fi i\u00e7in yar\u0131\u015fmalara kat\u0131lmayan minik Ceren, 1.48 boyunda olmas\u0131na ra\u011fmen 1.70 atlayarak g\u00f6renleri kendisine hayran b\u0131rak\u0131yor. Haftada 3-4 g\u00fcn d\u00fczenli antrenman yapan Alan, s\u0131r\u0131kla atlama sporuyla ilgilenen en k\u00fc\u00e7\u00fck sporcu olarak da bilinirken, hedefi ise bir an \u00f6nce yar\u0131\u015fmalara kat\u0131lmak.<\/p>\n<p>Alan: &#8220;Boyum 1.48 ama 1.70 atl\u0131yorum&#8221;<\/p>\n<p>Heyecanla ay-y\u0131ld\u0131zl\u0131 bayra\u011f\u0131 temsil etmek istedi\u011fini ifade eden Ceren Alan, 3.5-4 ya\u015flar\u0131nda baleye gitti\u011fini, 2 y\u0131l cimnastikle u\u011fra\u015ft\u0131\u011f\u0131n\u0131 ve sa\u011fl\u0131kl\u0131 beslendi\u011fini s\u00f6yledi.<\/p>\n<p>Ya\u015f\u0131tlar\u0131na da erken ya\u015fta spor \u00e7a\u011fr\u0131s\u0131 yapan Ceren, &#8220;Benim ilk hedefim; s\u0131r\u0131kla atlama bran\u015f\u0131nda T\u00fcrkiye \u015fampiyonu olmak. Sonra daha ileride d\u00fcnya \u015fampiyonu olmak. Yurt d\u0131\u015f\u0131nda \u00fclkemizin bayra\u011f\u0131n\u0131 dalgaland\u0131rmak istiyorum.  Boyum 1.48 ama 1.70 atl\u0131yorum&#8221; dedi.<\/p>\n<p>Antren\u00f6r Kaz\u0131m Kurty\u0131lmaz da Ceren\u2019in bu spor i\u00e7in k\u00fc\u00e7\u00fck ama \u00e7ok ba\u015far\u0131l\u0131 oldu\u011funu belirterek, &#8220;A\u015fa\u011f\u0131 yukar\u0131 bir senedir benimle antrenmana geliyor. Aile bu konuda \u00e7ok istekli. \u00c7ocu\u011fun istekli alt yap\u0131s\u0131 var, cimnastik yapm\u0131\u015f. Tabii s\u0131r\u0131k atlamak i\u00e7in ya\u015f\u0131 daha \u00e7ok k\u00fc\u00e7\u00fck. O kadar iyi ki onu reddetmek m\u00fcmk\u00fcn de\u011fil. Art\u0131k in\u015fallah 4-5 sene sonra iyi bir s\u0131r\u0131k\u00e7\u0131 olarak yar\u0131\u015facak. Ya\u015f\u0131na g\u00f6re bakarsan en iyisi. S\u0131r\u0131k atlamada en uygun ya\u015f 12 civar\u0131. Bu 9 ya\u015f\u0131nda bana geldi, \u00e7ok erken tabii. \u00c7ok istekli, yetenekli&#8221; \u015feklinde konu\u015ftu.<\/p>\n<p>Kurty\u0131lmaz: &#8220;Ceren\u2019in ya\u015f grubunda rakibi yok&#8221;<\/p>\n<p>S\u0131r\u0131kla atlaman\u0131n atletizmin en zor dal\u0131 oldu\u011funu vurgulayan antren\u00f6r Kurty\u0131lmaz, &#8220;13 ya\u015f\u0131nda ba\u015fka \u00f6\u011frencilerimde var ama Ceren\u2019in ya\u015f grubunda rakibi yok. T\u00fcrkiye\u2019de ba\u015flang\u0131\u00e7 olarak bak\u0131nca Ceren daha \u015fansl\u0131 \u00e7\u00fcnk\u00fc di\u011fer \u00f6\u011frencilerim ba\u015flad\u0131\u011f\u0131nda hi\u00e7bir alt yap\u0131s\u0131 yoktu. Bunun alt yap\u0131s\u0131 var. Atletizm zor bir bran\u015f, s\u0131r\u0131kla atlama en zor olan\u0131. Zevkli bir \u015fey; b\u00fck\u00fcyorsun, ko\u015fuyorsun, atl\u0131yorsun. S\u0131r\u0131k\u00e7\u0131 \u00fcst\u00fcn sporcudur \u00e7\u00fcnk\u00fc ko\u015fuyor, atl\u0131yor; cimnasti\u011fi, kol kuvveti ve barfiksi var. Ceren benim en k\u00fc\u00e7\u00fck \u00f6\u011frencim. T\u00fcrkiye\u2019de 1.70 atlayan ilk k\u0131z \u00e7ocu\u011fu. T\u00fcrkiye\u2019de en k\u00fc\u00e7\u00fck sporcu. T\u00fcrkiye\u2019nin en k\u00fc\u00e7\u00fck sporcusuyla en b\u00fcy\u00fck sporcusu benle Ceren\u2019iz. Boyu 1.40 ama 1.70 atl\u0131yor&#8221; diye konu\u015ftu.<\/p>\n<p>Badem: &#8220;\u0130leride en iyi \u015fekilde \u00fclkemizi temsil edecek&#8221;<\/p>\n<p>Anne Seher Badem ise Ceren\u2019in ba\u015far\u0131s\u0131n\u0131 \u015f\u00f6yle anlatt\u0131:<\/p>\n<p>&#8220;Bebekli\u011finden bu yana \u00e7ok aktif, ele avuca s\u0131\u011fmayan bir \u00e7ocuktu. Daha sonra bir aktivite olsun diye onu baleyle ba\u015flatt\u0131k. Bale, cimnastik olarak devam ettik. \u0130ki y\u0131l kadar cimnastik yapt\u0131ktan sonra bu konuda ba\u015far\u0131l\u0131 ve yetenekli oldu\u011fu s\u00f6ylenildi. \u00d6ncelikle Gaziemir Gen\u00e7lik ve Spor Kul\u00fcb\u00fc ba\u015fkan\u0131yla tan\u0131\u015fma f\u0131rsat\u0131 buldu. Onun y\u00f6nlendirmesiyle Kaz\u0131m hocayla tan\u0131\u015ft\u0131k. Bu vesileyle Ceren, s\u0131r\u0131kla atlama sporuna ba\u015flad\u0131. Anne-babalara \u00e7ocuklar\u0131n\u0131 mutlaka bir spora y\u00f6nlendirmelerini ve destekleyip arkalar\u0131nda olmalar\u0131n\u0131 tavsiye ediyorum. Ceren \u00e7ok ufak ya\u015fta ad\u0131m att\u0131. \u0130leride en iyi \u015fekilde \u00fclkemizi temsil edecek. \u015eu an \u00e7ok ufak ama in\u015fallah bu istek ve arzuyla devam eder. Biz onun her zaman arkas\u0131nda ve destek\u00e7isiyiz. T\u00fcm ailelere \u00e7ocuklar\u0131na destek olup arkalar\u0131nda durmalar\u0131n\u0131 tavsiye ediyorum.&#8221;<\/p>\n","protected":false},"excerpt":{"rendered":"<p>HAFTADA 3-4 G\u00dcN D\u00dcZENL\u0130 ANTRENMAN YAPAN 10 YA\u015eINDAK\u0130 CEREN, SIRIK ATLAMA SPORUYLA \u0130LG\u0130LENEN EN K\u00dc\u00c7\u00dcK SPORCU OLARAK DA B\u0130L\u0130N\u0130RKEN, CEREN&#8217;\u0130N HEDEF\u0130 B\u0130RAN \u00d6NCE YARI\u015eMALARA KATILMAK.<\/p>\n","protected":false},"author":1,"featured_media":241552,"comment_status":"closed","ping_status":"open","sticky":false,"template":"","format":"standard","meta":{"jetpack_post_was_ever_published":false,"_jetpack_newsletter_access":"","_jetpack_dont_email_post_to_subs":false,"_jetpack_newsletter_tier_id":0,"_jetpack_memberships_contains_paywalled_content":false,"_jetpack_memberships_contains_paid_content":false,"footnotes":"","jetpack_publicize_message":"","jetpack_publicize_feature_enabled":true,"jetpack_social_post_already_shared":true,"jetpack_social_options":{"image_generator_settings":{"template":"highway","default_image_id":0,"font":"","enabled":false},"version":2}},"categories":[657],"tags":[42279,5241,3647,37,4200,2383],"class_list":["post-241551","post","type-post","status-publish","format-standard","has-post-thumbnail","hentry","category-spor","tag-1-70","tag-atlayan","tag-cocugu","tag-ilk","tag-kiz","tag-turkiyede"],"jetpack_publicize_connections":[],"jetpack_featured_media_url":"https:\/\/i0.wp.com\/www.tvturk.com\/wp-content\/uploads\/2019\/12\/turkiyede-170-atlayan-ilk-kiz-cocugu_4fdc76f.jpg?fit=1000%2C666","jetpack_sharing_enabled":true,"jetpack_shortlink":"https:\/\/wp.me\/paKIfm-10PZ","_links":{"self":[{"href":"http:\/\/www.tvturk.com\/index.php\/wp-json\/wp\/v2\/posts\/241551","targetHints":{"allow":["GET"]}}],"collection":[{"href":"http:\/\/www.tvturk.com\/index.php\/wp-json\/wp\/v2\/posts"}],"about":[{"href":"http:\/\/www.tvturk.com\/index.php\/wp-json\/wp\/v2\/types\/post"}],"author":[{"embeddable":true,"href":"http:\/\/www.tvturk.com\/index.php\/wp-json\/wp\/v2\/users\/1"}],"replies":[{"embeddable":true,"href":"http:\/\/www.tvturk.com\/index.php\/wp-json\/wp\/v2\/comments?post=241551"}],"version-history":[{"count":0,"href":"http:\/\/www.tvturk.com\/index.php\/wp-json\/wp\/v2\/posts\/241551\/revisions"}],"wp:featuredmedia":[{"embeddable":true,"href":"http:\/\/www.tvturk.com\/index.php\/wp-json\/wp\/v2\/media\/241552"}],"wp:attachment":[{"href":"http:\/\/www.tvturk.com\/index.php\/wp-json\/wp\/v2\/media?parent=241551"}],"wp:term":[{"taxonomy":"category","embeddable":true,"href":"http:\/\/www.tvturk.com\/index.php\/wp-json\/wp\/v2\/categories?post=241551"},{"taxonomy":"post_tag","embeddable":true,"href":"http:\/\/www.tvturk.com\/index.php\/wp-json\/wp\/v2\/tags?post=241551"}],"curies":[{"name":"wp","href":"https:\/\/api.w.org\/{rel}","templated":true}]}}