{"id":241575,"date":"2019-12-13T10:17:04","date_gmt":"2019-12-13T07:17:04","guid":{"rendered":"http:\/\/www.tvturk.com\/index.php\/adanada-kasaplara-sok-denetim\/"},"modified":"2019-12-13T10:17:04","modified_gmt":"2019-12-13T07:17:04","slug":"adanada-kasaplara-sok-denetim","status":"publish","type":"post","link":"http:\/\/www.tvturk.com\/index.php\/adanada-kasaplara-sok-denetim\/","title":{"rendered":"Adana\u2019da kasaplara \u015fok denetim"},"content":{"rendered":"<p>Adana Kasaplar Odas\u0131, kasaplara \u015fok denetim ger\u00e7ekle\u015ftirdi. Kasaplar, etiketsiz sucuk satt\u0131klar\u0131, \u00f6nl\u00fcks\u00fcz \u00e7al\u0131\u015ft\u0131klar\u0131 ve eldiven kullanmad\u0131klar\u0131 i\u00e7in uyar\u0131ld\u0131.<\/p>\n<p>Adana Kasaplar Odas\u0131 Ba\u015fkan\u0131 Murat Saruhan Ya\u011fmur\u2019un koordinesinde ge\u00e7mi\u015f y\u0131llarda baz\u0131 kasaplarda ve i\u015fletmelerde taklit ve ta\u011f\u015fi\u015fli \u00fcr\u00fcnlerin \u00e7\u0131kmas\u0131 \u00fczerine, vatanda\u015flar\u0131n sa\u011fl\u0131\u011f\u0131n\u0131 koruma amac\u0131yla kentteki k\u0131rm\u0131z\u0131 et ve beyaz et satan kasaplar denetlendi. \u015eok denetimlerin ger\u00e7ekle\u015ftirildi\u011fi kasaplar\u0131n et reyonlar\u0131n\u0131n yan\u0131 s\u0131ra so\u011fuk hava depolar\u0131 da incelendi.<\/p>\n<p>Kasaplara uyar\u0131<\/p>\n<p>Vatanda\u015fa sunulan et sucuklar\u0131n\u0131n etiketsiz olmas\u0131, \u00e7al\u0131\u015fanlar\u0131n da \u00f6nl\u00fck ve eldiven kullanmamas\u0131 nedeniyle baz\u0131 kasaplara uyar\u0131larda bulunuldu. \u00c7o\u011fu kasap d\u00fckkan\u0131n\u0131n ise hijyen ko\u015fullar\u0131na uymas\u0131 nedeniyle Ba\u015fkan Ya\u011fmur, \u00e7al\u0131\u015fanlara te\u015fekk\u00fcr etti.<\/p>\n<p>Vatanda\u015flar\u0131n sa\u011fl\u0131\u011f\u0131n\u0131 \u00f6n planda tuttuklar\u0131n\u0131 ve en sa\u011fl\u0131kl\u0131 eti t\u00fcketebilmeleri i\u00e7in \u00e7al\u0131\u015fmalar\u0131n\u0131 s\u00fcrd\u00fcreceklerini kaydeden Ya\u011fmur, \u201cAdana Valisi Mahmut Demirta\u015f\u2019\u0131n talimatlar\u0131yla Adana \u0130l Tar\u0131m ve Orman M\u00fcd\u00fcrl\u00fc\u011f\u00fc, Adana B\u00fcy\u00fck\u015fehir Belediyesi Zab\u0131ta M\u00fcd\u00fcrl\u00fc\u011f\u00fcyle birlikte bizim periyodik olarak denetimlerimiz devam ediyor. Vatanda\u015flar\u0131m\u0131z\u0131n sa\u011fl\u0131kl\u0131 et t\u00fcketmesi konusunda elimizden ne geliyorsa yapmaya \u00e7al\u0131\u015f\u0131yoruz. Adana\u2019n\u0131n daha \u00f6nce ismi lekelenmeye \u00e7al\u0131\u015f\u0131ld\u0131. Bununla ilgili ben Whatsapp ihbar hatt\u0131 kurdurdum. Vatanda\u015flar\u0131m\u0131z da bize Whatsapp ihbar hatt\u0131m\u0131zdan da ula\u015fabilir\u201d diye konu\u015ftu.<\/p>\n<p>M\u00fch\u00fcrs\u00fcz et yok<\/p>\n<p>Denetim esnas\u0131nda uygunsuzluk g\u00f6r\u00fclen yerler hakk\u0131nda tutanak tutacaklar\u0131n\u0131 ve o i\u015f yerlerinin Adana Valili\u011fine bildirilece\u011fini belirten Ba\u015fkan Ya\u011fmur, \u201cEt sucu\u011funda etiket olmak zorunda. Hangi firman\u0131n yapt\u0131\u011f\u0131 belli olmal\u0131. M\u00fch\u00fcrs\u00fcz ete rastlanmad\u0131. Hepsi m\u00fch\u00fcrl\u00fc. Yabanc\u0131 uyruklu vatanda\u015flar\u0131m\u0131z\u0131n kasap d\u00fckkanlar\u0131na da yetki verilirse e\u011fer, denetim yapaca\u011f\u0131z. Adana\u2019daki kay\u0131tl\u0131 t\u00fcm esnafa ben kefilim. Hi\u00e7bir sorun \u00e7\u0131kmaz Adana\u2019da\u201d ifadelerini kulland\u0131.<\/p>\n<p>35 bin liraya kadar ceza<\/p>\n<p>Adana\u2019da denetimlerin oldu\u011fu s\u00fcrece at ve e\u015fek eti olaylar\u0131yla bir daha kar\u015f\u0131la\u015f\u0131lmayaca\u011f\u0131n\u0131 belirten Murat Saruhan Ya\u011fmur, daha sonra \u015funlar\u0131 s\u00f6yledi:<\/p>\n<p>\u201cG\u00f6revde oldu\u011fum s\u00fcrece b\u00f6yle \u015feylere m\u00fcsaade etmeyece\u011fim. \u00d6yle bir durum olursa gerekli idari cezalar\u0131n en y\u00fckse\u011finde ceza verilecek ve i\u015f yerini kapat\u0131p \u00f6n\u00fcne \u2018Bu i\u015f yeri hileli et satm\u0131\u015ft\u0131r\u2019 yazaca\u011f\u0131z. Cezalar ise 7 bin liradan 35 bin liraya kadar de\u011fi\u015fiyor ve hapis cezalar\u0131 da mevcut.\u201d<\/p>\n","protected":false},"excerpt":{"rendered":"<p>ADANA KASAPLAR ODASI, KENTTE KIRMIZI ET VE BEYAZ ET SATAN KASAPLARA \u015eOK DENET\u0130M GER\u00c7EKLE\u015eT\u0130RD\u0130.<\/p>\n","protected":false},"author":1,"featured_media":241576,"comment_status":"closed","ping_status":"open","sticky":false,"template":"","format":"standard","meta":{"jetpack_post_was_ever_published":false,"_jetpack_newsletter_access":"","_jetpack_dont_email_post_to_subs":false,"_jetpack_newsletter_tier_id":0,"_jetpack_memberships_contains_paywalled_content":false,"_jetpack_memberships_contains_paid_content":false,"footnotes":"","jetpack_publicize_message":"","jetpack_publicize_feature_enabled":true,"jetpack_social_post_already_shared":true,"jetpack_social_options":{"image_generator_settings":{"template":"highway","default_image_id":0,"font":"","enabled":false},"version":2}},"categories":[1],"tags":[2887,6015,48092,8402],"class_list":["post-241575","post","type-post","status-publish","format-standard","has-post-thumbnail","hentry","category-genel","tag-adanada","tag-denetim","tag-kasaplara","tag-sok"],"jetpack_publicize_connections":[],"jetpack_featured_media_url":"https:\/\/i0.wp.com\/www.tvturk.com\/wp-content\/uploads\/2019\/12\/adanada-kasaplara-sok-denetim_8eb3105.jpg?fit=1000%2C666","jetpack_sharing_enabled":true,"jetpack_shortlink":"https:\/\/wp.me\/paKIfm-10Qn","_links":{"self":[{"href":"http:\/\/www.tvturk.com\/index.php\/wp-json\/wp\/v2\/posts\/241575","targetHints":{"allow":["GET"]}}],"collection":[{"href":"http:\/\/www.tvturk.com\/index.php\/wp-json\/wp\/v2\/posts"}],"about":[{"href":"http:\/\/www.tvturk.com\/index.php\/wp-json\/wp\/v2\/types\/post"}],"author":[{"embeddable":true,"href":"http:\/\/www.tvturk.com\/index.php\/wp-json\/wp\/v2\/users\/1"}],"replies":[{"embeddable":true,"href":"http:\/\/www.tvturk.com\/index.php\/wp-json\/wp\/v2\/comments?post=241575"}],"version-history":[{"count":0,"href":"http:\/\/www.tvturk.com\/index.php\/wp-json\/wp\/v2\/posts\/241575\/revisions"}],"wp:featuredmedia":[{"embeddable":true,"href":"http:\/\/www.tvturk.com\/index.php\/wp-json\/wp\/v2\/media\/241576"}],"wp:attachment":[{"href":"http:\/\/www.tvturk.com\/index.php\/wp-json\/wp\/v2\/media?parent=241575"}],"wp:term":[{"taxonomy":"category","embeddable":true,"href":"http:\/\/www.tvturk.com\/index.php\/wp-json\/wp\/v2\/categories?post=241575"},{"taxonomy":"post_tag","embeddable":true,"href":"http:\/\/www.tvturk.com\/index.php\/wp-json\/wp\/v2\/tags?post=241575"}],"curies":[{"name":"wp","href":"https:\/\/api.w.org\/{rel}","templated":true}]}}