{"id":241595,"date":"2019-12-13T10:33:33","date_gmt":"2019-12-13T07:33:33","guid":{"rendered":"http:\/\/www.tvturk.com\/index.php\/sedat-sahinturk-tecrube-eksikligimi-calisarak-kapatmaya-calisiyorum\/"},"modified":"2019-12-13T10:33:33","modified_gmt":"2019-12-13T07:33:33","slug":"sedat-sahinturk-tecrube-eksikligimi-calisarak-kapatmaya-calisiyorum","status":"publish","type":"post","link":"http:\/\/www.tvturk.com\/index.php\/sedat-sahinturk-tecrube-eksikligimi-calisarak-kapatmaya-calisiyorum\/","title":{"rendered":"Sedat \u015eahint\u00fcrk: \u201cTecr\u00fcbe eksikli\u011fimi \u00e7al\u0131\u015farak kapatmaya \u00e7al\u0131\u015f\u0131yorum\u201d"},"content":{"rendered":"<p>Denizlispor\u2019un ba\u015far\u0131l\u0131 futbolcusu Sedat \u015eahint\u00fcrk, ligde tecr\u00fcbe eksikli\u011fini oldu\u011funu kaydederek, \u201cTecr\u00fcbe eksikli\u011fimi de \u00e7al\u0131\u015farak kapatmaya \u00e7al\u0131\u015f\u0131yorum hocam \u015fans verirse de de\u011ferlendirmek istiyorum \u015fu an yapabilece\u011fim bu elimden gelenin en iyisini yapmak \u00e7al\u0131\u015fmak ve \u015fans\u0131 beklemek\u201d dedi.<\/p>\n<p>Denizlispor\u2019da, S\u00fcper Lig\u2019in 15. haftas\u0131nda deplasmanda oynanacak Trabzonspor ma\u00e7\u0131n\u0131n haz\u0131rl\u0131klar\u0131 devam ederken, tak\u0131mda son haftalarda forma \u015fans\u0131 bulan 23 ya\u015f\u0131ndaki orta saha oyuncular\u0131ndan Sedat \u015eahint\u00fcrk, antrenman \u00f6ncesi d\u00fczenlenen bas\u0131n toplant\u0131s\u0131nda gazetecilere a\u00e7\u0131klamalarda bulundu. Tak\u0131m olarak son haftalarda yakalad\u0131klar\u0131 ba\u015far\u0131l\u0131 grafiklerini devam ettirmek istediklerini vurgulayan \u015eahint\u00fcrk, \u201c\u00d6ncelikle 4 ma\u00e7t\u0131r s\u00fcren kaybetmeme serimizi devam ettirmek istiyoruz. Trabzon tabii ki zorlu bir deplasman, onlar da birlikte oynama al\u0131\u015fkanl\u0131\u011f\u0131na sahip bir tak\u0131m. Biz de yava\u015f yava\u015f daha \u00e7ok birbirimizle oynamaya al\u0131\u015f\u0131yoruz. Bu da sahaya ve skora yans\u0131yor. \u0130n\u015fallah bu hafta da iyi bir \u015fekilde m\u00fccadele edip puan veya puanlarla d\u00f6nmek istiyoruz\u201d diye konu\u015ftu.<\/p>\n<p>\u201cS\u00fcrekli \u00e7al\u0131\u015f\u0131yorum elimden geleni yap\u0131yorum\u201d<\/p>\n<p>\u0130lerleyen d\u00f6nemlerde daha fazla forma \u015fans\u0131 bulmak istedi\u011fini de belirten Sedat \u015eahint\u00fcrk, bir gazetecinin; \u2018taraftar seni \u00e7ok merak ediyor. Be\u015fikta\u015f taraftar\u0131 da seni takip ediyor. Ligin bu d\u00f6nemine kadar fazla forma \u015fans\u0131 bulamad\u0131n, bunu neye ba\u011fl\u0131yorsun?\u2019 sorusu \u00fczerine ise \u015funlar\u0131 s\u00f6yledi:<\/p>\n<p>\u201cAsl\u0131nda \u00e7al\u0131\u015fmalar\u0131ma devam ediyorum. S\u00fcrekli \u00e7al\u0131\u015f\u0131yorum, elimden geleni yap\u0131yorum. Kupa ma\u00e7lar\u0131nda \u015fans buldum, iyi de\u011ferlendirdi\u011fimi d\u00fc\u015f\u00fcn\u00fcyorum fakat ligde tecr\u00fcbe eksikli\u011fim var. Bunun fark\u0131nday\u0131m ama bu tecr\u00fcbe eksikli\u011fimi de \u00e7al\u0131\u015farak kapatmaya \u00e7al\u0131\u015f\u0131yorum. Hocam \u015fans verirse de de\u011ferlendirmek istiyorum. \u015eu an yapabilece\u011fim bu; elimden gelenin en iyisini yapmak \u00e7al\u0131\u015fmak ve \u015fans\u0131 beklemek.\u201d<\/p>\n","protected":false},"excerpt":{"rendered":"<p>DEN\u0130ZL\u0130SPOR&#8217;UN BA\u015eARILI FUTBOLCUSU SEDAT \u015eAH\u0130NT\u00dcRK, L\u0130GDE TECR\u00dcBE EKS\u0130KL\u0130\u011e\u0130N\u0130 OLDU\u011eUNU KAYDEDEREK, \u201cTECR\u00dcBE EKS\u0130KL\u0130\u011e\u0130M\u0130 DE \u00c7ALI\u015eARAK KAPATMAYA \u00c7ALI\u015eIYORUM HOCAM \u015eANS VER\u0130RSE DE DE\u011eERLEND\u0130RMEK \u0130ST\u0130YORUM \u015eU AN YAPAB\u0130LECE\u011e\u0130M BU EL\u0130MDEN GELEN\u0130N EN \u0130Y\u0130S\u0130N\u0130 YAPMAK \u00c7ALI\u015eMAK VE \u015eANSI BEKLEMEK\u201d DED\u0130.<\/p>\n","protected":false},"author":1,"featured_media":241596,"comment_status":"closed","ping_status":"open","sticky":false,"template":"","format":"standard","meta":{"jetpack_post_was_ever_published":false,"_jetpack_newsletter_access":"","_jetpack_dont_email_post_to_subs":false,"_jetpack_newsletter_tier_id":0,"_jetpack_memberships_contains_paywalled_content":false,"_jetpack_memberships_contains_paid_content":false,"footnotes":"","jetpack_publicize_message":"","jetpack_publicize_feature_enabled":true,"jetpack_social_post_already_shared":true,"jetpack_social_options":{"image_generator_settings":{"template":"highway","default_image_id":0,"font":"","enabled":false},"version":2}},"categories":[657],"tags":[8744,46068,60327,25841,60326,38896,1257],"class_list":["post-241595","post","type-post","status-publish","format-standard","has-post-thumbnail","hentry","category-spor","tag-calisarak","tag-calisiyorum","tag-eksikligimi","tag-kapatmaya","tag-sahinturk","tag-sedat","tag-tecrube"],"jetpack_publicize_connections":[],"jetpack_featured_media_url":"https:\/\/i0.wp.com\/www.tvturk.com\/wp-content\/uploads\/2019\/12\/sedat-sahinturk-tecrube-eksikligimi-calisarak-kapatmaya-calisiyorum_802ddb9.jpg?fit=1000%2C666","jetpack_sharing_enabled":true,"jetpack_shortlink":"https:\/\/wp.me\/paKIfm-10QH","_links":{"self":[{"href":"http:\/\/www.tvturk.com\/index.php\/wp-json\/wp\/v2\/posts\/241595","targetHints":{"allow":["GET"]}}],"collection":[{"href":"http:\/\/www.tvturk.com\/index.php\/wp-json\/wp\/v2\/posts"}],"about":[{"href":"http:\/\/www.tvturk.com\/index.php\/wp-json\/wp\/v2\/types\/post"}],"author":[{"embeddable":true,"href":"http:\/\/www.tvturk.com\/index.php\/wp-json\/wp\/v2\/users\/1"}],"replies":[{"embeddable":true,"href":"http:\/\/www.tvturk.com\/index.php\/wp-json\/wp\/v2\/comments?post=241595"}],"version-history":[{"count":0,"href":"http:\/\/www.tvturk.com\/index.php\/wp-json\/wp\/v2\/posts\/241595\/revisions"}],"wp:featuredmedia":[{"embeddable":true,"href":"http:\/\/www.tvturk.com\/index.php\/wp-json\/wp\/v2\/media\/241596"}],"wp:attachment":[{"href":"http:\/\/www.tvturk.com\/index.php\/wp-json\/wp\/v2\/media?parent=241595"}],"wp:term":[{"taxonomy":"category","embeddable":true,"href":"http:\/\/www.tvturk.com\/index.php\/wp-json\/wp\/v2\/categories?post=241595"},{"taxonomy":"post_tag","embeddable":true,"href":"http:\/\/www.tvturk.com\/index.php\/wp-json\/wp\/v2\/tags?post=241595"}],"curies":[{"name":"wp","href":"https:\/\/api.w.org\/{rel}","templated":true}]}}