{"id":24170,"date":"2019-02-12T11:16:05","date_gmt":"2019-02-12T08:16:05","guid":{"rendered":"http:\/\/www.tvturk.com\/index.php\/sera-paketi-turkiye-tarimi-icin-buyuk-firsat\/"},"modified":"2019-02-12T11:16:07","modified_gmt":"2019-02-12T08:16:07","slug":"sera-paketi-turkiye-tarimi-icin-buyuk-firsat","status":"publish","type":"post","link":"http:\/\/www.tvturk.com\/index.php\/sera-paketi-turkiye-tarimi-icin-buyuk-firsat\/","title":{"rendered":"Sera paketi T\u00fcrkiye Tar\u0131m\u0131 i\u00e7in b\u00fcy\u00fck f\u0131rsat"},"content":{"rendered":"<p>Bursa Ticaret Borsas\u0131 Ba\u015fkan\u0131 ve TOBB Y\u00f6netim Kurulu \u00dcyesi \u00d6zer Matl\u0131, serac\u0131l\u0131kla ilgili destek paketinin T\u00fcrkiye Tar\u0131m\u0131 i\u00e7in b\u00fcy\u00fck bir f\u0131rsat oldu\u011funu belirterek, &#8220;T\u00fcrkiye\u2019de muzun y\u00fczde 75\u2019i, salatal\u0131\u011f\u0131n y\u00fczde 60\u2019\u0131, sivri biberin y\u00fczde 42\u2019si, domatesin y\u00fczde 45\u2019i, patl\u0131can\u0131n y\u00fczde 32\u2019si serada \u00fcretiliyor. Fiyat art\u0131\u015f\u0131n\u0131 \u00f6nlemek ve istikrar\u0131 sa\u011flamak i\u00e7in sera destek paketi \u00e7ok \u00f6nemli&#8221; dedi.<\/p>\n<p>\u00d6zer Matl\u0131, ya\u015f sebze meyve fiyatlar\u0131ndaki art\u0131\u015f\u0131n \u00f6nlenmesi ve fiyat istikrar\u0131n\u0131n sa\u011flanmas\u0131 amac\u0131yla serac\u0131l\u0131k yat\u0131r\u0131mlar\u0131n\u0131n yeni bir kredi paketi ile desteklenmesini de\u011ferlendirdi.<\/p>\n<p>Matl\u0131; yeni a\u00e7\u0131klanan kredi paketi ile sera yat\u0131r\u0131mlar\u0131n\u0131n desteklenmesi, seralarda sebze \u00fcretiminin ve verimlili\u011finin art\u0131r\u0131lmas\u0131n\u0131n hedeflendi\u011fini belirterek, &#8220;T\u00fcrkiye \u00f6rt\u00fc alt\u0131 yeti\u015ftiricilik dendi\u011finde ilk akla gelen \u015fehirler Antalya, Mersin ve Adana\u2019d\u0131r. Bug\u00fcn \u00f6rt\u00fc alt\u0131 yeti\u015ftiricili\u011finde bu \u00fc\u00e7 ilin toplam \u00fcretimin y\u00fczde 75`ini tek ba\u015f\u0131na kar\u015f\u0131l\u0131yor. T\u00fcrkiye`de y\u0131ll\u0131k 7,8 milyon ton \u00fcretim yap\u0131l\u0131yor, Bursa\u2019da ise bin 72 dekar alanda \u00f6rt\u00fc alt\u0131 tar\u0131m uygulan\u0131yor. Bu konuda daha  etkin olunmal\u0131 &#8220;dedi.<\/p>\n<p>Tar\u0131m ve Orman Bakanl\u0131\u011f\u0131 verilerine g\u00f6re; T\u00fcrkiye\u2019de 752 bin dekar sera alan\u0131 oldu\u011funa vurgu yapan Matl\u0131; \u201cBu alanlar\u0131n 86 bin dekar\u0131 cam sera, 355 bin dekar\u0131 plastik sera, 120 bin dekar\u0131 y\u00fcksek t\u00fcnel, 191 bin dekar\u0131 al\u00e7ak t\u00fcnel ve sadece 13 bin dekarl\u0131k yani yakla\u015f\u0131k y\u00fczde 2\u2019lik bir alanda modern serac\u0131l\u0131k yap\u0131l\u0131yor. Modern seralar \u00fcretiminin y\u00fczde 70\u2019ini ihra\u00e7 ediyor. Avrupa\u2019da ihracatta son s\u0131rada ve en d\u00fc\u015f\u00fck fiyatla \u00fcr\u00fcn satan \u00fclke T\u00fcrkiye. Bu veriler serac\u0131l\u0131kta \u00f6nemli f\u0131rsatlar oldu\u011funu g\u00f6steriyor\u201d diye konu\u015ftu.<\/p>\n<p>BTB Ba\u015fkan\u0131 Matl\u0131, seralarda \u00fcretilen \u00fcr\u00fcn miktar\u0131n\u0131n a\u00e7\u0131kta \u00fcretilenden daha fazla oldu\u011funu, muz yeti\u015ftiricili\u011finde toplam \u00fcretimin y\u00fczde 75\u2019inin, salatal\u0131kta y\u00fczde 60\u2019n\u0131n, sivri biberde y\u00fczde 42\u2019sinin, sofral\u0131k domateste y\u00fczde 45\u2019inin, patl\u0131canda ise y\u00fczde 32\u2019sinin seralarda \u00fcretildi\u011fine dikkat \u00e7ekerek \u015funlar\u0131 s\u00f6yledi: &#8220;\u00dclkemiz \u015fartlar\u0131nda \u0131s\u0131tma giderleri sera karl\u0131l\u0131\u011f\u0131n\u0131 etkileyen en \u00f6nemli unsurlardan biridir. Serac\u0131l\u0131k i\u015fletmelerinde \u0131s\u0131tma giderleri, yeti\u015ftirme mevsimi, b\u00f6lge ve \u00fcr\u00fcn tipine ba\u011fl\u0131 olarak de\u011fi\u015fmekle birlikte, toplam maliyetin yakla\u015f\u0131k y\u00fczde 25-40\u2019\u0131n\u0131 olu\u015fturmaktad\u0131r. 1 dekar modern seran\u0131n kurulum maliyeti ortalama 40 ile 60 bin Euro aras\u0131nda de\u011fi\u015fmektedir. Elektrik enerjisi \u00fcretimi, \u0131s\u0131nma, serac\u0131l\u0131k, end\u00fcstriyel \u00fcr\u00fcn kurutmas\u0131, k\u00fclt\u00fcr bal\u0131k\u00e7\u0131l\u0131\u011f\u0131 gibi bir\u00e7ok alanda ciddi maliyet avantaj\u0131 sa\u011flayan jeotermal kaynaklar a\u00e7\u0131s\u0131ndan zengin olan Bursa, Bal\u0131kesir, K\u00fctahya, Afyon gibi illerimizde, var olan kaynaklar\u0131m\u0131z\u0131 daha etkin kullanabilirsek, iklim risklerini minimize edip, ihracatta \u00fcr\u00fcn \u00e7e\u015fitlili\u011fimizi artt\u0131rabiliriz. Bu kredi paketi T\u00fcrkiye Tar\u0131m\u0131 i\u00e7in b\u00fcy\u00fck f\u0131rsat\u201d<\/p>\n<p>BTB Y\u00f6netim Kurulu Ba\u015fkan\u0131 \u00d6zer Matl\u0131, ya\u015f sebze meyve fiyatlar\u0131ndaki art\u0131\u015f\u0131n \u00f6nlenmesi ve fiyat istikrar\u0131n\u0131n sa\u011flanmas\u0131 amac\u0131yla serac\u0131l\u0131k yat\u0131r\u0131mlar\u0131 i\u00e7in haz\u0131rlanan yeni serac\u0131l\u0131k kredi paketinin, 8 \u015eubat 2019 itibariyle y\u00fcr\u00fcrl\u00fc\u011fe girdi\u011fini, yat\u0131r\u0131m yapmak isteyenlerin Ziraat Bankas\u0131 \u015eubelerine ba\u015fvurmas\u0131 gerekti\u011fini hat\u0131rlatt\u0131.<\/p>\n<p>Serac\u0131l\u0131k Kredi Paketi Nedir?<\/p>\n<p>Yat\u0131r\u0131mc\u0131lar yeni sera yap\u0131m\u0131nda, yat\u0131r\u0131m harcamalar\u0131n\u0131n azami y\u00fczde 75\u2019ine kadar, y\u00fczde 8,25 faiz oran\u0131yla kredi kulland\u0131r\u0131labilecek. Yat\u0131r\u0131m kredilerine, yat\u0131r\u0131m\u0131n geri d\u00f6n\u00fc\u015f s\u00fcresine uygun olarak 7 y\u0131la kadar vade yap\u0131labilecek, geri \u00f6deme d\u00f6nemleri ve taksit miktarlar\u0131 da gelir miktar\u0131na ve gelir elde etme d\u00f6nemlerine g\u00f6re belirlenecek. Yeni yap\u0131lacak yat\u0131r\u0131mlarda, yat\u0131r\u0131m\u0131n b\u00fcy\u00fckl\u00fc\u011f\u00fcne ve i\u015fletmeye ge\u00e7i\u015f s\u00fcrecine ba\u011fl\u0131 olarak 2 y\u0131la kadar anapara \u00f6demesiz d\u00f6nem verilebilecek.<\/p>\n<p>Mevcut seralar\u0131n onar\u0131lmas\u0131, teknolojik altyap\u0131lar\u0131n\u0131n g\u00fc\u00e7lendirilmesi ve modernizasyonlar\u0131na y\u00f6nelik olarak da \u00fcreticilere, orta ve uzun vadeli yat\u0131r\u0131m kredileri kulland\u0131r\u0131labilecek. B\u00f6ylece mevcut seralar daha modern bir yap\u0131ya kavu\u015fturulacak ve verimlilikleri artt\u0131r\u0131lacak.<\/p>\n<p>Ya\u015fanan do\u011fal afetlerden etkilenen seralarla ilgili krediler, \u00fcreticilerin \u00f6deme g\u00fc\u00e7leri ve gelir elde etme d\u00f6nemlerine uygun \u015fekilde yeniden vadelendirilecek. Ayr\u0131ca bu \u00fcreticiler ihtiya\u00e7 duymalar\u0131 halinde, seralar\u0131n\u0131 yeniden kurmalar\u0131 ya da onarmalar\u0131 amac\u0131yla, \u00f6deme g\u00fc\u00e7leri dikkate al\u0131narak ilave kredi de kullanabilecek.<div class=\"tiled-gallery type-rectangular tiled-gallery-unresized\" data-original-width=\"500\" data-carousel-extra='null' itemscope itemtype=\"http:\/\/schema.org\/ImageGallery\" > <div class=\"gallery-row\" style=\"width: 500px; height: 500px;\" data-original-width=\"500\" data-original-height=\"500\" > <div class=\"gallery-group images-1\" style=\"width: 500px; height: 500px;\" data-original-width=\"500\" data-original-height=\"500\" > <div class=\"tiled-gallery-item tiled-gallery-item-large\" itemprop=\"associatedMedia\" itemscope itemtype=\"http:\/\/schema.org\/ImageObject\"> <a href=\"http:\/\/www.tvturk.com\/index.php\/sera-paketi-turkiye-tarimi-icin-buyuk-firsat\/sera-paketi-turkiye-tarimi-icin-buyuk-firsat-3\/\" border=\"0\" itemprop=\"url\"> <meta itemprop=\"width\" content=\"496\"> <meta itemprop=\"height\" content=\"496\"> <img decoding=\"async\" class=\"\" data-attachment-id=\"24172\" data-orig-file=\"http:\/\/www.tvturk.com\/wp-content\/uploads\/2019\/02\/sera-paketi-turkiye-tarimi-icin-buyuk-firsat_1e4daae.jpg\" data-orig-size=\"1000,1000\" data-comments-opened=\"\" data-image-meta=\"{&quot;aperture&quot;:&quot;0&quot;,&quot;credit&quot;:&quot;IHA&quot;,&quot;camera&quot;:&quot;&quot;,&quot;caption&quot;:&quot;BURSA T\\u0130CARET BORSASI BA\\u015eKANI \\u00d6ZER MATLI SERACILIK DESTEK PAKET\\u0130N\\u0130 DE\\u011eERLEND\\u0130RD\\u0130 (S\\u00dcLEYMAN AYDIN\\\/BURSA-\\u0130HA)&quot;,&quot;created_timestamp&quot;:&quot;0&quot;,&quot;copyright&quot;:&quot;\\u0130HLAS HABER AJANSI, www.iha.com.tr&quot;,&quot;focal_length&quot;:&quot;0&quot;,&quot;iso&quot;:&quot;0&quot;,&quot;shutter_speed&quot;:&quot;0&quot;,&quot;title&quot;:&quot;SERA PAKET\\u0130 T\\u00dcRK\\u0130YE TARIMI \\u0130\\u00c7\\u0130N B\\u00dcY\\u00dcK FIRSAT BURSA T\\u0130CARET BORSASI BA\\u015eKANI VE T\\u00dcRK\\u0130YE ODALAR BORSALAR B\\u0130RL\\u0130\\u011e\\u0130 Y\\u00d6NET\\u0130M KURULU \\u00dcYES\\u0130 \\u00d6ZER MATLI: \\u0022MUZUN Y\\u00dcZDE 75\\u0027\\u0130, SALATALI\\u011eIN Y\\u00dcZDE 60\\u0027I, S\\u0130VR\\u0130 B\\u0130BER\\u0130N Y\\u00dcZDE 42\\u0027S\\u0130, DOMATES\\u0130N Y\\u00dcZDE 45\\u0027\\u0130, PATLICANIN Y\\u00dcZDE 32\\u0027S\\u0130 SERADA \\u00dcRET\\u0130L\\u0130YOR\\u0022 \\u0022SERACILIK SEKT\\u00d6R\\u00dcNE Y\\u00d6NEL\\u0130K KRED\\u0130 PAKET\\u0130 T\\u00dcRK\\u0130YE TARIMI \\u0130\\u00c7\\u0130N B\\u00dcY\\u00dcK FIRSATTIR\\u0022&quot;,&quot;orientation&quot;:&quot;0&quot;}\" data-image-title=\"Sera paketi T\u00fcrkiye Tar\u0131m\u0131 i\u00e7in b\u00fcy\u00fck f\u0131rsat\" data-image-description=\"&lt;p&gt;Sera paketi T\u00fcrkiye Tar\u0131m\u0131 i\u00e7in b\u00fcy\u00fck f\u0131rsat&lt;\/p&gt; \" data-medium-file=\"https:\/\/i0.wp.com\/www.tvturk.com\/wp-content\/uploads\/2019\/02\/sera-paketi-turkiye-tarimi-icin-buyuk-firsat_1e4daae.jpg?fit=300%2C300\" data-large-file=\"https:\/\/i0.wp.com\/www.tvturk.com\/wp-content\/uploads\/2019\/02\/sera-paketi-turkiye-tarimi-icin-buyuk-firsat_1e4daae.jpg?fit=1000%2C1000\" src=\"https:\/\/i0.wp.com\/www.tvturk.com\/wp-content\/uploads\/2019\/02\/sera-paketi-turkiye-tarimi-icin-buyuk-firsat_1e4daae.jpg?w=496&#038;h=496&#038;crop=1\" srcset=\"https:\/\/i0.wp.com\/www.tvturk.com\/wp-content\/uploads\/2019\/02\/sera-paketi-turkiye-tarimi-icin-buyuk-firsat_1e4daae.jpg?w=1000 1000w, https:\/\/i0.wp.com\/www.tvturk.com\/wp-content\/uploads\/2019\/02\/sera-paketi-turkiye-tarimi-icin-buyuk-firsat_1e4daae.jpg?resize=150%2C150 150w, https:\/\/i0.wp.com\/www.tvturk.com\/wp-content\/uploads\/2019\/02\/sera-paketi-turkiye-tarimi-icin-buyuk-firsat_1e4daae.jpg?resize=300%2C300 300w, https:\/\/i0.wp.com\/www.tvturk.com\/wp-content\/uploads\/2019\/02\/sera-paketi-turkiye-tarimi-icin-buyuk-firsat_1e4daae.jpg?resize=768%2C768 768w\" width=\"496\" height=\"496\" loading=\"lazy\" data-original-width=\"496\" data-original-height=\"496\" itemprop=\"http:\/\/schema.org\/image\" title=\"Sera paketi T\u00fcrkiye Tar\u0131m\u0131 i\u00e7in b\u00fcy\u00fck f\u0131rsat\" alt=\"Sera paketi T\u00fcrkiye Tar\u0131m\u0131 i\u00e7in b\u00fcy\u00fck f\u0131rsat\" style=\"width: 496px; height: 496px;\" \/> <\/a> <\/div> <\/div> <!-- close group --> <\/div> <!-- close row --> <\/div><\/p>\n","protected":false},"excerpt":{"rendered":"<p>BURSA T\u0130CARET BORSASI BA\u015eKANI \u00d6ZER MATLI SERACILIK DESTEK PAKET\u0130N\u0130 DE\u011eERLEND\u0130RD\u0130<\/p>\n","protected":false},"author":1,"featured_media":24171,"comment_status":"closed","ping_status":"open","sticky":false,"template":"","format":"standard","meta":{"jetpack_post_was_ever_published":false,"_jetpack_newsletter_access":"","_jetpack_dont_email_post_to_subs":false,"_jetpack_newsletter_tier_id":0,"_jetpack_memberships_contains_paywalled_content":false,"_jetpack_memberships_contains_paid_content":false,"footnotes":"","jetpack_publicize_message":"","jetpack_publicize_feature_enabled":true,"jetpack_social_post_already_shared":false,"jetpack_social_options":{"image_generator_settings":{"template":"highway","default_image_id":0,"font":"","enabled":false},"version":2}},"categories":[19],"tags":[545,4837,44,4736,2012,10163,453],"class_list":["post-24170","post","type-post","status-publish","format-standard","has-post-thumbnail","hentry","category-ekonomi","tag-buyuk","tag-firsat","tag-icin","tag-paketi","tag-sera","tag-tarimi","tag-turkiye"],"jetpack_publicize_connections":[],"jetpack_featured_media_url":"https:\/\/i0.wp.com\/www.tvturk.com\/wp-content\/uploads\/2019\/02\/sera-paketi-turkiye-tarimi-icin-buyuk-firsat_880003e.jpg?fit=1000%2C666","jetpack_sharing_enabled":true,"jetpack_shortlink":"https:\/\/wp.me\/paKIfm-6hQ","_links":{"self":[{"href":"http:\/\/www.tvturk.com\/index.php\/wp-json\/wp\/v2\/posts\/24170","targetHints":{"allow":["GET"]}}],"collection":[{"href":"http:\/\/www.tvturk.com\/index.php\/wp-json\/wp\/v2\/posts"}],"about":[{"href":"http:\/\/www.tvturk.com\/index.php\/wp-json\/wp\/v2\/types\/post"}],"author":[{"embeddable":true,"href":"http:\/\/www.tvturk.com\/index.php\/wp-json\/wp\/v2\/users\/1"}],"replies":[{"embeddable":true,"href":"http:\/\/www.tvturk.com\/index.php\/wp-json\/wp\/v2\/comments?post=24170"}],"version-history":[{"count":1,"href":"http:\/\/www.tvturk.com\/index.php\/wp-json\/wp\/v2\/posts\/24170\/revisions"}],"predecessor-version":[{"id":24173,"href":"http:\/\/www.tvturk.com\/index.php\/wp-json\/wp\/v2\/posts\/24170\/revisions\/24173"}],"wp:featuredmedia":[{"embeddable":true,"href":"http:\/\/www.tvturk.com\/index.php\/wp-json\/wp\/v2\/media\/24171"}],"wp:attachment":[{"href":"http:\/\/www.tvturk.com\/index.php\/wp-json\/wp\/v2\/media?parent=24170"}],"wp:term":[{"taxonomy":"category","embeddable":true,"href":"http:\/\/www.tvturk.com\/index.php\/wp-json\/wp\/v2\/categories?post=24170"},{"taxonomy":"post_tag","embeddable":true,"href":"http:\/\/www.tvturk.com\/index.php\/wp-json\/wp\/v2\/tags?post=24170"}],"curies":[{"name":"wp","href":"https:\/\/api.w.org\/{rel}","templated":true}]}}