{"id":241773,"date":"2019-12-13T14:31:57","date_gmt":"2019-12-13T11:31:57","guid":{"rendered":"http:\/\/www.tvturk.com\/index.php\/kardemir-turkiyenin-en-kalin-capta-kangalini-uretti\/"},"modified":"2019-12-13T14:31:57","modified_gmt":"2019-12-13T11:31:57","slug":"kardemir-turkiyenin-en-kalin-capta-kangalini-uretti","status":"publish","type":"post","link":"http:\/\/www.tvturk.com\/index.php\/kardemir-turkiyenin-en-kalin-capta-kangalini-uretti\/","title":{"rendered":"KARDEM\u0130R T\u00fcrkiye\u2019nin en kal\u0131n \u00e7apta kangal\u0131n\u0131 \u00fcretti"},"content":{"rendered":"<p>Karab\u00fck Demir ve \u00c7elik Fabrikalar\u0131 A.\u015e (KARDEM\u0130R) taraf\u0131ndan T\u00fcrkiye\u2019nin en kal\u0131n \u00e7apta kangal \u00fcretimi yap\u0131ld\u0131.<\/p>\n<p>KARDEM\u0130R Genel M\u00fcd\u00fcr\u00fc H\u00fcseyin Soykan, KARDEM\u0130R\u2019in kurdu\u011fu \u00e7ubuk kangal tesislerinde otomotiv, savunma ve makine imalat sanayi sekt\u00f6rlerine y\u00f6nelik vas\u0131fl\u0131 \u00e7elik \u00fcretmeye devam etti\u011fini s\u00f6yledi.<\/p>\n<p>Fabrikan\u0131n, somun imalat\u0131na uygun T\u00fcrkiye\u2019nin en kal\u0131n \u00e7apta kangal \u00fcretimini de ba\u015far\u0131yla ger\u00e7ekle\u015ftirdi\u011fini ifade eden Soykan, &#8220;Esnek bir \u00fcretim yap\u0131s\u0131na sahip \u00c7ubuk ve Kangal Haddehanemizde, otomotiv, savunma ve makine imalat sekt\u00f6rleri ba\u015fta olmak \u00fczere, bir\u00e7ok sekt\u00f6r i\u00e7in muhtelif kalite ve \u00e7aplarda \u00fcr\u00fcn geli\u015ftirme \u00e7al\u0131\u015fmalar\u0131m\u0131z devam ediyor. Sahip oldu\u011fumuz IATF 16949 Otomotiv Y\u00f6netim Sistemi ile birlikte \u00f6zellikle yerli otomotiv \u00fcretimimize de ciddi katk\u0131lar\u0131 olmas\u0131n\u0131 bekledi\u011fimiz ba\u011flant\u0131 elemanlar\u0131 imalat\u0131na uygun \u00e7elik kalitelerini \u00fclkemizin \u00f6nde gelen c\u0131vata ve somun \u00fcreticileri ile birlikte geli\u015ftiriyoruz. Bu kapsamda, somun imalat\u0131na uygun 38 ve 42 milimetre \u00e7aplar\u0131nda 1006 kalite kangal ile bu alanda T\u00fcrkiye\u2019nin ilk \u00fcretimini ger\u00e7ekle\u015ftirmi\u015f olduk. T\u00fcm \u00e7al\u0131\u015fanlar\u0131m\u0131 kutluyorum. Emeklerine ve al\u0131n terlerine sa\u011fl\u0131k. Sekt\u00f6r\u00fcn tamamen ithalat yolu ile kar\u015f\u0131lad\u0131\u011f\u0131 kal\u0131n \u00e7aplardaki kangal \u00fcr\u00fcnlerimizin \u00e7e\u015fitlenmesi, \u00fclkemizin d\u0131\u015f ticaretine olumlu katk\u0131da bulunacakt\u0131r&#8221; dedi.<\/p>\n","protected":false},"excerpt":{"rendered":"<p>KARAB\u00dcK DEM\u0130R VE \u00c7EL\u0130K FABR\u0130KALARI A.\u015e (KARDEM\u0130R) TARAFINDAN T\u00dcRK\u0130YE&#8217;N\u0130N EN KALIN \u00c7APTA KANGAL \u00dcRET\u0130M\u0130 YAPILDI.<\/p>\n","protected":false},"author":1,"featured_media":241774,"comment_status":"closed","ping_status":"open","sticky":false,"template":"","format":"standard","meta":{"jetpack_post_was_ever_published":false,"_jetpack_newsletter_access":"","_jetpack_dont_email_post_to_subs":false,"_jetpack_newsletter_tier_id":0,"_jetpack_memberships_contains_paywalled_content":false,"_jetpack_memberships_contains_paid_content":false,"footnotes":"","jetpack_publicize_message":"","jetpack_publicize_feature_enabled":true,"jetpack_social_post_already_shared":true,"jetpack_social_options":{"image_generator_settings":{"template":"highway","default_image_id":0,"font":"","enabled":false},"version":2}},"categories":[19],"tags":[60381,5516,24344,3347,177,3311],"class_list":["post-241773","post","type-post","status-publish","format-standard","has-post-thumbnail","hentry","category-ekonomi","tag-capta","tag-kalin","tag-kangalini","tag-kardemir","tag-turkiyenin","tag-uretti"],"jetpack_publicize_connections":[],"jetpack_featured_media_url":"https:\/\/i0.wp.com\/www.tvturk.com\/wp-content\/uploads\/2019\/12\/kardemir-turkiyenin-en-kalin-capta-kangalini-uretti_2afb467.jpg?fit=1000%2C666","jetpack_sharing_enabled":true,"jetpack_shortlink":"https:\/\/wp.me\/paKIfm-10Tz","_links":{"self":[{"href":"http:\/\/www.tvturk.com\/index.php\/wp-json\/wp\/v2\/posts\/241773","targetHints":{"allow":["GET"]}}],"collection":[{"href":"http:\/\/www.tvturk.com\/index.php\/wp-json\/wp\/v2\/posts"}],"about":[{"href":"http:\/\/www.tvturk.com\/index.php\/wp-json\/wp\/v2\/types\/post"}],"author":[{"embeddable":true,"href":"http:\/\/www.tvturk.com\/index.php\/wp-json\/wp\/v2\/users\/1"}],"replies":[{"embeddable":true,"href":"http:\/\/www.tvturk.com\/index.php\/wp-json\/wp\/v2\/comments?post=241773"}],"version-history":[{"count":0,"href":"http:\/\/www.tvturk.com\/index.php\/wp-json\/wp\/v2\/posts\/241773\/revisions"}],"wp:featuredmedia":[{"embeddable":true,"href":"http:\/\/www.tvturk.com\/index.php\/wp-json\/wp\/v2\/media\/241774"}],"wp:attachment":[{"href":"http:\/\/www.tvturk.com\/index.php\/wp-json\/wp\/v2\/media?parent=241773"}],"wp:term":[{"taxonomy":"category","embeddable":true,"href":"http:\/\/www.tvturk.com\/index.php\/wp-json\/wp\/v2\/categories?post=241773"},{"taxonomy":"post_tag","embeddable":true,"href":"http:\/\/www.tvturk.com\/index.php\/wp-json\/wp\/v2\/tags?post=241773"}],"curies":[{"name":"wp","href":"https:\/\/api.w.org\/{rel}","templated":true}]}}