{"id":241821,"date":"2019-12-13T15:34:07","date_gmt":"2019-12-13T12:34:07","guid":{"rendered":"http:\/\/www.tvturk.com\/index.php\/sivas-belediyesporda-hayrullah-mert-akyuz-kadro-disi\/"},"modified":"2019-12-13T15:34:07","modified_gmt":"2019-12-13T12:34:07","slug":"sivas-belediyesporda-hayrullah-mert-akyuz-kadro-disi","status":"publish","type":"post","link":"http:\/\/www.tvturk.com\/index.php\/sivas-belediyesporda-hayrullah-mert-akyuz-kadro-disi\/","title":{"rendered":"Sivas Belediyespor\u2019da Hayrullah Mert Aky\u00fcz kadro d\u0131\u015f\u0131"},"content":{"rendered":"<p>TFF 2. Lig K\u0131rm\u0131z\u0131 Grup tak\u0131mlar\u0131ndan Sivas Belediyespor\u2019da kaleci Hayrullah Mert Aky\u00fcz, disiplinsiz davran\u0131\u015flar\u0131ndan dolay\u0131 s\u00fcresiz kadro d\u0131\u015f\u0131 b\u0131rak\u0131ld\u0131.<\/p>\n<p>Sezon ba\u015f\u0131nda TFF 1. Lig tak\u0131mlar\u0131ndan Adanaspor\u2019dan, Sivas Belediyespor\u2019a transfer olan 25 ya\u015f\u0131ndaki kaleci Hayrullah Mert Aky\u00fcz, Sivas Belediyespor y\u00f6netim kurulunun karar\u0131yla disiplinsiz davran\u0131\u015flar\u0131ndan dolay\u0131 s\u00fcresiz olarak kadro d\u0131\u015f\u0131 kald\u0131.<\/p>\n<p>Konu ile ilgili Sivas Belediyespor\u2019un sosyal medya hesab\u0131ndan yap\u0131lan a\u00e7\u0131klamada, &#8220;Y\u00f6netim kurulumuzun ald\u0131\u011f\u0131 karar gere\u011fince; profesyonel kalecimiz Hayrullah Mert Aky\u00fcz devre aras\u0131 transfer d\u00f6neminde serbest kalabilmek i\u00e7in, ma\u00e7lar\u0131m\u0131z devam ederken ligdeki y\u00fckselen grafi\u011fimizi tak\u0131m\u0131m\u0131z\u0131n itibar\u0131n\u0131 zedeleyerek ve y\u00f6netim kurulumuza yapt\u0131\u011f\u0131 sayg\u0131s\u0131zl\u0131k ve kul\u00fcb\u00fcm\u00fczdeki i\u00e7 huzuru bozmaktan, disiplinsiz hareketlerinden dolay\u0131 tak\u0131m\u0131m\u0131za faydal\u0131 olamayaca\u011f\u0131 d\u00fc\u015f\u00fcn\u00fclerek s\u00fcresiz kadro d\u0131\u015f\u0131 b\u0131rak\u0131lmas\u0131na oy birli\u011fi ile karar verilmi\u015ftir&#8221; ifadelerini kullan\u0131ld\u0131.<\/p>\n","protected":false},"excerpt":{"rendered":"<p>T\u00dcRK\u0130YE FUTBOL FEDERASYONU 2. L\u0130G KIRMIZI GRUP TAKIMLARINDAN S\u0130VAS BELED\u0130YESPOR\u2019DA, M\u0130LL\u0130 KALEC\u0130 HAYRULLAH MERT AKY\u00dcZ, D\u0130S\u0130PL\u0130NS\u0130Z DAVRANI\u015eLARINDAN DOLAYI S\u00dcRES\u0130Z KADRO DI\u015eI BIRAKILDI.<\/p>\n","protected":false},"author":1,"featured_media":241822,"comment_status":"closed","ping_status":"open","sticky":false,"template":"","format":"standard","meta":{"jetpack_post_was_ever_published":false,"_jetpack_newsletter_access":"","_jetpack_dont_email_post_to_subs":false,"_jetpack_newsletter_tier_id":0,"_jetpack_memberships_contains_paywalled_content":false,"_jetpack_memberships_contains_paid_content":false,"footnotes":"","jetpack_publicize_message":"","jetpack_publicize_feature_enabled":true,"jetpack_social_post_already_shared":true,"jetpack_social_options":{"image_generator_settings":{"template":"highway","default_image_id":0,"font":"","enabled":false},"version":2}},"categories":[657],"tags":[38764,6509,1852,51717,267,22199,4247],"class_list":["post-241821","post","type-post","status-publish","format-standard","has-post-thumbnail","hentry","category-spor","tag-akyuz","tag-belediyesporda","tag-disi","tag-hayrullah","tag-kadro","tag-mert","tag-sivas"],"jetpack_publicize_connections":[],"jetpack_featured_media_url":"https:\/\/i0.wp.com\/www.tvturk.com\/wp-content\/uploads\/2019\/12\/sivas-belediyesporda-hayrullah-mert-akyuz-kadro-disi_57b1e12.jpg?fit=1000%2C676","jetpack_sharing_enabled":true,"jetpack_shortlink":"https:\/\/wp.me\/paKIfm-10Ul","_links":{"self":[{"href":"http:\/\/www.tvturk.com\/index.php\/wp-json\/wp\/v2\/posts\/241821","targetHints":{"allow":["GET"]}}],"collection":[{"href":"http:\/\/www.tvturk.com\/index.php\/wp-json\/wp\/v2\/posts"}],"about":[{"href":"http:\/\/www.tvturk.com\/index.php\/wp-json\/wp\/v2\/types\/post"}],"author":[{"embeddable":true,"href":"http:\/\/www.tvturk.com\/index.php\/wp-json\/wp\/v2\/users\/1"}],"replies":[{"embeddable":true,"href":"http:\/\/www.tvturk.com\/index.php\/wp-json\/wp\/v2\/comments?post=241821"}],"version-history":[{"count":0,"href":"http:\/\/www.tvturk.com\/index.php\/wp-json\/wp\/v2\/posts\/241821\/revisions"}],"wp:featuredmedia":[{"embeddable":true,"href":"http:\/\/www.tvturk.com\/index.php\/wp-json\/wp\/v2\/media\/241822"}],"wp:attachment":[{"href":"http:\/\/www.tvturk.com\/index.php\/wp-json\/wp\/v2\/media?parent=241821"}],"wp:term":[{"taxonomy":"category","embeddable":true,"href":"http:\/\/www.tvturk.com\/index.php\/wp-json\/wp\/v2\/categories?post=241821"},{"taxonomy":"post_tag","embeddable":true,"href":"http:\/\/www.tvturk.com\/index.php\/wp-json\/wp\/v2\/tags?post=241821"}],"curies":[{"name":"wp","href":"https:\/\/api.w.org\/{rel}","templated":true}]}}