{"id":241893,"date":"2019-12-13T17:46:38","date_gmt":"2019-12-13T14:46:38","guid":{"rendered":"http:\/\/www.tvturk.com\/index.php\/dunya-capinda-duzenlenen-grevler-kosovaya-da-sicradi\/"},"modified":"2019-12-13T17:46:38","modified_gmt":"2019-12-13T14:46:38","slug":"dunya-capinda-duzenlenen-grevler-kosovaya-da-sicradi","status":"publish","type":"post","link":"http:\/\/www.tvturk.com\/index.php\/dunya-capinda-duzenlenen-grevler-kosovaya-da-sicradi\/","title":{"rendered":"D\u00fcnya \u00e7ap\u0131nda d\u00fczenlenen grevler Kosova\u2019ya da s\u0131\u00e7rad\u0131"},"content":{"rendered":"<p>Kosova\u2019da sa\u011fl\u0131k ve e\u011fitim \u00e7al\u0131\u015fanlar\u0131 zam talebiyle greve gitti.<\/p>\n<p>D\u00fcnya genelinde art\u0131\u015f g\u00f6steren grevler Kosova\u2019ya da s\u0131\u00e7rad\u0131. Sa\u011fl\u0131k \u00e7al\u0131\u015fanlar\u0131 \u201cYeni yasa ile zam bekliyoruz\u201d slogan\u0131yla bug\u00fcn grev karar\u0131 ald\u0131. Kosova Sa\u011fl\u0131k Sendikalar\u0131 Federasyonunun karar\u0131 do\u011frultusunda sabah saat 07.00\u2019de ba\u015flayan grev 15.00\u2019e kadar s\u00fcrd\u00fc. Grevin ba\u015flad\u0131\u011f\u0131 saatlerden itibaren Pri\u015ftine Hastanesi dahil olmak \u00fczere, aile sa\u011fl\u0131k merkezlerinde de vatanda\u015flara hizmet verilmedi. Grev nedeniyle sa\u011fl\u0131k hizmeti alamayan vatanda\u015flar, hastane ve aile sa\u011fl\u0131k merkezinin kap\u0131lar\u0131ndan d\u00f6nmek zorunda kald\u0131.<\/p>\n<p>\u00d6\u011fretmenler de greve gitti<\/p>\n<p>E\u011fitim Sendikalar\u0131 Birli\u011fi Y\u00f6netim Kurulu da ald\u0131\u011f\u0131 kararla 2 saatlik greve gitti. Kosova genelinde e\u011fitimciler de grev yapt\u0131. Maa\u015f yasas\u0131n\u0131n uygulanmamas\u0131 nedeniyle e\u011fitimciler 2 saat i\u015f b\u0131rakt\u0131. E\u011fitim Sendikalar\u0131 Birli\u011fi Ba\u015fkan Yard\u0131mc\u0131s\u0131 Vjollca Shala, \u201cEn k\u0131sa s\u00fcrede, e\u011fitimci ve sendika \u00fcyeleri ile bir araya gelerek konuyla ilgili d\u00fc\u015f\u00fcncelerini alaca\u011f\u0131z. G\u00f6r\u00fc\u015fmelerin ard\u0131ndan \u00f6n\u00fcm\u00fczdeki zamanlar i\u00e7in bir karar alaca\u011f\u0131z. Grev karar\u0131n\u0131n devam etmesi ihtimalini d\u0131\u015flam\u0131yorum. Ancak grev yap\u0131lacak da diyemem. E\u011fitim Sendikalar\u0131 Birli\u011fi Y\u00f6netim Kurulu gerekli karar\u0131 alacakt\u0131r\u201d ifadelerini kulland\u0131.<\/p>\n<p>\u00d6te yandan Kosova Ombudsman\u0131 Hilmi Jashari, maa\u015f yasas\u0131n\u0131 Anayasa Mahkemesine ta\u015f\u0131m\u0131\u015ft\u0131. Anayasa Mahkemesi ise d\u00fcn ald\u0131\u011f\u0131 kararla yasay\u0131 30 Mart 2020 tarihine kadar erteledi\u011fini duyurmu\u015ftu.<\/p>\n","protected":false},"excerpt":{"rendered":"<p>KOSOVA\u2019DA SA\u011eLIK VE E\u011e\u0130T\u0130M ALANINDA \u00c7ALI\u015eANLAR MAA\u015e YASASINI KAPSAMINDAN \u00dcCRET TALEP EDEREK GREVE G\u0130TT\u0130.<\/p>\n","protected":false},"author":1,"featured_media":241894,"comment_status":"closed","ping_status":"open","sticky":false,"template":"","format":"standard","meta":{"jetpack_post_was_ever_published":false,"_jetpack_newsletter_access":"","_jetpack_dont_email_post_to_subs":false,"_jetpack_newsletter_tier_id":0,"_jetpack_memberships_contains_paywalled_content":false,"_jetpack_memberships_contains_paid_content":false,"footnotes":"","jetpack_publicize_message":"","jetpack_publicize_feature_enabled":true,"jetpack_social_post_already_shared":true,"jetpack_social_options":{"image_generator_settings":{"template":"highway","default_image_id":0,"font":"","enabled":false},"version":2}},"categories":[10],"tags":[349,22868,4219,60417,40297,15037],"class_list":["post-241893","post","type-post","status-publish","format-standard","has-post-thumbnail","hentry","category-dunya","tag-dunya","tag-capinda","tag-duzenlenen","tag-grevler","tag-kosovaya","tag-sicradi"],"jetpack_publicize_connections":[],"jetpack_featured_media_url":"https:\/\/i0.wp.com\/www.tvturk.com\/wp-content\/uploads\/2019\/12\/dunya-capinda-duzenlenen-grevler-kosovaya-da-sicradi_e0c5cdc.jpg?fit=1000%2C750","jetpack_sharing_enabled":true,"jetpack_shortlink":"https:\/\/wp.me\/paKIfm-10Vv","_links":{"self":[{"href":"http:\/\/www.tvturk.com\/index.php\/wp-json\/wp\/v2\/posts\/241893","targetHints":{"allow":["GET"]}}],"collection":[{"href":"http:\/\/www.tvturk.com\/index.php\/wp-json\/wp\/v2\/posts"}],"about":[{"href":"http:\/\/www.tvturk.com\/index.php\/wp-json\/wp\/v2\/types\/post"}],"author":[{"embeddable":true,"href":"http:\/\/www.tvturk.com\/index.php\/wp-json\/wp\/v2\/users\/1"}],"replies":[{"embeddable":true,"href":"http:\/\/www.tvturk.com\/index.php\/wp-json\/wp\/v2\/comments?post=241893"}],"version-history":[{"count":0,"href":"http:\/\/www.tvturk.com\/index.php\/wp-json\/wp\/v2\/posts\/241893\/revisions"}],"wp:featuredmedia":[{"embeddable":true,"href":"http:\/\/www.tvturk.com\/index.php\/wp-json\/wp\/v2\/media\/241894"}],"wp:attachment":[{"href":"http:\/\/www.tvturk.com\/index.php\/wp-json\/wp\/v2\/media?parent=241893"}],"wp:term":[{"taxonomy":"category","embeddable":true,"href":"http:\/\/www.tvturk.com\/index.php\/wp-json\/wp\/v2\/categories?post=241893"},{"taxonomy":"post_tag","embeddable":true,"href":"http:\/\/www.tvturk.com\/index.php\/wp-json\/wp\/v2\/tags?post=241893"}],"curies":[{"name":"wp","href":"https:\/\/api.w.org\/{rel}","templated":true}]}}