{"id":24214,"date":"2019-02-12T11:21:04","date_gmt":"2019-02-12T08:21:04","guid":{"rendered":"http:\/\/www.tvturk.com\/index.php\/bucakta-bahar-budasi\/"},"modified":"2019-02-12T11:21:05","modified_gmt":"2019-02-12T08:21:05","slug":"bucakta-bahar-budasi","status":"publish","type":"post","link":"http:\/\/www.tvturk.com\/index.php\/bucakta-bahar-budasi\/","title":{"rendered":"Bucak\u2019ta bahar budas\u0131"},"content":{"rendered":"<p>Burdur\u2019un Bucak il\u00e7esi\u2019nde ref\u00fcjlerde bulunan a\u011fa\u00e7larda bahar budama \u00e7al\u0131\u015fmalar\u0131 ba\u015flad\u0131.<\/p>\n<p>Bucak Belediyesi Park ve Bah\u00e7eler M\u00fcd\u00fcrl\u00fc\u011f\u00fc taraf\u0131ndan ref\u00fcjlerde bulunan a\u011fa\u00e7lar\u0131n bak\u0131m ve budama \u00e7al\u0131\u015fmalar\u0131na ba\u015flan\u0131ld\u0131. Belediye Park ve Bah\u00e7eler M\u00fcd\u00fcrl\u00fc\u011f\u00fc il\u00e7ede caddelerde bulunan a\u011fa\u00e7lar\u0131n bak\u0131m ve budama \u00e7al\u0131\u015fmalar\u0131 tamamland\u0131ktan sonra ayn\u0131 \u00e7al\u0131\u015fmalar\u0131n \u00e7ocuk bah\u00e7elerinde ve parklarda da yapaca\u011f\u0131n\u0131 belirttiler.<\/p>\n<p>Bucak Belediyesi Park ve Bah\u00e7eler M\u00fcd\u00fcrl\u00fc\u011f\u00fc yetkilileri bahar ay\u0131 gelmeden il\u00e7ede ref\u00fcj, \u00e7ocuk bah\u00e7eleri ve parklardaki t\u00fcm a\u011fa\u00e7lar\u0131n bak\u0131m ve budama \u00e7al\u0131\u015fmalar\u0131n\u0131n tamamlanaca\u011f\u0131 dile getirdi.<div class=\"tiled-gallery type-rectangular tiled-gallery-unresized\" data-original-width=\"500\" data-carousel-extra='null' itemscope itemtype=\"http:\/\/schema.org\/ImageGallery\" > <div class=\"gallery-row\" style=\"width: 500px; height: 284px;\" data-original-width=\"500\" data-original-height=\"284\" > <div class=\"gallery-group images-1\" style=\"width: 500px; height: 284px;\" data-original-width=\"500\" data-original-height=\"284\" > <div class=\"tiled-gallery-item tiled-gallery-item-large\" itemprop=\"associatedMedia\" itemscope itemtype=\"http:\/\/schema.org\/ImageObject\"> <a href=\"http:\/\/www.tvturk.com\/index.php\/bucakta-bahar-budasi\/bucakta-bahar-budasi-3\/\" border=\"0\" itemprop=\"url\"> <meta itemprop=\"width\" content=\"496\"> <meta itemprop=\"height\" content=\"280\"> <img decoding=\"async\" class=\"\" data-attachment-id=\"24216\" data-orig-file=\"http:\/\/www.tvturk.com\/wp-content\/uploads\/2019\/02\/bucakta-bahar-budasi_72443a0.jpg\" data-orig-size=\"1000,564\" data-comments-opened=\"\" data-image-meta=\"{&quot;aperture&quot;:&quot;0&quot;,&quot;credit&quot;:&quot;IHA&quot;,&quot;camera&quot;:&quot;&quot;,&quot;caption&quot;:&quot;BURDUR\\u2019UN BUCAK \\u0130L\\u00c7ES\\u0130\\u2019NDE REF\\u00dcJLERDE BULUNAN A\\u011eA\\u00c7LARDA BAHAR BUDAMA \\u00c7ALI\\u015eMALARI BA\\u015eLADI. (\\u0130HA\\\/BURDUR-\\u0130HA)&quot;,&quot;created_timestamp&quot;:&quot;0&quot;,&quot;copyright&quot;:&quot;\\u0130HLAS HABER AJANSI, www.iha.com.tr&quot;,&quot;focal_length&quot;:&quot;0&quot;,&quot;iso&quot;:&quot;0&quot;,&quot;shutter_speed&quot;:&quot;0&quot;,&quot;title&quot;:&quot;BUCAK\\u2019TA BAHAR BUDASI&quot;,&quot;orientation&quot;:&quot;0&quot;}\" data-image-title=\"Bucak\u2019ta bahar budas\u0131\" data-image-description=\"&lt;p&gt;Bucak\u2019ta bahar budas\u0131&lt;\/p&gt; \" data-medium-file=\"https:\/\/i0.wp.com\/www.tvturk.com\/wp-content\/uploads\/2019\/02\/bucakta-bahar-budasi_72443a0.jpg?fit=300%2C169\" data-large-file=\"https:\/\/i0.wp.com\/www.tvturk.com\/wp-content\/uploads\/2019\/02\/bucakta-bahar-budasi_72443a0.jpg?fit=1000%2C564\" src=\"https:\/\/i0.wp.com\/www.tvturk.com\/wp-content\/uploads\/2019\/02\/bucakta-bahar-budasi_72443a0.jpg?w=496&#038;h=280\" srcset=\"https:\/\/i0.wp.com\/www.tvturk.com\/wp-content\/uploads\/2019\/02\/bucakta-bahar-budasi_72443a0.jpg?w=1000 1000w, https:\/\/i0.wp.com\/www.tvturk.com\/wp-content\/uploads\/2019\/02\/bucakta-bahar-budasi_72443a0.jpg?resize=150%2C85 150w, https:\/\/i0.wp.com\/www.tvturk.com\/wp-content\/uploads\/2019\/02\/bucakta-bahar-budasi_72443a0.jpg?resize=300%2C169 300w, https:\/\/i0.wp.com\/www.tvturk.com\/wp-content\/uploads\/2019\/02\/bucakta-bahar-budasi_72443a0.jpg?resize=768%2C433 768w, https:\/\/i0.wp.com\/www.tvturk.com\/wp-content\/uploads\/2019\/02\/bucakta-bahar-budasi_72443a0.jpg?resize=200%2C113 200w\" width=\"496\" height=\"280\" loading=\"lazy\" data-original-width=\"496\" data-original-height=\"280\" itemprop=\"http:\/\/schema.org\/image\" title=\"Bucak\u2019ta bahar budas\u0131\" alt=\"Bucak\u2019ta bahar budas\u0131\" style=\"width: 496px; height: 280px;\" \/> <\/a> <\/div> <\/div> <!-- close group --> <\/div> <!-- close row --> <\/div><\/p>\n","protected":false},"excerpt":{"rendered":"<p>BURDUR\u2019UN BUCAK \u0130L\u00c7ES\u0130\u2019NDE REF\u00dcJLERDE BULUNAN A\u011eA\u00c7LARDA BAHAR BUDAMA \u00c7ALI\u015eMALARI BA\u015eLADI.<\/p>\n","protected":false},"author":1,"featured_media":24215,"comment_status":"closed","ping_status":"open","sticky":false,"template":"","format":"standard","meta":{"jetpack_post_was_ever_published":false,"_jetpack_newsletter_access":"","_jetpack_dont_email_post_to_subs":false,"_jetpack_newsletter_tier_id":0,"_jetpack_memberships_contains_paywalled_content":false,"_jetpack_memberships_contains_paid_content":false,"footnotes":"","jetpack_publicize_message":"","jetpack_publicize_feature_enabled":true,"jetpack_social_post_already_shared":false,"jetpack_social_options":{"image_generator_settings":{"template":"highway","default_image_id":0,"font":"","enabled":false},"version":2}},"categories":[655],"tags":[7451,10179,10180],"class_list":["post-24214","post","type-post","status-publish","format-standard","has-post-thumbnail","hentry","category-son-dakika","tag-bahar","tag-bucakta","tag-budasi"],"jetpack_publicize_connections":[],"jetpack_featured_media_url":"https:\/\/i0.wp.com\/www.tvturk.com\/wp-content\/uploads\/2019\/02\/bucakta-bahar-budasi_121cd9c.jpg?fit=1000%2C564","jetpack_sharing_enabled":true,"jetpack_shortlink":"https:\/\/wp.me\/paKIfm-6iy","_links":{"self":[{"href":"http:\/\/www.tvturk.com\/index.php\/wp-json\/wp\/v2\/posts\/24214","targetHints":{"allow":["GET"]}}],"collection":[{"href":"http:\/\/www.tvturk.com\/index.php\/wp-json\/wp\/v2\/posts"}],"about":[{"href":"http:\/\/www.tvturk.com\/index.php\/wp-json\/wp\/v2\/types\/post"}],"author":[{"embeddable":true,"href":"http:\/\/www.tvturk.com\/index.php\/wp-json\/wp\/v2\/users\/1"}],"replies":[{"embeddable":true,"href":"http:\/\/www.tvturk.com\/index.php\/wp-json\/wp\/v2\/comments?post=24214"}],"version-history":[{"count":1,"href":"http:\/\/www.tvturk.com\/index.php\/wp-json\/wp\/v2\/posts\/24214\/revisions"}],"predecessor-version":[{"id":24217,"href":"http:\/\/www.tvturk.com\/index.php\/wp-json\/wp\/v2\/posts\/24214\/revisions\/24217"}],"wp:featuredmedia":[{"embeddable":true,"href":"http:\/\/www.tvturk.com\/index.php\/wp-json\/wp\/v2\/media\/24215"}],"wp:attachment":[{"href":"http:\/\/www.tvturk.com\/index.php\/wp-json\/wp\/v2\/media?parent=24214"}],"wp:term":[{"taxonomy":"category","embeddable":true,"href":"http:\/\/www.tvturk.com\/index.php\/wp-json\/wp\/v2\/categories?post=24214"},{"taxonomy":"post_tag","embeddable":true,"href":"http:\/\/www.tvturk.com\/index.php\/wp-json\/wp\/v2\/tags?post=24214"}],"curies":[{"name":"wp","href":"https:\/\/api.w.org\/{rel}","templated":true}]}}