{"id":242427,"date":"2019-12-14T16:34:51","date_gmt":"2019-12-14T13:34:51","guid":{"rendered":"http:\/\/www.tvturk.com\/index.php\/baskan-bilginden-fenerbahce-maci-oncesi-sivasspora-moral-ziyareti\/"},"modified":"2019-12-14T16:34:51","modified_gmt":"2019-12-14T13:34:51","slug":"baskan-bilginden-fenerbahce-maci-oncesi-sivasspora-moral-ziyareti","status":"publish","type":"post","link":"http:\/\/www.tvturk.com\/index.php\/baskan-bilginden-fenerbahce-maci-oncesi-sivasspora-moral-ziyareti\/","title":{"rendered":"Ba\u015fkan Bilgin\u2019den Fenerbah\u00e7e ma\u00e7\u0131 \u00f6ncesi Sivasspor\u2019a moral ziyareti"},"content":{"rendered":"<p>Sivas Belediye Ba\u015fkan\u0131 Hilmi Bilgin, yar\u0131n oynanacak olan Fenerbah\u00e7e ma\u00e7\u0131 \u00f6ncesi Sivasspor Kul\u00fcb\u00fc\u2019ne moral ziyaretinde bulundu.<\/p>\n<p>Sivasspor\u2019un destek\u00e7isi olan Sivas Belediye Ba\u015fkan\u0131 Hilmi Bilgin; DG Sivasspor-Fenerbah\u00e7e ma\u00e7\u0131 \u00f6ncesinde Kul\u00fcp Ba\u015fkan\u0131 Mecnun Otyakmaz, y\u00f6neticiler, Teknik Direkt\u00f6r R\u0131za \u00c7al\u0131mbay ve futbolcularla kul\u00fcp tesislerinde bir araya geldi.<\/p>\n<p>Sivassporlu futbolculara baklava ikram\u0131nda bulunan Bilgin, \u201cTak\u0131ma t\u00fcm vatanda\u015flar\u0131m\u0131z gibi biz de inan\u0131yoruz. Bu zorlu m\u00fcsabakada g\u00f6rev yapan futbolcular\u0131m\u0131z\u0131n 3 puan alaca\u011f\u0131na inanc\u0131m\u0131z tam. Bununla beraber bizlere bu sene bu sevinci ve gururu ya\u015fatt\u0131\u011f\u0131n\u0131z i\u00e7in te\u015fekk\u00fcr ediyorum\u201d dedi.<\/p>\n<p>DG Sivasspor Kul\u00fcb\u00fc Ba\u015fkan\u0131 Mecnun Otyakmaz da ziyaretten duydu\u011fu memnuniyeti dile getirerek \u201cGerek sizlerin gerekse vatanda\u015flar\u0131m\u0131z\u0131n deste\u011fini her zaman g\u00f6r\u00fcyoruz. Bize verdi\u011finiz destekler i\u00e7in te\u015fekk\u00fcr ederiz, tak\u0131m\u0131m\u0131z bu y\u0131l \u00e7\u0131k\u0131\u015f\u0131n\u0131 s\u00fcrd\u00fcr\u00fcyor\u201d ifadesini kulland\u0131.<\/p>\n","protected":false},"excerpt":{"rendered":"<p>S\u0130VAS BELED\u0130YE BA\u015eKANI H\u0130LM\u0130 B\u0130LG\u0130N, YARIN OYNANACAK OLAN FENERBAH\u00c7E MA\u00c7I \u00d6NCES\u0130 S\u0130VASSPOR KUL\u00dcB\u00dc\u2019NE MORAL Z\u0130YARET\u0130NDE BULUNDU.<\/p>\n","protected":false},"author":1,"featured_media":242428,"comment_status":"closed","ping_status":"open","sticky":false,"template":"","format":"standard","meta":{"jetpack_post_was_ever_published":false,"_jetpack_newsletter_access":"","_jetpack_dont_email_post_to_subs":false,"_jetpack_newsletter_tier_id":0,"_jetpack_memberships_contains_paywalled_content":false,"_jetpack_memberships_contains_paid_content":false,"footnotes":"","jetpack_publicize_message":"","jetpack_publicize_feature_enabled":true,"jetpack_social_post_already_shared":true,"jetpack_social_options":{"image_generator_settings":{"template":"highway","default_image_id":0,"font":"","enabled":false},"version":2}},"categories":[657],"tags":[100,49758,2626,777,68,5360,38260,1730],"class_list":["post-242427","post","type-post","status-publish","format-standard","has-post-thumbnail","hentry","category-spor","tag-baskan","tag-bilginden","tag-fenerbahce","tag-maci","tag-moral","tag-oncesi","tag-sivasspora","tag-ziyareti"],"jetpack_publicize_connections":[],"jetpack_featured_media_url":"https:\/\/i0.wp.com\/www.tvturk.com\/wp-content\/uploads\/2019\/12\/baskan-bilginden-fenerbahce-maci-oncesi-sivasspora-moral-ziyareti_a3b884f.jpg?fit=1000%2C666","jetpack_sharing_enabled":true,"jetpack_shortlink":"https:\/\/wp.me\/paKIfm-1147","_links":{"self":[{"href":"http:\/\/www.tvturk.com\/index.php\/wp-json\/wp\/v2\/posts\/242427","targetHints":{"allow":["GET"]}}],"collection":[{"href":"http:\/\/www.tvturk.com\/index.php\/wp-json\/wp\/v2\/posts"}],"about":[{"href":"http:\/\/www.tvturk.com\/index.php\/wp-json\/wp\/v2\/types\/post"}],"author":[{"embeddable":true,"href":"http:\/\/www.tvturk.com\/index.php\/wp-json\/wp\/v2\/users\/1"}],"replies":[{"embeddable":true,"href":"http:\/\/www.tvturk.com\/index.php\/wp-json\/wp\/v2\/comments?post=242427"}],"version-history":[{"count":0,"href":"http:\/\/www.tvturk.com\/index.php\/wp-json\/wp\/v2\/posts\/242427\/revisions"}],"wp:featuredmedia":[{"embeddable":true,"href":"http:\/\/www.tvturk.com\/index.php\/wp-json\/wp\/v2\/media\/242428"}],"wp:attachment":[{"href":"http:\/\/www.tvturk.com\/index.php\/wp-json\/wp\/v2\/media?parent=242427"}],"wp:term":[{"taxonomy":"category","embeddable":true,"href":"http:\/\/www.tvturk.com\/index.php\/wp-json\/wp\/v2\/categories?post=242427"},{"taxonomy":"post_tag","embeddable":true,"href":"http:\/\/www.tvturk.com\/index.php\/wp-json\/wp\/v2\/tags?post=242427"}],"curies":[{"name":"wp","href":"https:\/\/api.w.org\/{rel}","templated":true}]}}