{"id":242533,"date":"2019-12-14T22:33:11","date_gmt":"2019-12-14T19:33:11","guid":{"rendered":"http:\/\/www.tvturk.com\/index.php\/selcuk-inana-once-tepki-sonra-destek\/"},"modified":"2019-12-14T22:33:11","modified_gmt":"2019-12-14T19:33:11","slug":"selcuk-inana-once-tepki-sonra-destek","status":"publish","type":"post","link":"http:\/\/www.tvturk.com\/index.php\/selcuk-inana-once-tepki-sonra-destek\/","title":{"rendered":"Sel\u00e7uk \u0130nan\u2019a \u00f6nce tepki sonra destek"},"content":{"rendered":"<p>Galatasaray\u2019\u0131n kaptan\u0131 Sel\u00e7uk \u0130nan, Ankarag\u00fcc\u00fc ma\u00e7\u0131nda Lemina\u2019n\u0131n yerine oyuna girerken, sar\u0131-k\u0131rm\u0131z\u0131l\u0131 taraftarlar \u0130nan\u2019a \u00f6nce tepki g\u00f6sterdi, daha sonra destek verdi.<\/p>\n<p>S\u00fcper Lig\u2019in 15. haftas\u0131nda Galatasaray ile MKE Ankrag\u00fcc\u00fc kar\u015f\u0131la\u015fmas\u0131nda Sel\u00e7uk \u0130nan\u2019\u0131n oyuna girmesi s\u0131ras\u0131nda sar\u0131-k\u0131rm\u0131z\u0131l\u0131 taraftarlar k\u0131sa s\u00fcreli tepki g\u00f6sterdi. Yedek kul\u00fcbesinde teknik ekibin araya girmesinin ard\u0131ndan taraftarlara tezah\u00fcratlarla alk\u0131\u015f tutarak destek verdi.<\/p>\n<p>Sel\u00e7uk \u0130nan 66. dakikada Mario Lemina\u2019n\u0131n yerine oyuna dahil oldu.<\/p>\n","protected":false},"excerpt":{"rendered":"<p>GALATASARAY\u2019IN KAPTANI SEL\u00c7UK \u0130NAN, ANKARAG\u00dcC\u00dc MA\u00c7INDA LEM\u0130NA\u2019NIN YER\u0130NE OYUNA G\u0130RERKEN, SARI-KIRMIZILI TARAFTARLAR \u0130NAN\u2019A \u00d6NCE TEPK\u0130 G\u00d6STERD\u0130, DAHA SONRA DESTEK VERD\u0130.<\/p>\n","protected":false},"author":1,"featured_media":242534,"comment_status":"closed","ping_status":"open","sticky":false,"template":"","format":"standard","meta":{"jetpack_post_was_ever_published":false,"_jetpack_newsletter_access":"","_jetpack_dont_email_post_to_subs":false,"_jetpack_newsletter_tier_id":0,"_jetpack_memberships_contains_paywalled_content":false,"_jetpack_memberships_contains_paid_content":false,"footnotes":"","jetpack_publicize_message":"","jetpack_publicize_feature_enabled":true,"jetpack_social_post_already_shared":true,"jetpack_social_options":{"image_generator_settings":{"template":"highway","default_image_id":0,"font":"","enabled":false},"version":2}},"categories":[657],"tags":[61,24578,232,4454,2022,961],"class_list":["post-242533","post","type-post","status-publish","format-standard","has-post-thumbnail","hentry","category-spor","tag-destek","tag-inana","tag-once","tag-selcuk","tag-sonra","tag-tepki"],"jetpack_publicize_connections":[],"jetpack_featured_media_url":"https:\/\/i0.wp.com\/www.tvturk.com\/wp-content\/uploads\/2019\/12\/selcuk-inana-once-tepki-sonra-destek_692c3bf.jpg?fit=1000%2C666","jetpack_sharing_enabled":true,"jetpack_shortlink":"https:\/\/wp.me\/paKIfm-115P","_links":{"self":[{"href":"http:\/\/www.tvturk.com\/index.php\/wp-json\/wp\/v2\/posts\/242533","targetHints":{"allow":["GET"]}}],"collection":[{"href":"http:\/\/www.tvturk.com\/index.php\/wp-json\/wp\/v2\/posts"}],"about":[{"href":"http:\/\/www.tvturk.com\/index.php\/wp-json\/wp\/v2\/types\/post"}],"author":[{"embeddable":true,"href":"http:\/\/www.tvturk.com\/index.php\/wp-json\/wp\/v2\/users\/1"}],"replies":[{"embeddable":true,"href":"http:\/\/www.tvturk.com\/index.php\/wp-json\/wp\/v2\/comments?post=242533"}],"version-history":[{"count":0,"href":"http:\/\/www.tvturk.com\/index.php\/wp-json\/wp\/v2\/posts\/242533\/revisions"}],"wp:featuredmedia":[{"embeddable":true,"href":"http:\/\/www.tvturk.com\/index.php\/wp-json\/wp\/v2\/media\/242534"}],"wp:attachment":[{"href":"http:\/\/www.tvturk.com\/index.php\/wp-json\/wp\/v2\/media?parent=242533"}],"wp:term":[{"taxonomy":"category","embeddable":true,"href":"http:\/\/www.tvturk.com\/index.php\/wp-json\/wp\/v2\/categories?post=242533"},{"taxonomy":"post_tag","embeddable":true,"href":"http:\/\/www.tvturk.com\/index.php\/wp-json\/wp\/v2\/tags?post=242533"}],"curies":[{"name":"wp","href":"https:\/\/api.w.org\/{rel}","templated":true}]}}