{"id":242575,"date":"2019-12-15T10:16:15","date_gmt":"2019-12-15T07:16:15","guid":{"rendered":"http:\/\/www.tvturk.com\/index.php\/fransada-sel-felaketi-2-olu-5-yarali\/"},"modified":"2019-12-15T10:16:15","modified_gmt":"2019-12-15T07:16:15","slug":"fransada-sel-felaketi-2-olu-5-yarali","status":"publish","type":"post","link":"http:\/\/www.tvturk.com\/index.php\/fransada-sel-felaketi-2-olu-5-yarali\/","title":{"rendered":"Fransa\u2019da sel felaketi: 2 \u00f6l\u00fc, 5 yaral\u0131"},"content":{"rendered":"<p>Fransa\u2019n\u0131n g\u00fcneybat\u0131s\u0131nda \u015fiddetli ya\u011f\u0131\u015flar\u0131n yol a\u00e7t\u0131\u011f\u0131 sel felaketinde 2 ki\u015finin hayat\u0131n\u0131 kaybetti\u011fi 5 ki\u015finin yaraland\u0131\u011f\u0131 belirtildi.<\/p>\n<p>Fransa\u2019n\u0131n g\u00fcneybat\u0131 b\u00f6lgelerinde etkili olan \u015fiddetli r\u00fczgar ve ya\u011f\u0131\u015flar sel felakete neden oldu. Pyrenees-Atlantique\u2019de 70 ya\u015f\u0131ndaki bir ki\u015fi arac\u0131n\u0131n \u00fczerine bir a\u011fac\u0131n devrilmesi sonucu hayat\u0131n\u0131 kaybetti. Lot-et-Garonne b\u00f6lgesinde de 76 ya\u015f\u0131ndaki bir adam ise sel sular\u0131na kap\u0131l\u0131p bo\u011fuldu. A\u011fa\u00e7lar\u0131n ara\u00e7lar\u0131n \u00fczerine devrilmesi nedeniyle 5 ki\u015finin de yaraland\u0131\u011f\u0131 belirtildi.<\/p>\n<p>Elektrik firmas\u0131 Enedis taraf\u0131ndan yap\u0131lan a\u00e7\u0131klamada, yakla\u015f\u0131k 40 bin evin elektriksiz kald\u0131\u011f\u0131 ifade edildi. \u015eirket ar\u0131za ve hasar\u0131n giderilmesi i\u00e7in 2 bin \u00e7al\u0131\u015fan g\u00f6revlendirdi.<\/p>\n<p>Sel sonucu \u00e7ok say\u0131da ev ise sular alt\u0131nda kald\u0131. Sel felaketi nedeniyle Fransa\u2019n\u0131n 11 b\u00f6lgesinde turuncu alarm verildi.<\/p>\n","protected":false},"excerpt":{"rendered":"<p>FRANSA\u2019NIN G\u00dcNEYBATISINDA \u015e\u0130DDETL\u0130 YA\u011eI\u015eLARIN YOL A\u00c7TI\u011eI SEL FELAKET\u0130NDE 2 K\u0130\u015e\u0130N\u0130N HAYATINI KAYBETT\u0130\u011e\u0130 5 K\u0130\u015e\u0130N\u0130N YARALANDI\u011eI BEL\u0130RT\u0130LD\u0130.<\/p>\n","protected":false},"author":1,"featured_media":242576,"comment_status":"closed","ping_status":"open","sticky":false,"template":"","format":"standard","meta":{"jetpack_post_was_ever_published":false,"_jetpack_newsletter_access":"","_jetpack_dont_email_post_to_subs":false,"_jetpack_newsletter_tier_id":0,"_jetpack_memberships_contains_paywalled_content":false,"_jetpack_memberships_contains_paid_content":false,"footnotes":"","jetpack_publicize_message":"","jetpack_publicize_feature_enabled":true,"jetpack_social_post_already_shared":true,"jetpack_social_options":{"image_generator_settings":{"template":"highway","default_image_id":0,"font":"","enabled":false},"version":2}},"categories":[10],"tags":[695,16494,901,1664,774],"class_list":["post-242575","post","type-post","status-publish","format-standard","has-post-thumbnail","hentry","category-dunya","tag-sel","tag-felaketi","tag-fransada","tag-olu","tag-yarali"],"jetpack_publicize_connections":[],"jetpack_featured_media_url":"https:\/\/i0.wp.com\/www.tvturk.com\/wp-content\/uploads\/2019\/12\/fransada-sel-felaketi-2-olu-5-yarali_e0c5cdc.jpg?fit=270%2C360","jetpack_sharing_enabled":true,"jetpack_shortlink":"https:\/\/wp.me\/paKIfm-116v","_links":{"self":[{"href":"http:\/\/www.tvturk.com\/index.php\/wp-json\/wp\/v2\/posts\/242575","targetHints":{"allow":["GET"]}}],"collection":[{"href":"http:\/\/www.tvturk.com\/index.php\/wp-json\/wp\/v2\/posts"}],"about":[{"href":"http:\/\/www.tvturk.com\/index.php\/wp-json\/wp\/v2\/types\/post"}],"author":[{"embeddable":true,"href":"http:\/\/www.tvturk.com\/index.php\/wp-json\/wp\/v2\/users\/1"}],"replies":[{"embeddable":true,"href":"http:\/\/www.tvturk.com\/index.php\/wp-json\/wp\/v2\/comments?post=242575"}],"version-history":[{"count":0,"href":"http:\/\/www.tvturk.com\/index.php\/wp-json\/wp\/v2\/posts\/242575\/revisions"}],"wp:featuredmedia":[{"embeddable":true,"href":"http:\/\/www.tvturk.com\/index.php\/wp-json\/wp\/v2\/media\/242576"}],"wp:attachment":[{"href":"http:\/\/www.tvturk.com\/index.php\/wp-json\/wp\/v2\/media?parent=242575"}],"wp:term":[{"taxonomy":"category","embeddable":true,"href":"http:\/\/www.tvturk.com\/index.php\/wp-json\/wp\/v2\/categories?post=242575"},{"taxonomy":"post_tag","embeddable":true,"href":"http:\/\/www.tvturk.com\/index.php\/wp-json\/wp\/v2\/tags?post=242575"}],"curies":[{"name":"wp","href":"https:\/\/api.w.org\/{rel}","templated":true}]}}