{"id":24263,"date":"2019-02-12T11:31:10","date_gmt":"2019-02-12T08:31:10","guid":{"rendered":"http:\/\/www.tvturk.com\/index.php\/tarihi-su-kemerlerini-incir-agaclari-istila-etti\/"},"modified":"2019-02-12T11:31:12","modified_gmt":"2019-02-12T08:31:12","slug":"tarihi-su-kemerlerini-incir-agaclari-istila-etti","status":"publish","type":"post","link":"http:\/\/www.tvturk.com\/index.php\/tarihi-su-kemerlerini-incir-agaclari-istila-etti\/","title":{"rendered":"Tarihi su kemerlerini incir a\u011fa\u00e7lar\u0131 istil\u00e2 etti"},"content":{"rendered":"<p>Bursa\u2019n\u0131n \u0130znik il\u00e7esinde tarihi su kemerlerini incir a\u011fa\u00e7lar\u0131 istil\u00e2 etti.<\/p>\n<p>Roma d\u00f6nemine ait 822 metre uzunlu\u011fundaki tarihi su yolunu saran incir a\u011fa\u00e7lar\u0131 ta\u015flar\u0131 yerinden kald\u0131rd\u0131. Y\u0131k\u0131lmas\u0131 an meselesi olan tarihi kemer bir an \u00f6nce restore edilmeyi bekliyor.<\/p>\n<p>Her g\u00fcn \u00e7ok say\u0131da turistin ziyaret etti\u011fi \u0130znik\u2019te tarihi su yolu ve kemerler de geziliyor. K\u00fclt\u00fcr Bakanl\u0131\u011f\u0131 kokartl\u0131 tur rehberi Bilal \u00c7a\u011fatay Erent\u00fcrk, \u00f6nceki g\u00fcn \u00e7ocuklardan olu\u015fan gezi grubu ile birlikte tarihi su kemerlerini inceledi. Erent\u00fcrk, &#8220;Yakla\u015f\u0131k 2 bin y\u0131l \u00f6nce Romal\u0131lar, \u015fehir halk\u0131n\u0131n i\u00e7me suyunu kar\u015f\u0131lamak i\u00e7in yama\u00e7lardan akan sular\u0131n kanal vas\u0131tas\u0131yla \u015fehre akmas\u0131n\u0131 sa\u011flam\u0131\u015flar. 822 metre uzunlu\u011funda su kemeri in\u015fa etmi\u015fler. Ancak \u015fu an en b\u00fcy\u00fck s\u0131k\u0131nt\u0131m\u0131z kemeri olu\u015fturan ta\u015flar\u0131n i\u00e7erisinden \u00e7\u0131kan a\u011fa\u00e7 k\u00f6kleri. Antik su yoluna bu k\u00f6kler zarar veriyor. Bir \u00e7ok yerde maalesef y\u0131k\u0131lmalar meydana gelmi\u015f. Uzmanlar bunu daha iyi tahlil edecektir, ancak ileride bu tarihi kemerin y\u0131k\u0131lmas\u0131 s\u00f6z konusu. Bu tarihi de\u011fere sahip \u00e7\u0131kmak laz\u0131m. Tarihi su kanal\u0131n\u0131n bir k\u0131sm\u0131 restore edilmi\u015f ve o b\u00f6l\u00fcm kurtar\u0131lm\u0131\u015f. \u00dcmit ediyoruz ki kalan k\u0131s\u0131mlar da kurtar\u0131l\u0131r&#8221; dedi.<\/p>\n<p>Elmal\u0131da\u011f eteklerinde, Kat\u0131rc\u0131 ini ile Berber kayas\u0131 uzant\u0131s\u0131ndaki do\u011fal ma\u011faradan \u00e7\u0131kan suyu \u0130znik\u2019e getirmek i\u00e7in yap\u0131lan kanal\u0131n \u0130mparator Hadrian\u2019\u0131n (117-138) emriyle yapt\u0131r\u0131ld\u0131\u011f\u0131 \u00fczerindeki kitabeden anla\u015f\u0131l\u0131yor. Kanal\u0131n uzunlu\u011fu 822 metre, en y\u00fcksek yeri 3,60 metre, suyun akt\u0131\u011f\u0131 b\u00f6l\u00fcm\u00fcn derinli\u011fi 50 santim, eni ise 45 santim.<div class=\"tiled-gallery type-rectangular tiled-gallery-unresized\" data-original-width=\"500\" data-carousel-extra='null' itemscope itemtype=\"http:\/\/schema.org\/ImageGallery\" > <div class=\"gallery-row\" style=\"width: 500px; height: 227px;\" data-original-width=\"500\" data-original-height=\"227\" > <div class=\"gallery-group images-2\" style=\"width: 198px; height: 227px;\" data-original-width=\"198\" data-original-height=\"227\" > <div class=\"tiled-gallery-item tiled-gallery-item-small\" itemprop=\"associatedMedia\" itemscope itemtype=\"http:\/\/schema.org\/ImageObject\"> <a href=\"http:\/\/www.tvturk.com\/index.php\/tarihi-su-kemerlerini-incir-agaclari-istila-etti\/tarihi-su-kemerlerini-incir-agaclari-istila-etti-3\/\" border=\"0\" itemprop=\"url\"> <meta itemprop=\"width\" content=\"194\"> <meta itemprop=\"height\" content=\"110\"> <img decoding=\"async\" class=\"\" data-attachment-id=\"24265\" data-orig-file=\"http:\/\/www.tvturk.com\/wp-content\/uploads\/2019\/02\/tarihi-su-kemerlerini-incir-agaclari-istil-etti_7a7a5ec.jpg\" data-orig-size=\"1000,564\" data-comments-opened=\"\" data-image-meta=\"{&quot;aperture&quot;:&quot;0&quot;,&quot;credit&quot;:&quot;IHA&quot;,&quot;camera&quot;:&quot;&quot;,&quot;caption&quot;:&quot;\\u0022OCA\\u011eINA \\u0130NC\\u0130R A\\u011eACI\\u0022 D\\u0130K\\u0130LD\\u0130 DE\\u011e\\u0130M\\u0130 GER\\u00c7EK OLDU! 822 METRE UZUNLU\\u011eUNDA K\\u0130 ANT\\u0130K SU YOLUNU \\u0130NC\\u0130R A\\u011eA\\u00c7LARI \\u0130ST\\u0130LA ETT\\u0130. (\\u0130HA\\\/BURSA-\\u0130HA)&quot;,&quot;created_timestamp&quot;:&quot;0&quot;,&quot;copyright&quot;:&quot;\\u0130HLAS HABER AJANSI, www.iha.com.tr&quot;,&quot;focal_length&quot;:&quot;0&quot;,&quot;iso&quot;:&quot;0&quot;,&quot;shutter_speed&quot;:&quot;0&quot;,&quot;title&quot;:&quot;TAR\\u0130H\\u0130 SU KEMERLER\\u0130N\\u0130 \\u0130NC\\u0130R A\\u011eA\\u00c7LARI \\u0130ST\\u0130L\\u00c2 ETT\\u0130&quot;,&quot;orientation&quot;:&quot;0&quot;}\" data-image-title=\"Tarihi su kemerlerini incir a\u011fa\u00e7lar\u0131 istil\u00e2 etti\" data-image-description=\"&lt;p&gt;Tarihi su kemerlerini incir a\u011fa\u00e7lar\u0131 istil\u00e2 etti&lt;\/p&gt; \" data-medium-file=\"https:\/\/i0.wp.com\/www.tvturk.com\/wp-content\/uploads\/2019\/02\/tarihi-su-kemerlerini-incir-agaclari-istil-etti_7a7a5ec.jpg?fit=300%2C169\" data-large-file=\"https:\/\/i0.wp.com\/www.tvturk.com\/wp-content\/uploads\/2019\/02\/tarihi-su-kemerlerini-incir-agaclari-istil-etti_7a7a5ec.jpg?fit=1000%2C564\" src=\"https:\/\/i0.wp.com\/www.tvturk.com\/wp-content\/uploads\/2019\/02\/tarihi-su-kemerlerini-incir-agaclari-istil-etti_7a7a5ec.jpg?w=194&#038;h=110\" srcset=\"https:\/\/i0.wp.com\/www.tvturk.com\/wp-content\/uploads\/2019\/02\/tarihi-su-kemerlerini-incir-agaclari-istil-etti_7a7a5ec.jpg?w=1000 1000w, https:\/\/i0.wp.com\/www.tvturk.com\/wp-content\/uploads\/2019\/02\/tarihi-su-kemerlerini-incir-agaclari-istil-etti_7a7a5ec.jpg?resize=150%2C85 150w, https:\/\/i0.wp.com\/www.tvturk.com\/wp-content\/uploads\/2019\/02\/tarihi-su-kemerlerini-incir-agaclari-istil-etti_7a7a5ec.jpg?resize=300%2C169 300w, https:\/\/i0.wp.com\/www.tvturk.com\/wp-content\/uploads\/2019\/02\/tarihi-su-kemerlerini-incir-agaclari-istil-etti_7a7a5ec.jpg?resize=768%2C433 768w, https:\/\/i0.wp.com\/www.tvturk.com\/wp-content\/uploads\/2019\/02\/tarihi-su-kemerlerini-incir-agaclari-istil-etti_7a7a5ec.jpg?resize=200%2C113 200w\" width=\"194\" height=\"110\" loading=\"lazy\" data-original-width=\"194\" data-original-height=\"110\" itemprop=\"http:\/\/schema.org\/image\" title=\"Tarihi su kemerlerini incir a\u011fa\u00e7lar\u0131 istil\u00e2 etti\" alt=\"Tarihi su kemerlerini incir a\u011fa\u00e7lar\u0131 istil\u00e2 etti\" style=\"width: 194px; height: 110px;\" \/> <\/a> <\/div> <div class=\"tiled-gallery-item tiled-gallery-item-small\" itemprop=\"associatedMedia\" itemscope itemtype=\"http:\/\/schema.org\/ImageObject\"> <a href=\"http:\/\/www.tvturk.com\/index.php\/tarihi-su-kemerlerini-incir-agaclari-istila-etti\/tarihi-su-kemerlerini-incir-agaclari-istila-etti-4\/\" border=\"0\" itemprop=\"url\"> <meta itemprop=\"width\" content=\"194\"> <meta itemprop=\"height\" content=\"109\"> <img decoding=\"async\" class=\"\" data-attachment-id=\"24266\" data-orig-file=\"http:\/\/www.tvturk.com\/wp-content\/uploads\/2019\/02\/tarihi-su-kemerlerini-incir-agaclari-istil-etti_04d189d.jpg\" data-orig-size=\"1000,564\" data-comments-opened=\"\" data-image-meta=\"{&quot;aperture&quot;:&quot;0&quot;,&quot;credit&quot;:&quot;IHA&quot;,&quot;camera&quot;:&quot;&quot;,&quot;caption&quot;:&quot;\\u0022OCA\\u011eINA \\u0130NC\\u0130R A\\u011eACI\\u0022 D\\u0130K\\u0130LD\\u0130 DE\\u011e\\u0130M\\u0130 GER\\u00c7EK OLDU! 822 METRE UZUNLU\\u011eUNDA K\\u0130 ANT\\u0130K SU YOLUNU \\u0130NC\\u0130R A\\u011eA\\u00c7LARI \\u0130ST\\u0130LA ETT\\u0130. (\\u0130HA\\\/BURSA-\\u0130HA)&quot;,&quot;created_timestamp&quot;:&quot;0&quot;,&quot;copyright&quot;:&quot;\\u0130HLAS HABER AJANSI, www.iha.com.tr&quot;,&quot;focal_length&quot;:&quot;0&quot;,&quot;iso&quot;:&quot;0&quot;,&quot;shutter_speed&quot;:&quot;0&quot;,&quot;title&quot;:&quot;TAR\\u0130H\\u0130 SU KEMERLER\\u0130N\\u0130 \\u0130NC\\u0130R A\\u011eA\\u00c7LARI \\u0130ST\\u0130L\\u00c2 ETT\\u0130&quot;,&quot;orientation&quot;:&quot;0&quot;}\" data-image-title=\"Tarihi su kemerlerini incir a\u011fa\u00e7lar\u0131 istil\u00e2 etti\" data-image-description=\"&lt;p&gt;Tarihi su kemerlerini incir a\u011fa\u00e7lar\u0131 istil\u00e2 etti&lt;\/p&gt; \" data-medium-file=\"https:\/\/i0.wp.com\/www.tvturk.com\/wp-content\/uploads\/2019\/02\/tarihi-su-kemerlerini-incir-agaclari-istil-etti_04d189d.jpg?fit=300%2C169\" data-large-file=\"https:\/\/i0.wp.com\/www.tvturk.com\/wp-content\/uploads\/2019\/02\/tarihi-su-kemerlerini-incir-agaclari-istil-etti_04d189d.jpg?fit=1000%2C564\" src=\"https:\/\/i0.wp.com\/www.tvturk.com\/wp-content\/uploads\/2019\/02\/tarihi-su-kemerlerini-incir-agaclari-istil-etti_04d189d.jpg?w=194&#038;h=109\" srcset=\"https:\/\/i0.wp.com\/www.tvturk.com\/wp-content\/uploads\/2019\/02\/tarihi-su-kemerlerini-incir-agaclari-istil-etti_04d189d.jpg?w=1000 1000w, https:\/\/i0.wp.com\/www.tvturk.com\/wp-content\/uploads\/2019\/02\/tarihi-su-kemerlerini-incir-agaclari-istil-etti_04d189d.jpg?resize=150%2C85 150w, https:\/\/i0.wp.com\/www.tvturk.com\/wp-content\/uploads\/2019\/02\/tarihi-su-kemerlerini-incir-agaclari-istil-etti_04d189d.jpg?resize=300%2C169 300w, https:\/\/i0.wp.com\/www.tvturk.com\/wp-content\/uploads\/2019\/02\/tarihi-su-kemerlerini-incir-agaclari-istil-etti_04d189d.jpg?resize=768%2C433 768w, https:\/\/i0.wp.com\/www.tvturk.com\/wp-content\/uploads\/2019\/02\/tarihi-su-kemerlerini-incir-agaclari-istil-etti_04d189d.jpg?resize=200%2C113 200w\" width=\"194\" height=\"109\" loading=\"lazy\" data-original-width=\"194\" data-original-height=\"109\" itemprop=\"http:\/\/schema.org\/image\" title=\"Tarihi su kemerlerini incir a\u011fa\u00e7lar\u0131 istil\u00e2 etti\" alt=\"Tarihi su kemerlerini incir a\u011fa\u00e7lar\u0131 istil\u00e2 etti\" style=\"width: 194px; height: 109px;\" \/> <\/a> <\/div> <\/div> <!-- close group --> <div class=\"gallery-group images-1\" style=\"width: 302px; height: 227px;\" data-original-width=\"302\" data-original-height=\"227\" > <div class=\"tiled-gallery-item tiled-gallery-item-large\" itemprop=\"associatedMedia\" itemscope itemtype=\"http:\/\/schema.org\/ImageObject\"> <a href=\"http:\/\/www.tvturk.com\/index.php\/tarihi-su-kemerlerini-incir-agaclari-istila-etti\/tarihi-su-kemerlerini-incir-agaclari-istila-etti-5\/\" border=\"0\" itemprop=\"url\"> <meta itemprop=\"width\" content=\"298\"> <meta itemprop=\"height\" content=\"223\"> <img decoding=\"async\" class=\"\" data-attachment-id=\"24268\" data-orig-file=\"http:\/\/www.tvturk.com\/wp-content\/uploads\/2019\/02\/tarihi-su-kemerlerini-incir-agaclari-istil-etti_3e1d6a7.jpg\" data-orig-size=\"1000,750\" data-comments-opened=\"\" data-image-meta=\"{&quot;aperture&quot;:&quot;0&quot;,&quot;credit&quot;:&quot;IHA&quot;,&quot;camera&quot;:&quot;&quot;,&quot;caption&quot;:&quot;\\u0022OCA\\u011eINA \\u0130NC\\u0130R A\\u011eACI\\u0022 D\\u0130K\\u0130LD\\u0130 DE\\u011e\\u0130M\\u0130 GER\\u00c7EK OLDU! 822 METRE UZUNLU\\u011eUNDA K\\u0130 ANT\\u0130K SU YOLUNU \\u0130NC\\u0130R A\\u011eA\\u00c7LARI \\u0130ST\\u0130LA ETT\\u0130. (\\u0130HA\\\/BURSA-\\u0130HA)&quot;,&quot;created_timestamp&quot;:&quot;0&quot;,&quot;copyright&quot;:&quot;\\u0130HLAS HABER AJANSI, www.iha.com.tr&quot;,&quot;focal_length&quot;:&quot;0&quot;,&quot;iso&quot;:&quot;0&quot;,&quot;shutter_speed&quot;:&quot;0&quot;,&quot;title&quot;:&quot;TAR\\u0130H\\u0130 SU KEMERLER\\u0130N\\u0130 \\u0130NC\\u0130R A\\u011eA\\u00c7LARI \\u0130ST\\u0130L\\u00c2 ETT\\u0130&quot;,&quot;orientation&quot;:&quot;0&quot;}\" data-image-title=\"Tarihi su kemerlerini incir a\u011fa\u00e7lar\u0131 istil\u00e2 etti\" data-image-description=\"&lt;p&gt;Tarihi su kemerlerini incir a\u011fa\u00e7lar\u0131 istil\u00e2 etti&lt;\/p&gt; \" data-medium-file=\"https:\/\/i0.wp.com\/www.tvturk.com\/wp-content\/uploads\/2019\/02\/tarihi-su-kemerlerini-incir-agaclari-istil-etti_3e1d6a7.jpg?fit=300%2C225\" data-large-file=\"https:\/\/i0.wp.com\/www.tvturk.com\/wp-content\/uploads\/2019\/02\/tarihi-su-kemerlerini-incir-agaclari-istil-etti_3e1d6a7.jpg?fit=1000%2C750\" src=\"https:\/\/i0.wp.com\/www.tvturk.com\/wp-content\/uploads\/2019\/02\/tarihi-su-kemerlerini-incir-agaclari-istil-etti_3e1d6a7.jpg?w=298&#038;h=223\" srcset=\"https:\/\/i0.wp.com\/www.tvturk.com\/wp-content\/uploads\/2019\/02\/tarihi-su-kemerlerini-incir-agaclari-istil-etti_3e1d6a7.jpg?w=1000 1000w, https:\/\/i0.wp.com\/www.tvturk.com\/wp-content\/uploads\/2019\/02\/tarihi-su-kemerlerini-incir-agaclari-istil-etti_3e1d6a7.jpg?resize=150%2C113 150w, https:\/\/i0.wp.com\/www.tvturk.com\/wp-content\/uploads\/2019\/02\/tarihi-su-kemerlerini-incir-agaclari-istil-etti_3e1d6a7.jpg?resize=300%2C225 300w, https:\/\/i0.wp.com\/www.tvturk.com\/wp-content\/uploads\/2019\/02\/tarihi-su-kemerlerini-incir-agaclari-istil-etti_3e1d6a7.jpg?resize=768%2C576 768w\" width=\"298\" height=\"223\" loading=\"lazy\" data-original-width=\"298\" data-original-height=\"223\" itemprop=\"http:\/\/schema.org\/image\" title=\"Tarihi su kemerlerini incir a\u011fa\u00e7lar\u0131 istil\u00e2 etti\" alt=\"Tarihi su kemerlerini incir a\u011fa\u00e7lar\u0131 istil\u00e2 etti\" style=\"width: 298px; height: 223px;\" \/> <\/a> <\/div> <\/div> <!-- close group --> <\/div> <!-- close row --> <\/div><\/p>\n","protected":false},"excerpt":{"rendered":"<p>&#8220;OCA\u011eINA \u0130NC\u0130R A\u011eACI&#8221; D\u0130K\u0130LD\u0130 DE\u011e\u0130M\u0130 GER\u00c7EK OLDU! 822 METRE UZUNLU\u011eUNDA K\u0130 ANT\u0130K SU YOLUNU \u0130NC\u0130R A\u011eA\u00c7LARI \u0130ST\u0130LA ETT\u0130.<\/p>\n","protected":false},"author":1,"featured_media":24264,"comment_status":"closed","ping_status":"open","sticky":false,"template":"","format":"standard","meta":{"jetpack_post_was_ever_published":false,"_jetpack_newsletter_access":"","_jetpack_dont_email_post_to_subs":false,"_jetpack_newsletter_tier_id":0,"_jetpack_memberships_contains_paywalled_content":false,"_jetpack_memberships_contains_paid_content":false,"footnotes":"","jetpack_publicize_message":"","jetpack_publicize_feature_enabled":true,"jetpack_social_post_already_shared":false,"jetpack_social_options":{"image_generator_settings":{"template":"highway","default_image_id":0,"font":"","enabled":false},"version":2}},"categories":[655],"tags":[973,207,10011,9248,10200,800],"class_list":["post-24263","post","type-post","status-publish","format-standard","has-post-thumbnail","hentry","category-son-dakika","tag-agaclari","tag-etti","tag-incir","tag-istila","tag-kemerlerini","tag-tarihi"],"jetpack_publicize_connections":[],"jetpack_featured_media_url":"https:\/\/i0.wp.com\/www.tvturk.com\/wp-content\/uploads\/2019\/02\/tarihi-su-kemerlerini-incir-agaclari-istil-etti_be24560.jpg?fit=1000%2C750","jetpack_sharing_enabled":true,"jetpack_shortlink":"https:\/\/wp.me\/paKIfm-6jl","_links":{"self":[{"href":"http:\/\/www.tvturk.com\/index.php\/wp-json\/wp\/v2\/posts\/24263","targetHints":{"allow":["GET"]}}],"collection":[{"href":"http:\/\/www.tvturk.com\/index.php\/wp-json\/wp\/v2\/posts"}],"about":[{"href":"http:\/\/www.tvturk.com\/index.php\/wp-json\/wp\/v2\/types\/post"}],"author":[{"embeddable":true,"href":"http:\/\/www.tvturk.com\/index.php\/wp-json\/wp\/v2\/users\/1"}],"replies":[{"embeddable":true,"href":"http:\/\/www.tvturk.com\/index.php\/wp-json\/wp\/v2\/comments?post=24263"}],"version-history":[{"count":1,"href":"http:\/\/www.tvturk.com\/index.php\/wp-json\/wp\/v2\/posts\/24263\/revisions"}],"predecessor-version":[{"id":24269,"href":"http:\/\/www.tvturk.com\/index.php\/wp-json\/wp\/v2\/posts\/24263\/revisions\/24269"}],"wp:featuredmedia":[{"embeddable":true,"href":"http:\/\/www.tvturk.com\/index.php\/wp-json\/wp\/v2\/media\/24264"}],"wp:attachment":[{"href":"http:\/\/www.tvturk.com\/index.php\/wp-json\/wp\/v2\/media?parent=24263"}],"wp:term":[{"taxonomy":"category","embeddable":true,"href":"http:\/\/www.tvturk.com\/index.php\/wp-json\/wp\/v2\/categories?post=24263"},{"taxonomy":"post_tag","embeddable":true,"href":"http:\/\/www.tvturk.com\/index.php\/wp-json\/wp\/v2\/tags?post=24263"}],"curies":[{"name":"wp","href":"https:\/\/api.w.org\/{rel}","templated":true}]}}