{"id":24270,"date":"2019-02-12T11:31:13","date_gmt":"2019-02-12T08:31:13","guid":{"rendered":"http:\/\/www.tvturk.com\/index.php\/zeytinkoyde-ev-bekleyisi-suruyor\/"},"modified":"2019-02-12T11:31:20","modified_gmt":"2019-02-12T08:31:20","slug":"zeytinkoyde-ev-bekleyisi-suruyor","status":"publish","type":"post","link":"http:\/\/www.tvturk.com\/index.php\/zeytinkoyde-ev-bekleyisi-suruyor\/","title":{"rendered":"Zeytink\u00f6y\u2019de ev bekleyi\u015fi s\u00fcr\u00fcyor"},"content":{"rendered":"<p>Mu\u011fla\u2019n\u0131n Mente\u015fe il\u00e7esi k\u0131rsal Zeytink\u00f6y Mahallesi\u2019nde 2017 y\u0131l\u0131 Eyl\u00fcl ay\u0131nda \u00e7\u0131kan yang\u0131nda evini kaybeden ve 16 ayd\u0131r konteynerde ya\u015fayan 25 hane sakinleri, kendilerine vaat edilen evlerin yap\u0131lmas\u0131n\u0131 bekliyor. Afetzedelerle bir araya gelen Mente\u015fe Kaymakam\u0131 Caner Y\u0131ld\u0131z, Mente\u015fe Belediye Ba\u015fkan\u0131 Bahattin G\u00fcm\u00fc\u015f ve AFAD \u0130l M\u00fcd\u00fcr\u00fc M. Temel K\u0131\u015flal gelinen son durum hakk\u0131nda mahalle sakinlerine bilgi verdiler.<\/p>\n<p>Zeytink\u00f6y\u2019de 2017 y\u0131l\u0131 Eyl\u00fcl ay\u0131nda \u00e7\u0131kan yang\u0131nda evini kaybeden ve 16 ayd\u0131r konteynerde ya\u015fayan mahalle sakinleri, kendilerine vaat edilen evlerin yap\u0131lmas\u0131n\u0131 bekliyor. Zeytink\u00f6y sakinlerinden Melek Duman, &#8220;Ben gidece\u011fim Valiye s\u0131k\u0131nt\u0131m\u0131z\u0131 anlataca\u011f\u0131m diyorum. \u00dcst \u00fcste geldi her \u015fey. 4-5 ayd\u0131r g\u00f6zya\u015f\u0131 d\u00f6k\u00fcyorum. Elimizde avucumuzda bir \u015fey kalmad\u0131. \u0130ki inek orada, iki inek ba\u015fka yerde. \u00c7ok rezil durumday\u0131z. Evleri yap\u0131yoruz deyip aldatt\u0131lar. Kendimizin yapmas\u0131na izin vermediler&#8221; dedi.<\/p>\n<p>Feri\u015ftah \u00c7ak\u0131r ise, &#8220;Bizi a\u015fa\u011f\u0131ya s\u00fcrd\u00fcler. Bir a\u015fa\u011f\u0131 bir yukar\u0131. Ba\u015f\u0131n\u0131z\u0131n \u00e7aresine bak\u0131n diyen yok. Burada s\u00fcr\u00fcn\u00fcyoruz i\u015fte&#8221; diye konu\u015ftu.<\/p>\n<p>Ard\u0131ndan konu\u015fan Bayram Kayal\u0131, &#8220;Her \u015fey meydanda, sokakta gibiyim, banyom yok, tuvaletim yok. Ya\u015f\u0131m 78. \u00c7ama\u015f\u0131r\u0131 kendim y\u0131k\u0131yorum. Bana bu lay\u0131k m\u0131 yani&#8221; diye ifade etti.<\/p>\n<p>&#8220;Ne \u00e7ekti\u011fimi bir Allah bir ben bilirim&#8221;<\/p>\n<p>Afetzede Duran Duman, &#8220;Yapaca\u011f\u0131z, yapaca\u011f\u0131z diyerek 80 bin lira geri \u00f6demeli olarak evlerin yap\u0131laca\u011f\u0131 s\u00f6ylendi. Biz tamam dedik. Yine yok. Ta\u015f \u00fcst\u00fcne ta\u015f konulmad\u0131. Ondan sonra dediler ki \u00c7evre Bakanl\u0131\u011f\u0131 devrald\u0131. 150 bin lira oldu dediler. Biz yine tamam dedik. Yine olmad\u0131. Konteyner verdiler, sa\u011f olsunlar fakat konteynerlerin \u00fcst\u00fcndeki civatalar ak\u0131tt\u0131. Para verip yapt\u0131rd\u0131m, yine akt\u0131. Muhtar\u0131m\u0131z branda \u00e7ek dedi, \u00e7ektim. Yine de su ak\u0131tt\u0131. O g\u00fcnden bu g\u00fcne ya\u015fad\u0131\u011f\u0131m\u0131, bir Allah bilir, bir ben&#8221; diye konu\u015ftu.<\/p>\n<p>Kaymakam Y\u0131ld\u0131z: &#8220;Konutlar\u0131 TOK\u0130 yapacak&#8221;<\/p>\n<p>Mente\u015fe Kaymakam\u0131 Caner Y\u0131ld\u0131z Zeytink\u00f6y sakinleri ile yapt\u0131\u011f\u0131 toplant\u0131da son geli\u015fmeleri mahalle halk\u0131na aktard\u0131. Y\u0131ld\u0131z, &#8220;14 hak sahibi herhangi bir sorun olmaks\u0131z\u0131n ihaleye \u00e7\u0131kacak. En k\u0131sa zamanda onay geldikten sonra TOK\u0130 taraf\u0131ndan konutlar yap\u0131lacak. Geriye kalan 4 hak sahibi var. Onlar\u0131n da imar, arsa ve yol olmad\u0131\u011f\u0131ndan dolay\u0131 konuyu \u00e7\u00f6zemiyoruz. Buna bir \u00e7\u00f6z\u00fcm bulunabilirse o ki\u015filer de bu haktan yararlanabilecek&#8221; dedi.<\/p>\n<p>4 afetzede imara tak\u0131ld\u0131<\/p>\n<p>\u0130l AFAD M\u00fcd\u00fcr\u00fc Mustafa Temel K\u0131\u015flal ise, &#8220;Hak sahibi olan 25 ki\u015fiden 17\u2019si ihale y\u00f6ntemiyle konut sahibi olmak i\u00e7in m\u00fcracaatlar\u0131n\u0131 tamamlad\u0131lar. Bunun \u00fczerine yer se\u00e7imi komisyonu olu\u015fturularak g\u00f6sterilen yerler ve evrak \u00fczerinde incelemede bulunuldu. Buna g\u00f6re 14 ki\u015finin yer sorunu olmad\u0131\u011f\u0131, 1 ki\u015finin parselinin k\u00fc\u00e7\u00fck oldu\u011fu, 3 ki\u015finin de arsas\u0131ndan resmi yol olmad\u0131\u011f\u0131 i\u00e7in hak sahibi olamamaktad\u0131r. \u0130mar durumu uygun olan 14 afetzede ile yer se\u00e7imi protokol\u00fc haz\u0131rlanarak onay i\u00e7in g\u00f6nderilecektir. \u0130mar sorunu olanlar\u0131n bu sorunu \u00e7\u00f6zmeleri i\u00e7in bir m\u00fcddet daha beklenebilir. Resmi yolun \u00e7\u00f6z\u00fcm\u00fc i\u00e7in g\u00f6r\u00fc\u015fmeler yapaca\u011f\u0131z&#8221; dedi.<\/p>\n<p>K\u0131\u015flal ayr\u0131ca, Zeytink\u00f6y halk\u0131n\u0131n ihale usul\u00fc y\u00f6ntemini se\u00e7tiklerini belirterek, &#8220;\u00d6denek \u00fccretler 20 y\u0131l vadeli, 2 y\u0131l geri \u00f6demesiz s\u0131f\u0131r faizli kredi kullanacaklar&#8221; diye ifade etti.<div class=\"tiled-gallery type-rectangular tiled-gallery-unresized\" data-original-width=\"500\" data-carousel-extra='null' itemscope itemtype=\"http:\/\/schema.org\/ImageGallery\" > <div class=\"gallery-row\" style=\"width: 500px; height: 224px;\" data-original-width=\"500\" data-original-height=\"224\" > <div class=\"gallery-group images-1\" style=\"width: 334px; height: 224px;\" data-original-width=\"334\" data-original-height=\"224\" > <div class=\"tiled-gallery-item tiled-gallery-item-large\" itemprop=\"associatedMedia\" itemscope itemtype=\"http:\/\/schema.org\/ImageObject\"> <a href=\"http:\/\/www.tvturk.com\/index.php\/zeytinkoyde-ev-bekleyisi-suruyor\/zeytinkoyde-ev-bekleyisi-suruyor-3\/\" border=\"0\" itemprop=\"url\"> <meta itemprop=\"width\" content=\"330\"> <meta itemprop=\"height\" content=\"220\"> <img decoding=\"async\" class=\"\" data-attachment-id=\"24272\" data-orig-file=\"http:\/\/www.tvturk.com\/wp-content\/uploads\/2019\/02\/zeytinkoyde-ev-bekleyisi-suruyor_dcbab05.jpg\" data-orig-size=\"1000,666\" data-comments-opened=\"\" data-image-meta=\"{&quot;aperture&quot;:&quot;0&quot;,&quot;credit&quot;:&quot;IHA&quot;,&quot;camera&quot;:&quot;&quot;,&quot;caption&quot;:&quot;ZEYT\\u0130NK\\u00d6Y\\u0027DE EV BEKLEY\\u0130\\u015e\\u0130 S\\u00dcR\\u00dcYOR (MUSTAFA ALTAR ZEYHAN\\\/MU\\u011eLA-\\u0130HA)&quot;,&quot;created_timestamp&quot;:&quot;0&quot;,&quot;copyright&quot;:&quot;\\u0130HLAS HABER AJANSI, www.iha.com.tr&quot;,&quot;focal_length&quot;:&quot;0&quot;,&quot;iso&quot;:&quot;0&quot;,&quot;shutter_speed&quot;:&quot;0&quot;,&quot;title&quot;:&quot;ZEYT\\u0130NK\\u00d6Y\\u2019DE EV BEKLEY\\u0130\\u015e\\u0130 S\\u00dcR\\u00dcYOR&quot;,&quot;orientation&quot;:&quot;0&quot;}\" data-image-title=\"Zeytink\u00f6y\u2019de ev bekleyi\u015fi s\u00fcr\u00fcyor\" data-image-description=\"&lt;p&gt;Zeytink\u00f6y\u2019de ev bekleyi\u015fi s\u00fcr\u00fcyor&lt;\/p&gt; \" data-medium-file=\"https:\/\/i0.wp.com\/www.tvturk.com\/wp-content\/uploads\/2019\/02\/zeytinkoyde-ev-bekleyisi-suruyor_dcbab05.jpg?fit=300%2C200\" data-large-file=\"https:\/\/i0.wp.com\/www.tvturk.com\/wp-content\/uploads\/2019\/02\/zeytinkoyde-ev-bekleyisi-suruyor_dcbab05.jpg?fit=1000%2C666\" src=\"https:\/\/i0.wp.com\/www.tvturk.com\/wp-content\/uploads\/2019\/02\/zeytinkoyde-ev-bekleyisi-suruyor_dcbab05.jpg?w=330&#038;h=220\" srcset=\"https:\/\/i0.wp.com\/www.tvturk.com\/wp-content\/uploads\/2019\/02\/zeytinkoyde-ev-bekleyisi-suruyor_dcbab05.jpg?w=1000 1000w, https:\/\/i0.wp.com\/www.tvturk.com\/wp-content\/uploads\/2019\/02\/zeytinkoyde-ev-bekleyisi-suruyor_dcbab05.jpg?resize=150%2C100 150w, https:\/\/i0.wp.com\/www.tvturk.com\/wp-content\/uploads\/2019\/02\/zeytinkoyde-ev-bekleyisi-suruyor_dcbab05.jpg?resize=300%2C200 300w, https:\/\/i0.wp.com\/www.tvturk.com\/wp-content\/uploads\/2019\/02\/zeytinkoyde-ev-bekleyisi-suruyor_dcbab05.jpg?resize=768%2C511 768w, https:\/\/i0.wp.com\/www.tvturk.com\/wp-content\/uploads\/2019\/02\/zeytinkoyde-ev-bekleyisi-suruyor_dcbab05.jpg?resize=170%2C113 170w, https:\/\/i0.wp.com\/www.tvturk.com\/wp-content\/uploads\/2019\/02\/zeytinkoyde-ev-bekleyisi-suruyor_dcbab05.jpg?resize=120%2C80 120w\" width=\"330\" height=\"220\" loading=\"lazy\" data-original-width=\"330\" data-original-height=\"220\" itemprop=\"http:\/\/schema.org\/image\" title=\"Zeytink\u00f6y\u2019de ev bekleyi\u015fi s\u00fcr\u00fcyor\" alt=\"Zeytink\u00f6y\u2019de ev bekleyi\u015fi s\u00fcr\u00fcyor\" style=\"width: 330px; height: 220px;\" \/> <\/a> <\/div> <\/div> <!-- close group --> <div class=\"gallery-group images-2\" style=\"width: 166px; height: 224px;\" data-original-width=\"166\" data-original-height=\"224\" > <div class=\"tiled-gallery-item tiled-gallery-item-small\" itemprop=\"associatedMedia\" itemscope itemtype=\"http:\/\/schema.org\/ImageObject\"> <a href=\"http:\/\/www.tvturk.com\/index.php\/zeytinkoyde-ev-bekleyisi-suruyor\/zeytinkoyde-ev-bekleyisi-suruyor-4\/\" border=\"0\" itemprop=\"url\"> <meta itemprop=\"width\" content=\"162\"> <meta itemprop=\"height\" content=\"108\"> <img decoding=\"async\" class=\"\" data-attachment-id=\"24273\" data-orig-file=\"http:\/\/www.tvturk.com\/wp-content\/uploads\/2019\/02\/zeytinkoyde-ev-bekleyisi-suruyor_2f9b459.jpg\" data-orig-size=\"1000,666\" data-comments-opened=\"\" data-image-meta=\"{&quot;aperture&quot;:&quot;0&quot;,&quot;credit&quot;:&quot;IHA&quot;,&quot;camera&quot;:&quot;&quot;,&quot;caption&quot;:&quot;ZEYT\\u0130NK\\u00d6Y\\u0027DE EV BEKLEY\\u0130\\u015e\\u0130 S\\u00dcR\\u00dcYOR (MUSTAFA ALTAR ZEYHAN\\\/MU\\u011eLA-\\u0130HA)&quot;,&quot;created_timestamp&quot;:&quot;0&quot;,&quot;copyright&quot;:&quot;\\u0130HLAS HABER AJANSI, www.iha.com.tr&quot;,&quot;focal_length&quot;:&quot;0&quot;,&quot;iso&quot;:&quot;0&quot;,&quot;shutter_speed&quot;:&quot;0&quot;,&quot;title&quot;:&quot;ZEYT\\u0130NK\\u00d6Y\\u2019DE EV BEKLEY\\u0130\\u015e\\u0130 S\\u00dcR\\u00dcYOR&quot;,&quot;orientation&quot;:&quot;0&quot;}\" data-image-title=\"Zeytink\u00f6y\u2019de ev bekleyi\u015fi s\u00fcr\u00fcyor\" data-image-description=\"&lt;p&gt;Zeytink\u00f6y\u2019de ev bekleyi\u015fi s\u00fcr\u00fcyor&lt;\/p&gt; \" data-medium-file=\"https:\/\/i0.wp.com\/www.tvturk.com\/wp-content\/uploads\/2019\/02\/zeytinkoyde-ev-bekleyisi-suruyor_2f9b459.jpg?fit=300%2C200\" data-large-file=\"https:\/\/i0.wp.com\/www.tvturk.com\/wp-content\/uploads\/2019\/02\/zeytinkoyde-ev-bekleyisi-suruyor_2f9b459.jpg?fit=1000%2C666\" src=\"https:\/\/i0.wp.com\/www.tvturk.com\/wp-content\/uploads\/2019\/02\/zeytinkoyde-ev-bekleyisi-suruyor_2f9b459.jpg?w=162&#038;h=108\" srcset=\"https:\/\/i0.wp.com\/www.tvturk.com\/wp-content\/uploads\/2019\/02\/zeytinkoyde-ev-bekleyisi-suruyor_2f9b459.jpg?w=1000 1000w, https:\/\/i0.wp.com\/www.tvturk.com\/wp-content\/uploads\/2019\/02\/zeytinkoyde-ev-bekleyisi-suruyor_2f9b459.jpg?resize=150%2C100 150w, https:\/\/i0.wp.com\/www.tvturk.com\/wp-content\/uploads\/2019\/02\/zeytinkoyde-ev-bekleyisi-suruyor_2f9b459.jpg?resize=300%2C200 300w, https:\/\/i0.wp.com\/www.tvturk.com\/wp-content\/uploads\/2019\/02\/zeytinkoyde-ev-bekleyisi-suruyor_2f9b459.jpg?resize=768%2C511 768w, https:\/\/i0.wp.com\/www.tvturk.com\/wp-content\/uploads\/2019\/02\/zeytinkoyde-ev-bekleyisi-suruyor_2f9b459.jpg?resize=170%2C113 170w, https:\/\/i0.wp.com\/www.tvturk.com\/wp-content\/uploads\/2019\/02\/zeytinkoyde-ev-bekleyisi-suruyor_2f9b459.jpg?resize=120%2C80 120w\" width=\"162\" height=\"108\" loading=\"lazy\" data-original-width=\"162\" data-original-height=\"108\" itemprop=\"http:\/\/schema.org\/image\" title=\"Zeytink\u00f6y\u2019de ev bekleyi\u015fi s\u00fcr\u00fcyor\" alt=\"Zeytink\u00f6y\u2019de ev bekleyi\u015fi s\u00fcr\u00fcyor\" style=\"width: 162px; height: 108px;\" \/> <\/a> <\/div> <div class=\"tiled-gallery-item tiled-gallery-item-small\" itemprop=\"associatedMedia\" itemscope itemtype=\"http:\/\/schema.org\/ImageObject\"> <a href=\"http:\/\/www.tvturk.com\/index.php\/zeytinkoyde-ev-bekleyisi-suruyor\/zeytinkoyde-ev-bekleyisi-suruyor-5\/\" border=\"0\" itemprop=\"url\"> <meta itemprop=\"width\" content=\"162\"> <meta itemprop=\"height\" content=\"108\"> <img decoding=\"async\" class=\"\" data-attachment-id=\"24274\" data-orig-file=\"http:\/\/www.tvturk.com\/wp-content\/uploads\/2019\/02\/zeytinkoyde-ev-bekleyisi-suruyor_1f5191c.jpg\" data-orig-size=\"1000,666\" data-comments-opened=\"\" data-image-meta=\"{&quot;aperture&quot;:&quot;0&quot;,&quot;credit&quot;:&quot;IHA&quot;,&quot;camera&quot;:&quot;&quot;,&quot;caption&quot;:&quot;ZEYT\\u0130NK\\u00d6Y\\u0027DE EV BEKLEY\\u0130\\u015e\\u0130 S\\u00dcR\\u00dcYOR (MUSTAFA ALTAR ZEYHAN\\\/MU\\u011eLA-\\u0130HA)&quot;,&quot;created_timestamp&quot;:&quot;0&quot;,&quot;copyright&quot;:&quot;\\u0130HLAS HABER AJANSI, www.iha.com.tr&quot;,&quot;focal_length&quot;:&quot;0&quot;,&quot;iso&quot;:&quot;0&quot;,&quot;shutter_speed&quot;:&quot;0&quot;,&quot;title&quot;:&quot;ZEYT\\u0130NK\\u00d6Y\\u2019DE EV BEKLEY\\u0130\\u015e\\u0130 S\\u00dcR\\u00dcYOR&quot;,&quot;orientation&quot;:&quot;0&quot;}\" data-image-title=\"Zeytink\u00f6y\u2019de ev bekleyi\u015fi s\u00fcr\u00fcyor\" data-image-description=\"&lt;p&gt;Zeytink\u00f6y\u2019de ev bekleyi\u015fi s\u00fcr\u00fcyor&lt;\/p&gt; \" data-medium-file=\"https:\/\/i0.wp.com\/www.tvturk.com\/wp-content\/uploads\/2019\/02\/zeytinkoyde-ev-bekleyisi-suruyor_1f5191c.jpg?fit=300%2C200\" data-large-file=\"https:\/\/i0.wp.com\/www.tvturk.com\/wp-content\/uploads\/2019\/02\/zeytinkoyde-ev-bekleyisi-suruyor_1f5191c.jpg?fit=1000%2C666\" src=\"https:\/\/i0.wp.com\/www.tvturk.com\/wp-content\/uploads\/2019\/02\/zeytinkoyde-ev-bekleyisi-suruyor_1f5191c.jpg?w=162&#038;h=108\" srcset=\"https:\/\/i0.wp.com\/www.tvturk.com\/wp-content\/uploads\/2019\/02\/zeytinkoyde-ev-bekleyisi-suruyor_1f5191c.jpg?w=1000 1000w, https:\/\/i0.wp.com\/www.tvturk.com\/wp-content\/uploads\/2019\/02\/zeytinkoyde-ev-bekleyisi-suruyor_1f5191c.jpg?resize=150%2C100 150w, https:\/\/i0.wp.com\/www.tvturk.com\/wp-content\/uploads\/2019\/02\/zeytinkoyde-ev-bekleyisi-suruyor_1f5191c.jpg?resize=300%2C200 300w, https:\/\/i0.wp.com\/www.tvturk.com\/wp-content\/uploads\/2019\/02\/zeytinkoyde-ev-bekleyisi-suruyor_1f5191c.jpg?resize=768%2C511 768w, https:\/\/i0.wp.com\/www.tvturk.com\/wp-content\/uploads\/2019\/02\/zeytinkoyde-ev-bekleyisi-suruyor_1f5191c.jpg?resize=170%2C113 170w, https:\/\/i0.wp.com\/www.tvturk.com\/wp-content\/uploads\/2019\/02\/zeytinkoyde-ev-bekleyisi-suruyor_1f5191c.jpg?resize=120%2C80 120w\" width=\"162\" height=\"108\" loading=\"lazy\" data-original-width=\"162\" data-original-height=\"108\" itemprop=\"http:\/\/schema.org\/image\" title=\"Zeytink\u00f6y\u2019de ev bekleyi\u015fi s\u00fcr\u00fcyor\" alt=\"Zeytink\u00f6y\u2019de ev bekleyi\u015fi s\u00fcr\u00fcyor\" style=\"width: 162px; height: 108px;\" \/> <\/a> <\/div> <\/div> <!-- close group --> <\/div> <!-- close row --> <div class=\"gallery-row\" style=\"width: 500px; height: 362px;\" data-original-width=\"500\" data-original-height=\"362\" > <div class=\"gallery-group images-3\" style=\"width: 179px; height: 362px;\" data-original-width=\"179\" data-original-height=\"362\" > <div class=\"tiled-gallery-item tiled-gallery-item-small\" itemprop=\"associatedMedia\" itemscope itemtype=\"http:\/\/schema.org\/ImageObject\"> <a href=\"http:\/\/www.tvturk.com\/index.php\/zeytinkoyde-ev-bekleyisi-suruyor\/zeytinkoyde-ev-bekleyisi-suruyor-6\/\" border=\"0\" itemprop=\"url\"> <meta itemprop=\"width\" content=\"175\"> <meta itemprop=\"height\" content=\"117\"> <img decoding=\"async\" class=\"\" data-attachment-id=\"24275\" data-orig-file=\"http:\/\/www.tvturk.com\/wp-content\/uploads\/2019\/02\/zeytinkoyde-ev-bekleyisi-suruyor_9411d64.jpg\" data-orig-size=\"1000,666\" data-comments-opened=\"\" data-image-meta=\"{&quot;aperture&quot;:&quot;0&quot;,&quot;credit&quot;:&quot;IHA&quot;,&quot;camera&quot;:&quot;&quot;,&quot;caption&quot;:&quot;MU\\u011eLA\\u2019NIN MENTE\\u015eE \\u0130L\\u00c7ES\\u0130 KIRSAL ZEYT\\u0130NK\\u00d6Y MAHALLES\\u0130NDE 2017 YILI EYL\\u00dcL AYINDA \\u00c7IKAN YANGINDA EV\\u0130N\\u0130 KAYBEDEN VE 16 AYDIR KONTEYNIRDA YA\\u015eAYAN ZEYT\\u0130NK\\u00d6Y SAK\\u0130NLER\\u0130 KEND\\u0130LER\\u0130NE VAAD ED\\u0130LEN EVLER\\u0130N YAPILMASINI BEKL\\u0130YOR (MUSTAFA ALTAR ZEYHAN\\\/MU\\u011eLA-\\u0130HA)&quot;,&quot;created_timestamp&quot;:&quot;0&quot;,&quot;copyright&quot;:&quot;\\u0130HLAS HABER AJANSI, www.iha.com.tr&quot;,&quot;focal_length&quot;:&quot;0&quot;,&quot;iso&quot;:&quot;0&quot;,&quot;shutter_speed&quot;:&quot;0&quot;,&quot;title&quot;:&quot;ZEYT\\u0130NK\\u00d6Y\\u2019DE EV BEKLEY\\u0130\\u015e\\u0130 S\\u00dcR\\u00dcYOR&quot;,&quot;orientation&quot;:&quot;0&quot;}\" data-image-title=\"Zeytink\u00f6y\u2019de ev bekleyi\u015fi s\u00fcr\u00fcyor\" data-image-description=\"&lt;p&gt;Zeytink\u00f6y\u2019de ev bekleyi\u015fi s\u00fcr\u00fcyor&lt;\/p&gt; \" data-medium-file=\"https:\/\/i0.wp.com\/www.tvturk.com\/wp-content\/uploads\/2019\/02\/zeytinkoyde-ev-bekleyisi-suruyor_9411d64.jpg?fit=300%2C200\" data-large-file=\"https:\/\/i0.wp.com\/www.tvturk.com\/wp-content\/uploads\/2019\/02\/zeytinkoyde-ev-bekleyisi-suruyor_9411d64.jpg?fit=1000%2C666\" src=\"https:\/\/i0.wp.com\/www.tvturk.com\/wp-content\/uploads\/2019\/02\/zeytinkoyde-ev-bekleyisi-suruyor_9411d64.jpg?w=175&#038;h=117\" srcset=\"https:\/\/i0.wp.com\/www.tvturk.com\/wp-content\/uploads\/2019\/02\/zeytinkoyde-ev-bekleyisi-suruyor_9411d64.jpg?w=1000 1000w, https:\/\/i0.wp.com\/www.tvturk.com\/wp-content\/uploads\/2019\/02\/zeytinkoyde-ev-bekleyisi-suruyor_9411d64.jpg?resize=150%2C100 150w, https:\/\/i0.wp.com\/www.tvturk.com\/wp-content\/uploads\/2019\/02\/zeytinkoyde-ev-bekleyisi-suruyor_9411d64.jpg?resize=300%2C200 300w, https:\/\/i0.wp.com\/www.tvturk.com\/wp-content\/uploads\/2019\/02\/zeytinkoyde-ev-bekleyisi-suruyor_9411d64.jpg?resize=768%2C511 768w, https:\/\/i0.wp.com\/www.tvturk.com\/wp-content\/uploads\/2019\/02\/zeytinkoyde-ev-bekleyisi-suruyor_9411d64.jpg?resize=170%2C113 170w, https:\/\/i0.wp.com\/www.tvturk.com\/wp-content\/uploads\/2019\/02\/zeytinkoyde-ev-bekleyisi-suruyor_9411d64.jpg?resize=120%2C80 120w\" width=\"175\" height=\"117\" loading=\"lazy\" data-original-width=\"175\" data-original-height=\"117\" itemprop=\"http:\/\/schema.org\/image\" title=\"Zeytink\u00f6y\u2019de ev bekleyi\u015fi s\u00fcr\u00fcyor\" alt=\"Zeytink\u00f6y\u2019de ev bekleyi\u015fi s\u00fcr\u00fcyor\" style=\"width: 175px; height: 117px;\" \/> <\/a> <\/div> <div class=\"tiled-gallery-item tiled-gallery-item-small\" itemprop=\"associatedMedia\" itemscope itemtype=\"http:\/\/schema.org\/ImageObject\"> <a href=\"http:\/\/www.tvturk.com\/index.php\/zeytinkoyde-ev-bekleyisi-suruyor\/zeytinkoyde-ev-bekleyisi-suruyor-7\/\" border=\"0\" itemprop=\"url\"> <meta itemprop=\"width\" content=\"175\"> <meta itemprop=\"height\" content=\"117\"> <img decoding=\"async\" class=\"\" data-attachment-id=\"24276\" data-orig-file=\"http:\/\/www.tvturk.com\/wp-content\/uploads\/2019\/02\/zeytinkoyde-ev-bekleyisi-suruyor_3b775c9.jpg\" data-orig-size=\"1000,666\" data-comments-opened=\"\" data-image-meta=\"{&quot;aperture&quot;:&quot;0&quot;,&quot;credit&quot;:&quot;IHA&quot;,&quot;camera&quot;:&quot;&quot;,&quot;caption&quot;:&quot;MU\\u011eLA\\u2019NIN MENTE\\u015eE \\u0130L\\u00c7ES\\u0130 KIRSAL ZEYT\\u0130NK\\u00d6Y MAHALLES\\u0130NDE 2017 YILI EYL\\u00dcL AYINDA \\u00c7IKAN YANGINDA EV\\u0130N\\u0130 KAYBEDEN VE 16 AYDIR KONTEYNIRDA YA\\u015eAYAN ZEYT\\u0130NK\\u00d6Y SAK\\u0130NLER\\u0130 KEND\\u0130LER\\u0130NE VAAD ED\\u0130LEN EVLER\\u0130N YAPILMASINI BEKL\\u0130YOR (MUSTAFA ALTAR ZEYHAN\\\/MU\\u011eLA-\\u0130HA)&quot;,&quot;created_timestamp&quot;:&quot;0&quot;,&quot;copyright&quot;:&quot;\\u0130HLAS HABER AJANSI, www.iha.com.tr&quot;,&quot;focal_length&quot;:&quot;0&quot;,&quot;iso&quot;:&quot;0&quot;,&quot;shutter_speed&quot;:&quot;0&quot;,&quot;title&quot;:&quot;ZEYT\\u0130NK\\u00d6Y\\u2019DE EV BEKLEY\\u0130\\u015e\\u0130 S\\u00dcR\\u00dcYOR&quot;,&quot;orientation&quot;:&quot;0&quot;}\" data-image-title=\"Zeytink\u00f6y\u2019de ev bekleyi\u015fi s\u00fcr\u00fcyor\" data-image-description=\"&lt;p&gt;Zeytink\u00f6y\u2019de ev bekleyi\u015fi s\u00fcr\u00fcyor&lt;\/p&gt; \" data-medium-file=\"https:\/\/i0.wp.com\/www.tvturk.com\/wp-content\/uploads\/2019\/02\/zeytinkoyde-ev-bekleyisi-suruyor_3b775c9.jpg?fit=300%2C200\" data-large-file=\"https:\/\/i0.wp.com\/www.tvturk.com\/wp-content\/uploads\/2019\/02\/zeytinkoyde-ev-bekleyisi-suruyor_3b775c9.jpg?fit=1000%2C666\" src=\"https:\/\/i0.wp.com\/www.tvturk.com\/wp-content\/uploads\/2019\/02\/zeytinkoyde-ev-bekleyisi-suruyor_3b775c9.jpg?w=175&#038;h=117\" srcset=\"https:\/\/i0.wp.com\/www.tvturk.com\/wp-content\/uploads\/2019\/02\/zeytinkoyde-ev-bekleyisi-suruyor_3b775c9.jpg?w=1000 1000w, https:\/\/i0.wp.com\/www.tvturk.com\/wp-content\/uploads\/2019\/02\/zeytinkoyde-ev-bekleyisi-suruyor_3b775c9.jpg?resize=150%2C100 150w, https:\/\/i0.wp.com\/www.tvturk.com\/wp-content\/uploads\/2019\/02\/zeytinkoyde-ev-bekleyisi-suruyor_3b775c9.jpg?resize=300%2C200 300w, https:\/\/i0.wp.com\/www.tvturk.com\/wp-content\/uploads\/2019\/02\/zeytinkoyde-ev-bekleyisi-suruyor_3b775c9.jpg?resize=768%2C511 768w, https:\/\/i0.wp.com\/www.tvturk.com\/wp-content\/uploads\/2019\/02\/zeytinkoyde-ev-bekleyisi-suruyor_3b775c9.jpg?resize=170%2C113 170w, https:\/\/i0.wp.com\/www.tvturk.com\/wp-content\/uploads\/2019\/02\/zeytinkoyde-ev-bekleyisi-suruyor_3b775c9.jpg?resize=120%2C80 120w\" width=\"175\" height=\"117\" loading=\"lazy\" data-original-width=\"175\" data-original-height=\"117\" itemprop=\"http:\/\/schema.org\/image\" title=\"Zeytink\u00f6y\u2019de ev bekleyi\u015fi s\u00fcr\u00fcyor\" alt=\"Zeytink\u00f6y\u2019de ev bekleyi\u015fi s\u00fcr\u00fcyor\" style=\"width: 175px; height: 117px;\" \/> <\/a> <\/div> <div class=\"tiled-gallery-item tiled-gallery-item-small\" itemprop=\"associatedMedia\" itemscope itemtype=\"http:\/\/schema.org\/ImageObject\"> <a href=\"http:\/\/www.tvturk.com\/index.php\/zeytinkoyde-ev-bekleyisi-suruyor\/zeytinkoyde-ev-bekleyisi-suruyor-8\/\" border=\"0\" itemprop=\"url\"> <meta itemprop=\"width\" content=\"175\"> <meta itemprop=\"height\" content=\"116\"> <img decoding=\"async\" class=\"\" data-attachment-id=\"24277\" data-orig-file=\"http:\/\/www.tvturk.com\/wp-content\/uploads\/2019\/02\/zeytinkoyde-ev-bekleyisi-suruyor_e4a3297.jpg\" data-orig-size=\"1000,666\" data-comments-opened=\"\" data-image-meta=\"{&quot;aperture&quot;:&quot;0&quot;,&quot;credit&quot;:&quot;IHA&quot;,&quot;camera&quot;:&quot;&quot;,&quot;caption&quot;:&quot;MU\\u011eLA\\u2019NIN MENTE\\u015eE \\u0130L\\u00c7ES\\u0130 KIRSAL ZEYT\\u0130NK\\u00d6Y MAHALLES\\u0130NDE 2017 YILI EYL\\u00dcL AYINDA \\u00c7IKAN YANGINDA EV\\u0130N\\u0130 KAYBEDEN VE 16 AYDIR KONTEYNIRDA YA\\u015eAYAN ZEYT\\u0130NK\\u00d6Y SAK\\u0130NLER\\u0130 KEND\\u0130LER\\u0130NE VAAD ED\\u0130LEN EVLER\\u0130N YAPILMASINI BEKL\\u0130YOR (MUSTAFA ALTAR ZEYHAN\\\/MU\\u011eLA-\\u0130HA)&quot;,&quot;created_timestamp&quot;:&quot;0&quot;,&quot;copyright&quot;:&quot;\\u0130HLAS HABER AJANSI, www.iha.com.tr&quot;,&quot;focal_length&quot;:&quot;0&quot;,&quot;iso&quot;:&quot;0&quot;,&quot;shutter_speed&quot;:&quot;0&quot;,&quot;title&quot;:&quot;ZEYT\\u0130NK\\u00d6Y\\u2019DE EV BEKLEY\\u0130\\u015e\\u0130 S\\u00dcR\\u00dcYOR&quot;,&quot;orientation&quot;:&quot;0&quot;}\" data-image-title=\"Zeytink\u00f6y\u2019de ev bekleyi\u015fi s\u00fcr\u00fcyor\" data-image-description=\"&lt;p&gt;Zeytink\u00f6y\u2019de ev bekleyi\u015fi s\u00fcr\u00fcyor&lt;\/p&gt; \" data-medium-file=\"https:\/\/i0.wp.com\/www.tvturk.com\/wp-content\/uploads\/2019\/02\/zeytinkoyde-ev-bekleyisi-suruyor_e4a3297.jpg?fit=300%2C200\" data-large-file=\"https:\/\/i0.wp.com\/www.tvturk.com\/wp-content\/uploads\/2019\/02\/zeytinkoyde-ev-bekleyisi-suruyor_e4a3297.jpg?fit=1000%2C666\" src=\"https:\/\/i0.wp.com\/www.tvturk.com\/wp-content\/uploads\/2019\/02\/zeytinkoyde-ev-bekleyisi-suruyor_e4a3297.jpg?w=175&#038;h=116\" srcset=\"https:\/\/i0.wp.com\/www.tvturk.com\/wp-content\/uploads\/2019\/02\/zeytinkoyde-ev-bekleyisi-suruyor_e4a3297.jpg?w=1000 1000w, https:\/\/i0.wp.com\/www.tvturk.com\/wp-content\/uploads\/2019\/02\/zeytinkoyde-ev-bekleyisi-suruyor_e4a3297.jpg?resize=150%2C100 150w, https:\/\/i0.wp.com\/www.tvturk.com\/wp-content\/uploads\/2019\/02\/zeytinkoyde-ev-bekleyisi-suruyor_e4a3297.jpg?resize=300%2C200 300w, https:\/\/i0.wp.com\/www.tvturk.com\/wp-content\/uploads\/2019\/02\/zeytinkoyde-ev-bekleyisi-suruyor_e4a3297.jpg?resize=768%2C511 768w, https:\/\/i0.wp.com\/www.tvturk.com\/wp-content\/uploads\/2019\/02\/zeytinkoyde-ev-bekleyisi-suruyor_e4a3297.jpg?resize=170%2C113 170w, https:\/\/i0.wp.com\/www.tvturk.com\/wp-content\/uploads\/2019\/02\/zeytinkoyde-ev-bekleyisi-suruyor_e4a3297.jpg?resize=120%2C80 120w\" width=\"175\" height=\"116\" loading=\"lazy\" data-original-width=\"175\" data-original-height=\"116\" itemprop=\"http:\/\/schema.org\/image\" title=\"Zeytink\u00f6y\u2019de ev bekleyi\u015fi s\u00fcr\u00fcyor\" alt=\"Zeytink\u00f6y\u2019de ev bekleyi\u015fi s\u00fcr\u00fcyor\" style=\"width: 175px; height: 116px;\" \/> <\/a> <\/div> <\/div> <!-- close group --> <div class=\"gallery-group images-1\" style=\"width: 321px; height: 362px;\" data-original-width=\"321\" data-original-height=\"362\" > <div class=\"tiled-gallery-item tiled-gallery-item-large\" itemprop=\"associatedMedia\" itemscope itemtype=\"http:\/\/schema.org\/ImageObject\"> <a href=\"http:\/\/www.tvturk.com\/index.php\/zeytinkoyde-ev-bekleyisi-suruyor\/zeytinkoyde-ev-bekleyisi-suruyor-9\/\" border=\"0\" itemprop=\"url\"> <meta itemprop=\"width\" content=\"317\"> <meta itemprop=\"height\" content=\"358\"> <img decoding=\"async\" class=\"\" data-attachment-id=\"24278\" data-orig-file=\"http:\/\/www.tvturk.com\/wp-content\/uploads\/2019\/02\/zeytinkoyde-ev-bekleyisi-suruyor_31121c2.jpg\" data-orig-size=\"886,1000\" data-comments-opened=\"\" data-image-meta=\"{&quot;aperture&quot;:&quot;0&quot;,&quot;credit&quot;:&quot;IHA&quot;,&quot;camera&quot;:&quot;&quot;,&quot;caption&quot;:&quot;FER\\u0130\\u015eTAH \\u00c7AKIR (MUSTAFA ALTAR ZEYHAN\\\/MU\\u011eLA-\\u0130HA)&quot;,&quot;created_timestamp&quot;:&quot;0&quot;,&quot;copyright&quot;:&quot;\\u0130HLAS HABER AJANSI, www.iha.com.tr&quot;,&quot;focal_length&quot;:&quot;0&quot;,&quot;iso&quot;:&quot;0&quot;,&quot;shutter_speed&quot;:&quot;0&quot;,&quot;title&quot;:&quot;ZEYT\\u0130NK\\u00d6Y\\u2019DE EV BEKLEY\\u0130\\u015e\\u0130 S\\u00dcR\\u00dcYOR&quot;,&quot;orientation&quot;:&quot;0&quot;}\" data-image-title=\"Zeytink\u00f6y\u2019de ev bekleyi\u015fi s\u00fcr\u00fcyor\" data-image-description=\"&lt;p&gt;Zeytink\u00f6y\u2019de ev bekleyi\u015fi s\u00fcr\u00fcyor&lt;\/p&gt; \" data-medium-file=\"https:\/\/i0.wp.com\/www.tvturk.com\/wp-content\/uploads\/2019\/02\/zeytinkoyde-ev-bekleyisi-suruyor_31121c2.jpg?fit=266%2C300\" data-large-file=\"https:\/\/i0.wp.com\/www.tvturk.com\/wp-content\/uploads\/2019\/02\/zeytinkoyde-ev-bekleyisi-suruyor_31121c2.jpg?fit=886%2C1000\" src=\"https:\/\/i0.wp.com\/www.tvturk.com\/wp-content\/uploads\/2019\/02\/zeytinkoyde-ev-bekleyisi-suruyor_31121c2.jpg?w=317&#038;h=358\" srcset=\"https:\/\/i0.wp.com\/www.tvturk.com\/wp-content\/uploads\/2019\/02\/zeytinkoyde-ev-bekleyisi-suruyor_31121c2.jpg?w=886 886w, https:\/\/i0.wp.com\/www.tvturk.com\/wp-content\/uploads\/2019\/02\/zeytinkoyde-ev-bekleyisi-suruyor_31121c2.jpg?resize=133%2C150 133w, https:\/\/i0.wp.com\/www.tvturk.com\/wp-content\/uploads\/2019\/02\/zeytinkoyde-ev-bekleyisi-suruyor_31121c2.jpg?resize=266%2C300 266w, https:\/\/i0.wp.com\/www.tvturk.com\/wp-content\/uploads\/2019\/02\/zeytinkoyde-ev-bekleyisi-suruyor_31121c2.jpg?resize=768%2C867 768w\" width=\"317\" height=\"358\" loading=\"lazy\" data-original-width=\"317\" data-original-height=\"358\" itemprop=\"http:\/\/schema.org\/image\" title=\"Zeytink\u00f6y\u2019de ev bekleyi\u015fi s\u00fcr\u00fcyor\" alt=\"Zeytink\u00f6y\u2019de ev bekleyi\u015fi s\u00fcr\u00fcyor\" style=\"width: 317px; height: 358px;\" \/> <\/a> <\/div> <\/div> <!-- close group --> <\/div> <!-- close row --> <div class=\"gallery-row\" style=\"width: 500px; height: 289px;\" data-original-width=\"500\" data-original-height=\"289\" > <div class=\"gallery-group images-1\" style=\"width: 249px; height: 289px;\" data-original-width=\"249\" data-original-height=\"289\" > <div class=\"tiled-gallery-item tiled-gallery-item-small\" itemprop=\"associatedMedia\" itemscope itemtype=\"http:\/\/schema.org\/ImageObject\"> <a href=\"http:\/\/www.tvturk.com\/index.php\/zeytinkoyde-ev-bekleyisi-suruyor\/zeytinkoyde-ev-bekleyisi-suruyor-10\/\" border=\"0\" itemprop=\"url\"> <meta itemprop=\"width\" content=\"245\"> <meta itemprop=\"height\" content=\"285\"> <img decoding=\"async\" class=\"\" data-attachment-id=\"24279\" data-orig-file=\"http:\/\/www.tvturk.com\/wp-content\/uploads\/2019\/02\/zeytinkoyde-ev-bekleyisi-suruyor_938fc48.jpg\" data-orig-size=\"858,1000\" data-comments-opened=\"\" data-image-meta=\"{&quot;aperture&quot;:&quot;0&quot;,&quot;credit&quot;:&quot;IHA&quot;,&quot;camera&quot;:&quot;&quot;,&quot;caption&quot;:&quot;MELEK DUMAN (MUSTAFA ALTAR ZEYHAN\\\/MU\\u011eLA-\\u0130HA)&quot;,&quot;created_timestamp&quot;:&quot;0&quot;,&quot;copyright&quot;:&quot;\\u0130HLAS HABER AJANSI, www.iha.com.tr&quot;,&quot;focal_length&quot;:&quot;0&quot;,&quot;iso&quot;:&quot;0&quot;,&quot;shutter_speed&quot;:&quot;0&quot;,&quot;title&quot;:&quot;ZEYT\\u0130NK\\u00d6Y\\u2019DE EV BEKLEY\\u0130\\u015e\\u0130 S\\u00dcR\\u00dcYOR&quot;,&quot;orientation&quot;:&quot;0&quot;}\" data-image-title=\"Zeytink\u00f6y\u2019de ev bekleyi\u015fi s\u00fcr\u00fcyor\" data-image-description=\"&lt;p&gt;Zeytink\u00f6y\u2019de ev bekleyi\u015fi s\u00fcr\u00fcyor&lt;\/p&gt; \" data-medium-file=\"https:\/\/i0.wp.com\/www.tvturk.com\/wp-content\/uploads\/2019\/02\/zeytinkoyde-ev-bekleyisi-suruyor_938fc48.jpg?fit=257%2C300\" data-large-file=\"https:\/\/i0.wp.com\/www.tvturk.com\/wp-content\/uploads\/2019\/02\/zeytinkoyde-ev-bekleyisi-suruyor_938fc48.jpg?fit=858%2C1000\" src=\"https:\/\/i0.wp.com\/www.tvturk.com\/wp-content\/uploads\/2019\/02\/zeytinkoyde-ev-bekleyisi-suruyor_938fc48.jpg?w=245&#038;h=285\" srcset=\"https:\/\/i0.wp.com\/www.tvturk.com\/wp-content\/uploads\/2019\/02\/zeytinkoyde-ev-bekleyisi-suruyor_938fc48.jpg?w=858 858w, https:\/\/i0.wp.com\/www.tvturk.com\/wp-content\/uploads\/2019\/02\/zeytinkoyde-ev-bekleyisi-suruyor_938fc48.jpg?resize=129%2C150 129w, https:\/\/i0.wp.com\/www.tvturk.com\/wp-content\/uploads\/2019\/02\/zeytinkoyde-ev-bekleyisi-suruyor_938fc48.jpg?resize=257%2C300 257w, https:\/\/i0.wp.com\/www.tvturk.com\/wp-content\/uploads\/2019\/02\/zeytinkoyde-ev-bekleyisi-suruyor_938fc48.jpg?resize=768%2C895 768w\" width=\"245\" height=\"285\" loading=\"lazy\" data-original-width=\"245\" data-original-height=\"285\" itemprop=\"http:\/\/schema.org\/image\" title=\"Zeytink\u00f6y\u2019de ev bekleyi\u015fi s\u00fcr\u00fcyor\" alt=\"Zeytink\u00f6y\u2019de ev bekleyi\u015fi s\u00fcr\u00fcyor\" style=\"width: 245px; height: 285px;\" \/> <\/a> <\/div> <\/div> <!-- close group --> <div class=\"gallery-group images-1\" style=\"width: 251px; height: 289px;\" data-original-width=\"251\" data-original-height=\"289\" > <div class=\"tiled-gallery-item tiled-gallery-item-small\" itemprop=\"associatedMedia\" itemscope itemtype=\"http:\/\/schema.org\/ImageObject\"> <a href=\"http:\/\/www.tvturk.com\/index.php\/zeytinkoyde-ev-bekleyisi-suruyor\/zeytinkoyde-ev-bekleyisi-suruyor-11\/\" border=\"0\" itemprop=\"url\"> <meta itemprop=\"width\" content=\"247\"> <meta itemprop=\"height\" content=\"285\"> <img decoding=\"async\" class=\"\" data-attachment-id=\"24280\" data-orig-file=\"http:\/\/www.tvturk.com\/wp-content\/uploads\/2019\/02\/zeytinkoyde-ev-bekleyisi-suruyor_e8fe62e.jpg\" data-orig-size=\"867,1000\" data-comments-opened=\"\" data-image-meta=\"{&quot;aperture&quot;:&quot;0&quot;,&quot;credit&quot;:&quot;IHA&quot;,&quot;camera&quot;:&quot;&quot;,&quot;caption&quot;:&quot;DURAN DUMAN (MUSTAFA ALTAR ZEYHAN\\\/MU\\u011eLA-\\u0130HA)&quot;,&quot;created_timestamp&quot;:&quot;0&quot;,&quot;copyright&quot;:&quot;\\u0130HLAS HABER AJANSI, www.iha.com.tr&quot;,&quot;focal_length&quot;:&quot;0&quot;,&quot;iso&quot;:&quot;0&quot;,&quot;shutter_speed&quot;:&quot;0&quot;,&quot;title&quot;:&quot;ZEYT\\u0130NK\\u00d6Y\\u2019DE EV BEKLEY\\u0130\\u015e\\u0130 S\\u00dcR\\u00dcYOR&quot;,&quot;orientation&quot;:&quot;0&quot;}\" data-image-title=\"Zeytink\u00f6y\u2019de ev bekleyi\u015fi s\u00fcr\u00fcyor\" data-image-description=\"&lt;p&gt;Zeytink\u00f6y\u2019de ev bekleyi\u015fi s\u00fcr\u00fcyor&lt;\/p&gt; \" data-medium-file=\"https:\/\/i0.wp.com\/www.tvturk.com\/wp-content\/uploads\/2019\/02\/zeytinkoyde-ev-bekleyisi-suruyor_e8fe62e.jpg?fit=260%2C300\" data-large-file=\"https:\/\/i0.wp.com\/www.tvturk.com\/wp-content\/uploads\/2019\/02\/zeytinkoyde-ev-bekleyisi-suruyor_e8fe62e.jpg?fit=867%2C1000\" src=\"https:\/\/i0.wp.com\/www.tvturk.com\/wp-content\/uploads\/2019\/02\/zeytinkoyde-ev-bekleyisi-suruyor_e8fe62e.jpg?w=247&#038;h=285\" srcset=\"https:\/\/i0.wp.com\/www.tvturk.com\/wp-content\/uploads\/2019\/02\/zeytinkoyde-ev-bekleyisi-suruyor_e8fe62e.jpg?w=867 867w, https:\/\/i0.wp.com\/www.tvturk.com\/wp-content\/uploads\/2019\/02\/zeytinkoyde-ev-bekleyisi-suruyor_e8fe62e.jpg?resize=130%2C150 130w, https:\/\/i0.wp.com\/www.tvturk.com\/wp-content\/uploads\/2019\/02\/zeytinkoyde-ev-bekleyisi-suruyor_e8fe62e.jpg?resize=260%2C300 260w, https:\/\/i0.wp.com\/www.tvturk.com\/wp-content\/uploads\/2019\/02\/zeytinkoyde-ev-bekleyisi-suruyor_e8fe62e.jpg?resize=768%2C886 768w\" width=\"247\" height=\"285\" loading=\"lazy\" data-original-width=\"247\" data-original-height=\"285\" itemprop=\"http:\/\/schema.org\/image\" title=\"Zeytink\u00f6y\u2019de ev bekleyi\u015fi s\u00fcr\u00fcyor\" alt=\"Zeytink\u00f6y\u2019de ev bekleyi\u015fi s\u00fcr\u00fcyor\" style=\"width: 247px; height: 285px;\" \/> <\/a> <\/div> <\/div> <!-- close group --> <\/div> <!-- close row --> <\/div><\/p>\n","protected":false},"excerpt":{"rendered":"<p>ZEYT\u0130NK\u00d6Y&#8217;DE EV BEKLEY\u0130\u015e\u0130 S\u00dcR\u00dcYOR<\/p>\n","protected":false},"author":1,"featured_media":24271,"comment_status":"closed","ping_status":"open","sticky":false,"template":"","format":"standard","meta":{"jetpack_post_was_ever_published":false,"_jetpack_newsletter_access":"","_jetpack_dont_email_post_to_subs":false,"_jetpack_newsletter_tier_id":0,"_jetpack_memberships_contains_paywalled_content":false,"_jetpack_memberships_contains_paid_content":false,"footnotes":"","jetpack_publicize_message":"","jetpack_publicize_feature_enabled":true,"jetpack_social_post_already_shared":false,"jetpack_social_options":{"image_generator_settings":{"template":"highway","default_image_id":0,"font":"","enabled":false},"version":2}},"categories":[655],"tags":[10202,1836,10201],"class_list":["post-24270","post","type-post","status-publish","format-standard","has-post-thumbnail","hentry","category-son-dakika","tag-bekleyisi","tag-suruyor","tag-zeytinkoyde"],"jetpack_publicize_connections":[],"jetpack_featured_media_url":"https:\/\/i0.wp.com\/www.tvturk.com\/wp-content\/uploads\/2019\/02\/zeytinkoyde-ev-bekleyisi-suruyor_d092b63.jpg?fit=1000%2C666","jetpack_sharing_enabled":true,"jetpack_shortlink":"https:\/\/wp.me\/paKIfm-6js","_links":{"self":[{"href":"http:\/\/www.tvturk.com\/index.php\/wp-json\/wp\/v2\/posts\/24270","targetHints":{"allow":["GET"]}}],"collection":[{"href":"http:\/\/www.tvturk.com\/index.php\/wp-json\/wp\/v2\/posts"}],"about":[{"href":"http:\/\/www.tvturk.com\/index.php\/wp-json\/wp\/v2\/types\/post"}],"author":[{"embeddable":true,"href":"http:\/\/www.tvturk.com\/index.php\/wp-json\/wp\/v2\/users\/1"}],"replies":[{"embeddable":true,"href":"http:\/\/www.tvturk.com\/index.php\/wp-json\/wp\/v2\/comments?post=24270"}],"version-history":[{"count":1,"href":"http:\/\/www.tvturk.com\/index.php\/wp-json\/wp\/v2\/posts\/24270\/revisions"}],"predecessor-version":[{"id":24281,"href":"http:\/\/www.tvturk.com\/index.php\/wp-json\/wp\/v2\/posts\/24270\/revisions\/24281"}],"wp:featuredmedia":[{"embeddable":true,"href":"http:\/\/www.tvturk.com\/index.php\/wp-json\/wp\/v2\/media\/24271"}],"wp:attachment":[{"href":"http:\/\/www.tvturk.com\/index.php\/wp-json\/wp\/v2\/media?parent=24270"}],"wp:term":[{"taxonomy":"category","embeddable":true,"href":"http:\/\/www.tvturk.com\/index.php\/wp-json\/wp\/v2\/categories?post=24270"},{"taxonomy":"post_tag","embeddable":true,"href":"http:\/\/www.tvturk.com\/index.php\/wp-json\/wp\/v2\/tags?post=24270"}],"curies":[{"name":"wp","href":"https:\/\/api.w.org\/{rel}","templated":true}]}}