{"id":242779,"date":"2019-12-15T18:17:44","date_gmt":"2019-12-15T15:17:44","guid":{"rendered":"http:\/\/www.tvturk.com\/index.php\/amator-macta-9-kirmizi-cikti-mac-yarida-kaldi\/"},"modified":"2019-12-15T18:17:44","modified_gmt":"2019-12-15T15:17:44","slug":"amator-macta-9-kirmizi-cikti-mac-yarida-kaldi","status":"publish","type":"post","link":"http:\/\/www.tvturk.com\/index.php\/amator-macta-9-kirmizi-cikti-mac-yarida-kaldi\/","title":{"rendered":"Amat\u00f6r ma\u00e7ta 9 k\u0131rm\u0131z\u0131 \u00e7\u0131kt\u0131, ma\u00e7 yar\u0131da kald\u0131"},"content":{"rendered":"<p>BAL 8. Grup 13. hafta kar\u015f\u0131la\u015fmas\u0131nda Salihli Ramiz Turan Stad\u0131\u2019nda Salihli Belediyespor ile Alia\u011fa Futbol aras\u0131nda oynanan ve Salihli Belediyespor\u2019un 2-0 \u00f6nde oldu\u011fu kar\u015f\u0131la\u015fmada \u00e7\u0131kan olaylar sonras\u0131 hakem 9 futbolcuya k\u0131rm\u0131z\u0131 kart \u00e7\u0131kard\u0131. Ma\u00e7ta yeterli oyuncu kalmay\u0131nca hakem kar\u015f\u0131la\u015fmay\u0131 79. dakikada tatil etti.<\/p>\n<p>B\u00f6lgesel Amat\u00f6r Lig 8. Grupta m\u00fccadele eden Salihli Belediyespor ilk devrenin son haftas\u0131nda \u0130zmir ekiplerinden Alia\u011fa Futbol\u2019u konuk etti.<\/p>\n<p>Ramiz Turan Stad\u0131\u2019nda oynanan, Kemal \u00d6gen, Vedat G\u00fcne\u015f ve Cem Mustafa Akp\u0131nar hakem \u00fc\u00e7l\u00fcs\u00fcn\u00fcn y\u00f6netti\u011fi kar\u015f\u0131la\u015fman\u0131n ilk yar\u0131s\u0131 28 dakikada Mustafa \u00c7ay\u2019\u0131n att\u0131\u011f\u0131 golle ile Salihli Belediyespor\u2019un 1-0 \u00fcst\u00fcnl\u00fc\u011f\u00fc ile sona erdi.<\/p>\n<p>Kar\u015f\u0131la\u015fman\u0131n 79. dakikas\u0131nda Furkan \u00c7ark\u00e7\u0131\u2019n\u0131n att\u0131\u011f\u0131 gol ile Salihli Belediyespor skoru 2-0 yapt\u0131. Gol sonras\u0131 Furkan\u2019a Alia\u011fa Futbol\u2019un kalecisi Onur Nazmi Terzio\u011flu sald\u0131r\u0131rken, kale arkas\u0131ndaki yedek oyuncular\u0131n yan\u0131 s\u0131ra tak\u0131m kaptan\u0131 G\u00fcray Kula ve Emre Balak, ma\u00e7 an\u0131n\u0131 foto\u011fraflayan Salihli Belediyesi Bas\u0131n Biriminde g\u00f6revli Murat Muzaklar\u2019a sald\u0131r\u0131nca ortal\u0131k biranda kar\u0131\u015ft\u0131. G\u00fcvenlik g\u00fc\u00e7lerinin araya girmesiyle olaylar k\u0131sa s\u00fcrede yat\u0131\u015ft\u0131r\u0131ld\u0131. Alia\u011fa Futbol futbolcular\u0131n\u0131n sald\u0131r\u0131s\u0131 sonras\u0131 yaralanan Muzaklar, Salihli Devlet Hastanesine kald\u0131r\u0131ld\u0131.<\/p>\n<p>Ma\u00e7 79. dakikada tatil edildi<\/p>\n<p>Olaylar sonras\u0131 kar\u015f\u0131la\u015fmay\u0131 y\u00f6neten hakem ma\u00e7\u0131 sahada yeterli futbolcu kalmad\u0131\u011f\u0131 i\u00e7in tatil etti. Kar\u015f\u0131la\u015fman\u0131n son \u00e7eyre\u011finde \u00e7\u0131kan olaylarda Salihli Belediyespor\u2019dan, Kaleci G\u00f6khan Konur, Mustafa \u00c7ay ve Arda \u015eahin ile Alia\u011fa Futbol\u2019dan Aykut Ge\u00e7men, Necati \u00d6nal, Emre Balak, \u00d6zkan Y\u0131lmaz, G\u00fcray Kula ile Enes Y\u0131ld\u0131r\u0131m olmak \u00fczere toplam 9 futbolcu k\u0131rm\u0131z\u0131 kart g\u00f6rerek oyun d\u0131\u015f\u0131 kald\u0131. \u00d6te yandan ma\u00e7\u0131n 79. dakikas\u0131na kadar 6 futbolcu sar\u0131 kart g\u00f6rd\u00fc.<\/p>\n<p>Kar\u015f\u0131la\u015fman\u0131n sonucu ile ilgili karar\u0131 Amat\u00f6r Futbol Disiplin Kurulu verecek.<\/p>\n","protected":false},"excerpt":{"rendered":"<p>BAL 8.GRUPTA L\u0130G\u0130N 13.HAFTASINDA RAM\u0130Z TURAN STADI\u2019NDA OYNANAN VE SAL\u0130HL\u0130 BELED\u0130YESPOR\u2019UN 2-0 \u00d6NDE OLDU\u011eU KAR\u015eILA\u015eMA KIRMIZI KARTLAR NEDEN\u0130YLE SAHADA YETERL\u0130 FUTBOLCU KALMAMASI NEDEN\u0130YLE 79.DAK\u0130KA DA YARIDA KALDI.<\/p>\n","protected":false},"author":1,"featured_media":242780,"comment_status":"closed","ping_status":"open","sticky":false,"template":"","format":"standard","meta":{"jetpack_post_was_ever_published":false,"_jetpack_newsletter_access":"","_jetpack_dont_email_post_to_subs":false,"_jetpack_newsletter_tier_id":0,"_jetpack_memberships_contains_paywalled_content":false,"_jetpack_memberships_contains_paid_content":false,"footnotes":"","jetpack_publicize_message":"","jetpack_publicize_feature_enabled":true,"jetpack_social_post_already_shared":true,"jetpack_social_options":{"image_generator_settings":{"template":"highway","default_image_id":0,"font":"","enabled":false},"version":2}},"categories":[657],"tags":[944,8220,1202,1853,6955,8719,2191],"class_list":["post-242779","post","type-post","status-publish","format-standard","has-post-thumbnail","hentry","category-spor","tag-mac","tag-amator","tag-cikti","tag-kaldi","tag-kirmizi","tag-macta","tag-yarida"],"jetpack_publicize_connections":[],"jetpack_featured_media_url":"https:\/\/i0.wp.com\/www.tvturk.com\/wp-content\/uploads\/2019\/12\/amator-macta-9-kirmizi-cikti-mac-yarida-kaldi_1242827.jpg?fit=1000%2C502","jetpack_sharing_enabled":true,"jetpack_shortlink":"https:\/\/wp.me\/paKIfm-119N","_links":{"self":[{"href":"http:\/\/www.tvturk.com\/index.php\/wp-json\/wp\/v2\/posts\/242779","targetHints":{"allow":["GET"]}}],"collection":[{"href":"http:\/\/www.tvturk.com\/index.php\/wp-json\/wp\/v2\/posts"}],"about":[{"href":"http:\/\/www.tvturk.com\/index.php\/wp-json\/wp\/v2\/types\/post"}],"author":[{"embeddable":true,"href":"http:\/\/www.tvturk.com\/index.php\/wp-json\/wp\/v2\/users\/1"}],"replies":[{"embeddable":true,"href":"http:\/\/www.tvturk.com\/index.php\/wp-json\/wp\/v2\/comments?post=242779"}],"version-history":[{"count":0,"href":"http:\/\/www.tvturk.com\/index.php\/wp-json\/wp\/v2\/posts\/242779\/revisions"}],"wp:featuredmedia":[{"embeddable":true,"href":"http:\/\/www.tvturk.com\/index.php\/wp-json\/wp\/v2\/media\/242780"}],"wp:attachment":[{"href":"http:\/\/www.tvturk.com\/index.php\/wp-json\/wp\/v2\/media?parent=242779"}],"wp:term":[{"taxonomy":"category","embeddable":true,"href":"http:\/\/www.tvturk.com\/index.php\/wp-json\/wp\/v2\/categories?post=242779"},{"taxonomy":"post_tag","embeddable":true,"href":"http:\/\/www.tvturk.com\/index.php\/wp-json\/wp\/v2\/tags?post=242779"}],"curies":[{"name":"wp","href":"https:\/\/api.w.org\/{rel}","templated":true}]}}