{"id":242781,"date":"2019-12-15T18:33:02","date_gmt":"2019-12-15T15:33:02","guid":{"rendered":"http:\/\/www.tvturk.com\/index.php\/trabzonspor-denizlispor-maci-hazirliklarini-tamamladi\/"},"modified":"2019-12-15T18:33:02","modified_gmt":"2019-12-15T15:33:02","slug":"trabzonspor-denizlispor-maci-hazirliklarini-tamamladi","status":"publish","type":"post","link":"http:\/\/www.tvturk.com\/index.php\/trabzonspor-denizlispor-maci-hazirliklarini-tamamladi\/","title":{"rendered":"Trabzonspor, Denizlispor ma\u00e7\u0131 haz\u0131rl\u0131klar\u0131n\u0131 tamamlad\u0131"},"content":{"rendered":"<p>Trabzonspor, yar\u0131n evinde oynayaca\u011f\u0131 Denizlispor ma\u00e7\u0131 haz\u0131rl\u0131klar\u0131n\u0131 tamamlad\u0131.<\/p>\n<p>Trabzonspor, Mehmet Ali Y\u0131lmaz Tesisleri\u2019nde Teknik Direkt\u00f6r \u00dcnal Karaman y\u00f6netiminde S\u00fcper Lig Cemil Usta Sezonun 15. haftas\u0131nda evinde oynayaca\u011f\u0131 Denizlispor ma\u00e7\u0131 haz\u0131rl\u0131klar\u0131n\u0131 tamamlad\u0131. Taktik a\u011f\u0131rl\u0131kl\u0131 \u00e7al\u0131\u015fan bordo-mavililerin antrenman\u0131n\u0131 Ba\u015fkan Ahmet A\u011fao\u011flu ve Futbol \u015eube Sorumlusu \u00d6zer Bayraktar da izledi. Bas\u0131na ve taraftara kapal\u0131 olarak saat 16.30\u2019da yapt\u0131\u011f\u0131 antrenman ile Denizlispor ma\u00e7\u0131 haz\u0131rl\u0131klar\u0131n\u0131 tamamlayan bordo-mavililer kampa girerek m\u00fcsabaka saatini beklemeye ba\u015flad\u0131.<\/p>\n","protected":false},"excerpt":{"rendered":"<p>TRABZONSPOR, YARIN KEND\u0130 EV\u0130NDE OYNAYACA\u011eI DEN\u0130ZL\u0130SPOR MA\u00c7I HAZIRLIKLARINI TAMAMLADI.<\/p>\n","protected":false},"author":1,"featured_media":242782,"comment_status":"closed","ping_status":"open","sticky":false,"template":"","format":"standard","meta":{"jetpack_post_was_ever_published":false,"_jetpack_newsletter_access":"","_jetpack_dont_email_post_to_subs":false,"_jetpack_newsletter_tier_id":0,"_jetpack_memberships_contains_paywalled_content":false,"_jetpack_memberships_contains_paid_content":false,"footnotes":"","jetpack_publicize_message":"","jetpack_publicize_feature_enabled":true,"jetpack_social_post_already_shared":true,"jetpack_social_options":{"image_generator_settings":{"template":"highway","default_image_id":0,"font":"","enabled":false},"version":2}},"categories":[657],"tags":[6694,2628,777,637,916],"class_list":["post-242781","post","type-post","status-publish","format-standard","has-post-thumbnail","hentry","category-spor","tag-denizlispor","tag-hazirliklarini","tag-maci","tag-tamamladi","tag-trabzonspor"],"jetpack_publicize_connections":[],"jetpack_featured_media_url":"https:\/\/i0.wp.com\/www.tvturk.com\/wp-content\/uploads\/2019\/12\/trabzonspor-denizlispor-maci-hazirliklarini-tamamladi_e4c1d7c.jpg?fit=960%2C672","jetpack_sharing_enabled":true,"jetpack_shortlink":"https:\/\/wp.me\/paKIfm-119P","_links":{"self":[{"href":"http:\/\/www.tvturk.com\/index.php\/wp-json\/wp\/v2\/posts\/242781","targetHints":{"allow":["GET"]}}],"collection":[{"href":"http:\/\/www.tvturk.com\/index.php\/wp-json\/wp\/v2\/posts"}],"about":[{"href":"http:\/\/www.tvturk.com\/index.php\/wp-json\/wp\/v2\/types\/post"}],"author":[{"embeddable":true,"href":"http:\/\/www.tvturk.com\/index.php\/wp-json\/wp\/v2\/users\/1"}],"replies":[{"embeddable":true,"href":"http:\/\/www.tvturk.com\/index.php\/wp-json\/wp\/v2\/comments?post=242781"}],"version-history":[{"count":0,"href":"http:\/\/www.tvturk.com\/index.php\/wp-json\/wp\/v2\/posts\/242781\/revisions"}],"wp:featuredmedia":[{"embeddable":true,"href":"http:\/\/www.tvturk.com\/index.php\/wp-json\/wp\/v2\/media\/242782"}],"wp:attachment":[{"href":"http:\/\/www.tvturk.com\/index.php\/wp-json\/wp\/v2\/media?parent=242781"}],"wp:term":[{"taxonomy":"category","embeddable":true,"href":"http:\/\/www.tvturk.com\/index.php\/wp-json\/wp\/v2\/categories?post=242781"},{"taxonomy":"post_tag","embeddable":true,"href":"http:\/\/www.tvturk.com\/index.php\/wp-json\/wp\/v2\/tags?post=242781"}],"curies":[{"name":"wp","href":"https:\/\/api.w.org\/{rel}","templated":true}]}}