{"id":242819,"date":"2019-12-15T20:48:36","date_gmt":"2019-12-15T17:48:36","guid":{"rendered":"http:\/\/www.tvturk.com\/index.php\/ali-koc-sampiyon-olacagimiza-inaniyoruz\/"},"modified":"2019-12-15T20:48:36","modified_gmt":"2019-12-15T17:48:36","slug":"ali-koc-sampiyon-olacagimiza-inaniyoruz","status":"publish","type":"post","link":"http:\/\/www.tvturk.com\/index.php\/ali-koc-sampiyon-olacagimiza-inaniyoruz\/","title":{"rendered":"Ali Ko\u00e7: \u201c\u015eampiyon olaca\u011f\u0131m\u0131za inan\u0131yoruz\u201d"},"content":{"rendered":"<p>Fenerbah\u00e7e Kul\u00fcb\u00fc Ba\u015fkan\u0131 Ali Ko\u00e7, 3-1 yenildikleri Sivasspor ma\u00e7\u0131 sonras\u0131 yapt\u0131\u011f\u0131 a\u00e7\u0131klamada, \u201cEvet sorunlar\u0131m\u0131z var, s\u0131k\u0131nt\u0131lar\u0131m\u0131z var. Fark\u0131nday\u0131z. Gerekli tedbirleri alaca\u011f\u0131z. Ligin bu a\u015famas\u0131nda bu kapat\u0131lmayacak bir fark de\u011fil. Biz \u015fampiyon olaca\u011f\u0131m\u0131za inan\u0131yoruz. Oyuncularla konu\u015ftum\u201d dedi.<\/p>\n<p>Ma\u00e7\u0131n ard\u0131ndan stadyum \u00e7\u0131k\u0131\u015f\u0131nca bas\u0131n mensuplar\u0131n\u0131n sorular\u0131n\u0131 yan\u0131tlayan Fenerbah\u00e7e Kul\u00fcb\u00fc Ba\u015fkan\u0131 Ali Ko\u00e7, halen \u015fampiyon olabileceklerini s\u00f6yledi.<\/p>\n<p>Ko\u00e7, deplasmanda s\u0131k\u0131nt\u0131lar\u0131n\u0131n oldu\u011funu belirterek, \u201cBizim deplasman s\u0131k\u0131nt\u0131m\u0131z var. Kendi sahas\u0131nda bamba\u015fka bir Fenerbah\u00e7e, deplasmanda bam ba\u015fka Fenerbah\u00e7e var. Bug\u00fcn ma\u00e7 \u00e7ok rahat 2-1\u2019den 2-2 de olabilirdi. 2-1\u2019den sonra Sivasspor paniklemeye ba\u015flad\u0131. Ama 4-1\u2019de olabilirdi. Kontra ataklar\u0131 vard\u0131. Evet sorunlar\u0131m\u0131z var, s\u0131k\u0131nt\u0131lar\u0131m\u0131z var. Sorunlar\u0131m\u0131z\u0131n da fark\u0131nday\u0131z. Gerekli tedbirleri alaca\u011f\u0131z. \u015eampiyonluk yolunda bir darbe daha yedik. Ligin \u015fu a\u015famas\u0131nda bu kapat\u0131lmayacak bir fark de\u011fil. Biz \u015fampiyon olaca\u011f\u0131m\u0131za halen inan\u0131yoruz. Oyuncularla konu\u015ftum. Onlarla nas\u0131l bu noktaya geldiysek yine onlarla buradan \u00e7\u0131kaca\u011f\u0131z. Sa\u00e7ma sapan 6-7 puan kaybetmeseydik buradaki verdi\u011fimiz 3 puan\u0131 normal kar\u015f\u0131layabilirdik. Ama 3 puan verme l\u00fcks\u00fcm\u00fcz yoktu. Bu y\u0131l hi\u00e7 al\u0131\u015f\u0131k olmad\u0131\u011f\u0131m\u0131z bir puanlama a\u00e7\u0131s\u0131ndan enteresan bir lig oluyor\u201d dedi.<\/p>\n<p>\u201cGerekli tedbirleri alaca\u011f\u0131z\u201d<\/p>\n<p>Tedbirler alacaklar\u0131 s\u00f6yleyen Fenerbah\u00e7e Kul\u00fcb\u00fc Ba\u015fkan\u0131 Ali Ko\u00e7, \u201cRadikal de olsa biz gerekli tedbirleri alaca\u011f\u0131z. Benim en \u00e7ok \u00fcz\u00fcld\u00fc\u011f\u00fcm konu oyuncular\u0131m\u0131z\u0131n sakatl\u0131klar\u0131. Sad\u0131k\u2019a \u00e7ok \u00fcz\u00fcld\u00fck bug\u00fcn. Durup dururken sakatland\u0131. Yar\u0131n belli olacak ama dizi iyi durmuyor. \u0130n\u015fallah minimum tahribatla bunu atlat\u0131r\u0131z. G\u00f6r\u00fcnen o ki baya bir s\u00fcre oynayamayacak. Di\u011fer taraftan ma\u00e7larda olmayan yumu\u015fak doku sakatl\u0131\u011f\u0131 dedi\u011fimiz darbelere ba\u011fl\u0131 olmayan sakatl\u0131klardan bu sene \u00e7ok \u00e7ektik. Demek ki biz bir \u015feyi yanl\u0131\u015f yap\u0131yoruz. Bunu da acil bir \u015fekilde d\u00fczeltmemiz gerekiyor. Miha Zajc a\u011f\u0131r sakatland\u0131. Hasan Ali\u2019ninde sakatl\u0131\u011f\u0131 n\u00fcksetti. O da bizimle olmayacak\u201d ifadesini kulland\u0131.<\/p>\n<p>\u201cBen inceledim, oyuncu da hak etti\u011fini s\u00f6yl\u00fcyor\u201d<\/p>\n<p>Ma\u00e7ta kart g\u00f6ren oyuncularla ilgili ise Ko\u00e7, \u015funlar\u0131 s\u00f6yledi:<\/p>\n<p>\u201cOzan Tufan k\u0131rm\u0131z\u0131 kart g\u00f6rd\u00fc, o cezas\u0131n\u0131 hafta i\u00e7i \u00e7ekecek. Garry Rodrigues hakl\u0131 bir \u015fekilde k\u0131rm\u0131z\u0131 kart g\u00f6rd\u00fc. Ben inceledim, oyuncu da hak etti\u011fini s\u00f6yl\u00fcyor. Ozan\u2019\u0131n pozisyonuna gelince, Ozan bu tak\u0131m\u0131n kaptanl\u0131\u011f\u0131n\u0131 yapm\u0131\u015f birisi. Kendine hakim olmas\u0131 gerekirdi ama onunda 4. hakemle ya\u015fad\u0131\u011f\u0131 diyalog nedeniyle kart g\u00f6rd\u00fc. Ozan\u2019a bir nebze hak veriyorum ama tasvip etmiyorum. Sonu\u00e7ta kul\u00fcb\u00fcn liderlerinden birisi. Dedi\u011fim gibi biz \u015fampiyon olaca\u011f\u0131z, kaybedilmi\u015f hi\u00e7 bir \u015fey yok. Tek sevindi\u011fim konu bu kay\u0131plar\u0131n erken gelmesi. Alaca\u011f\u0131m\u0131z tedbirlerle bu sorunlar\u0131 giderece\u011fiz.\u201d<\/p>\n<p>\u201cSivasspor kazanmay\u0131 hak etti\u201d<\/p>\n<p>Ba\u015fkan Ko\u00e7, \u201cFenerbah\u00e7e\u2019nin hakem hatalar\u0131n\u0131 etkilemeye y\u00f6nelik g\u00f6r\u00fc\u015fmeler yapt\u0131\u011f\u0131n\u0131z y\u00f6n\u00fcnde iddialar var. Bug\u00fcnk\u00fc hakem kararlar\u0131nda bunun etkisinin oldu\u011funu d\u00fc\u015f\u00fcn\u00fcyor musunuz?\u201d sorusuna, \u201cBug\u00fcn hakemin iyi bir performans sergiledi\u011fini d\u00fc\u015f\u00fcn\u00fcyorum. Bir \u015feye tak\u0131lacaksam Ozan\u2019a \u00e7ok faul yap\u0131ld\u0131. O pozisyonlarda sar\u0131 kart \u00e7\u0131kmad\u0131. Kaybetti\u011fimiz bir ma\u00e7 sonras\u0131 g\u00fcndem de\u011fi\u015ftirme noktas\u0131nda olmak istemiyorum ama bu bizimle yap\u0131lan alg\u0131 operasyonlar\u0131 \u2019yok efendim niye bulu\u015fmu\u015flar, yok efendim y\u00fczde 30 y\u00fczde 40 Fenerbah\u00e7e i\u015fi\u2019 gibi konu\u015fmalar var. Bunlar i\u00e7in a\u011f\u0131r s\u00f6yleyeceklerim var. Bu konu sabr\u0131m\u0131z\u0131 ta\u015f\u0131ran noktaya geldi. Baz\u0131 ba\u015fkan seviyesindeki s\u00f6ylemler var. Ama bunun yeri buras\u0131 de\u011fil. Burada ma\u00e7 kaybettik. Kesinlikle burada 3 puan kayb\u0131n\u0131 ve nispeten oynanm\u0131\u015f k\u00f6t\u00fc futbolu kamufle edecek a\u00e7\u0131klamalarda bulunmayaca\u011f\u0131m. Biz bug\u00fcn k\u00f6t\u00fc oynad\u0131k, kaybetmeyi hak ettik, Sivasspor kazanmay\u0131 hak etti. Onlar\u0131 da tebrik ediyorum\u201d cevab\u0131n\u0131 verdi.<\/p>\n<p>\u201cR\u0131za Hocay\u0131 severim\u201d<\/p>\n<p>Fenerbah\u00e7e Ba\u015fkan\u0131 Ali Ko\u00e7 son olarak, DG Sivasspor soyunma odas\u0131na giderek teknik direkt\u00f6r R\u0131za \u00c7al\u0131mbay\u2019\u0131 tebrik etti\u011fini s\u00f6yleyerek, \u201cBen Ertu\u011frul Sa\u011flam Kayserispor\u2019u \u00e7al\u0131\u015ft\u0131r\u0131rken onu da tebrik etmi\u015fti. R\u0131za Hocay\u0131 severim. Karde\u015fi Kemal\u2019le de eski bir dostlu\u011fumuz var imkan\u0131m olsa ma\u00e7tan \u00f6nce giderdim. Hem tebrik etmeye gittim hem de \u00f6yle bir elini s\u0131kay\u0131m dedim\u201d \u015feklinde konu\u015ftu.<\/p>\n","protected":false},"excerpt":{"rendered":"<p>FENERBAH\u00c7E KUL\u00dcB\u00dc BA\u015eKANI AL\u0130 KO\u00c7, 3-1 YEN\u0130LD\u0130KLER\u0130 S\u0130VASSPOR MA\u00c7I SONRASI A\u00c7IKLAMA YAPTI.<\/p>\n","protected":false},"author":1,"featured_media":242820,"comment_status":"closed","ping_status":"open","sticky":false,"template":"","format":"standard","meta":{"jetpack_post_was_ever_published":false,"_jetpack_newsletter_access":"","_jetpack_dont_email_post_to_subs":false,"_jetpack_newsletter_tier_id":0,"_jetpack_memberships_contains_paywalled_content":false,"_jetpack_memberships_contains_paid_content":false,"footnotes":"","jetpack_publicize_message":"","jetpack_publicize_feature_enabled":true,"jetpack_social_post_already_shared":true,"jetpack_social_options":{"image_generator_settings":{"template":"highway","default_image_id":0,"font":"","enabled":false},"version":2}},"categories":[657],"tags":[625,27370,10157,36154,2024],"class_list":["post-242819","post","type-post","status-publish","format-standard","has-post-thumbnail","hentry","category-spor","tag-ali","tag-inaniyoruz","tag-koc","tag-olacagimiza","tag-sampiyon"],"jetpack_publicize_connections":[],"jetpack_featured_media_url":"https:\/\/i0.wp.com\/www.tvturk.com\/wp-content\/uploads\/2019\/12\/ali-koc-sampiyon-olacagimiza-inaniyoruz_b62bc8f.jpg?fit=1000%2C718","jetpack_sharing_enabled":true,"jetpack_shortlink":"https:\/\/wp.me\/paKIfm-11ar","_links":{"self":[{"href":"http:\/\/www.tvturk.com\/index.php\/wp-json\/wp\/v2\/posts\/242819","targetHints":{"allow":["GET"]}}],"collection":[{"href":"http:\/\/www.tvturk.com\/index.php\/wp-json\/wp\/v2\/posts"}],"about":[{"href":"http:\/\/www.tvturk.com\/index.php\/wp-json\/wp\/v2\/types\/post"}],"author":[{"embeddable":true,"href":"http:\/\/www.tvturk.com\/index.php\/wp-json\/wp\/v2\/users\/1"}],"replies":[{"embeddable":true,"href":"http:\/\/www.tvturk.com\/index.php\/wp-json\/wp\/v2\/comments?post=242819"}],"version-history":[{"count":0,"href":"http:\/\/www.tvturk.com\/index.php\/wp-json\/wp\/v2\/posts\/242819\/revisions"}],"wp:featuredmedia":[{"embeddable":true,"href":"http:\/\/www.tvturk.com\/index.php\/wp-json\/wp\/v2\/media\/242820"}],"wp:attachment":[{"href":"http:\/\/www.tvturk.com\/index.php\/wp-json\/wp\/v2\/media?parent=242819"}],"wp:term":[{"taxonomy":"category","embeddable":true,"href":"http:\/\/www.tvturk.com\/index.php\/wp-json\/wp\/v2\/categories?post=242819"},{"taxonomy":"post_tag","embeddable":true,"href":"http:\/\/www.tvturk.com\/index.php\/wp-json\/wp\/v2\/tags?post=242819"}],"curies":[{"name":"wp","href":"https:\/\/api.w.org\/{rel}","templated":true}]}}