{"id":242853,"date":"2019-12-16T09:16:15","date_gmt":"2019-12-16T06:16:15","guid":{"rendered":"http:\/\/www.tvturk.com\/index.php\/ozel-kuzey-marmara-otoyolunun-catalca-baglantisi-havadan-goruntulendi\/"},"modified":"2019-12-16T09:16:15","modified_gmt":"2019-12-16T06:16:15","slug":"ozel-kuzey-marmara-otoyolunun-catalca-baglantisi-havadan-goruntulendi","status":"publish","type":"post","link":"http:\/\/www.tvturk.com\/index.php\/ozel-kuzey-marmara-otoyolunun-catalca-baglantisi-havadan-goruntulendi\/","title":{"rendered":"(\u00d6zel) Kuzey Marmara Otoyolu\u2019nun \u00c7atalca ba\u011flant\u0131s\u0131 havadan g\u00f6r\u00fcnt\u00fclendi"},"content":{"rendered":"<p>\u0130stanbul\u2019un \u00e7evre illerle ba\u011flayan Kuzey Marmara Otoyolu\u2019nun \u00c7atalca ba\u011flant\u0131s\u0131 drone ile havadan g\u00f6r\u00fcnt\u00fclendi. Tamamland\u0131\u011f\u0131nda Silivri\u2019ye ba\u011flan\u0131lacak yolun \u00e7al\u0131\u015fmalar\u0131 t\u00fcm h\u0131z\u0131yla devam ederken, otoyolun \u00c7atalca ba\u011flant\u0131s\u0131n\u0131n 2020 y\u0131l\u0131 sonunda a\u00e7\u0131laca\u011f\u0131 \u00f6\u011frenildi.<\/p>\n<p>\u0130stanbul, Kocaeli ve Sakarya hatt\u0131nda in\u015fa edilen ve bug\u00fcne kadar y\u00fczde 85\u2019lik ilerleme sa\u011flanan Kuzey Marmara Otoyolu Projesi\u2019nin \u00e7al\u0131\u015fmalar\u0131 t\u00fcm h\u0131z\u0131yla s\u00fcr\u00fcyor. \u0130stanbul\u2019un Avrupa Yakas\u0131ndaki K\u0131nal\u0131 (Silivri) mevki\u2019inden ba\u015flay\u0131p Kocaeli ve Sakarya\u2019y\u0131 kuzeyden ge\u00e7erek Akyaz\u0131 il\u00e7esi yak\u0131nlar\u0131nda sonlanacak olan 398 kilometre uzunlu\u011fundaki yol, 3 ana b\u00f6l\u00fcm ve 7 kesimden olu\u015fuyor. \u0130stanbul\u2019un Avrupa yakas\u0131 aya\u011f\u0131nda bulunan ve ekiplerin \u00e7al\u0131\u015fmalar\u0131n\u0131 s\u00fcrd\u00fcrd\u00fc\u011f\u00fc \u00c7atalca \u0130nce\u011fiz K\u00f6y\u00fc mevki\u2019inde k\u00f6pr\u00fc ekipleri, yo\u011fun \u00e7al\u0131\u015fmalar\u0131na devam ediyor.<\/p>\n<p>Yolun Viyad\u00fck, k\u00f6pr\u00fc ba\u011flant\u0131s\u0131 ve t\u00fcnel \u00e7al\u0131\u015fmalar\u0131na gelinen a\u015famada, bir taraftan hafriyat kamyonlar\u0131 moloz ta\u015f\u0131mas\u0131n\u0131 s\u00fcrd\u00fcr\u00fcrken, yol \u00fczerinden bulunan ekipler asfaltlama \u00e7al\u0131\u015fmas\u0131 yap\u0131yor. \u0130ki ayr\u0131 yoldan yap\u0131lan t\u00fcnellerin tamamlanmas\u0131 ard\u0131ndan iki farkl\u0131 noktadan daha ba\u011fl\u0131 yap\u0131larak yolun K\u0131nal\u0131 noktas\u0131na ba\u011flanmas\u0131n\u0131 ama\u00e7lan\u0131yor. \u00c7al\u0131\u015fmalar\u0131n tamamlanmas\u0131 sonras\u0131nda \u0130stanbul\u2019un di\u011fer \u00e7evre illerle ve Ege B\u00f6lgesine ba\u011flant\u0131s\u0131 kolayl\u0131kla sa\u011flanacak ve ula\u015ft\u0131m anlam\u0131nda bir\u00e7ok noktada ise trafik sorununun \u00f6n\u00fcne ge\u00e7ilmi\u015f olacak. Kuzey Marmara Otoyolu Projesi 2020\u2019nin Aral\u0131k ay\u0131nda yolun tam kapasite olarak hizmete a\u00e7\u0131lmas\u0131n\u0131n planland\u0131\u011f\u0131 \u00f6\u011frenilirken, yol \u00fczerinde yap\u0131lan \u00e7al\u0131\u015fmalar havadan g\u00f6r\u00fcnt\u00fclendi.<\/p>\n","protected":false},"excerpt":{"rendered":"<p>\u0130STANBUL\u2019UN \u00c7EVRE \u0130LLERLE BA\u011eLAYAN KUZEY MARMARA OTOYOLU\u2019NUN \u00c7ATALCA BA\u011eLANTISI DRONE \u0130LE HAVADAN G\u00d6R\u00dcNT\u00dcLEND\u0130.<\/p>\n","protected":false},"author":1,"featured_media":242854,"comment_status":"closed","ping_status":"open","sticky":false,"template":"","format":"standard","meta":{"jetpack_post_was_ever_published":false,"_jetpack_newsletter_access":"","_jetpack_dont_email_post_to_subs":false,"_jetpack_newsletter_tier_id":0,"_jetpack_memberships_contains_paywalled_content":false,"_jetpack_memberships_contains_paid_content":false,"footnotes":"","jetpack_publicize_message":"","jetpack_publicize_feature_enabled":true,"jetpack_social_post_already_shared":true,"jetpack_social_options":{"image_generator_settings":{"template":"highway","default_image_id":0,"font":"","enabled":false},"version":2}},"categories":[1],"tags":[1073,13310,10070,3388,3387,9741,6952,25608],"class_list":["post-242853","post","type-post","status-publish","format-standard","has-post-thumbnail","hentry","category-genel","tag-ozel","tag-baglantisi","tag-catalca","tag-goruntulendi","tag-havadan","tag-kuzey","tag-marmara","tag-otoyolunun"],"jetpack_publicize_connections":[],"jetpack_featured_media_url":"https:\/\/i0.wp.com\/www.tvturk.com\/wp-content\/uploads\/2019\/12\/ozel-kuzey-marmara-otoyolunun-catalca-baglantisi-havadan-goruntulendi_9449784.jpg?fit=1000%2C562","jetpack_sharing_enabled":true,"jetpack_shortlink":"https:\/\/wp.me\/paKIfm-11aZ","_links":{"self":[{"href":"http:\/\/www.tvturk.com\/index.php\/wp-json\/wp\/v2\/posts\/242853","targetHints":{"allow":["GET"]}}],"collection":[{"href":"http:\/\/www.tvturk.com\/index.php\/wp-json\/wp\/v2\/posts"}],"about":[{"href":"http:\/\/www.tvturk.com\/index.php\/wp-json\/wp\/v2\/types\/post"}],"author":[{"embeddable":true,"href":"http:\/\/www.tvturk.com\/index.php\/wp-json\/wp\/v2\/users\/1"}],"replies":[{"embeddable":true,"href":"http:\/\/www.tvturk.com\/index.php\/wp-json\/wp\/v2\/comments?post=242853"}],"version-history":[{"count":0,"href":"http:\/\/www.tvturk.com\/index.php\/wp-json\/wp\/v2\/posts\/242853\/revisions"}],"wp:featuredmedia":[{"embeddable":true,"href":"http:\/\/www.tvturk.com\/index.php\/wp-json\/wp\/v2\/media\/242854"}],"wp:attachment":[{"href":"http:\/\/www.tvturk.com\/index.php\/wp-json\/wp\/v2\/media?parent=242853"}],"wp:term":[{"taxonomy":"category","embeddable":true,"href":"http:\/\/www.tvturk.com\/index.php\/wp-json\/wp\/v2\/categories?post=242853"},{"taxonomy":"post_tag","embeddable":true,"href":"http:\/\/www.tvturk.com\/index.php\/wp-json\/wp\/v2\/tags?post=242853"}],"curies":[{"name":"wp","href":"https:\/\/api.w.org\/{rel}","templated":true}]}}