{"id":242865,"date":"2019-12-16T09:46:16","date_gmt":"2019-12-16T06:46:16","guid":{"rendered":"http:\/\/www.tvturk.com\/index.php\/bu-koyde-cilek-gecim-kaynagi-oldu\/"},"modified":"2019-12-16T09:46:16","modified_gmt":"2019-12-16T06:46:16","slug":"bu-koyde-cilek-gecim-kaynagi-oldu","status":"publish","type":"post","link":"http:\/\/www.tvturk.com\/index.php\/bu-koyde-cilek-gecim-kaynagi-oldu\/","title":{"rendered":"Bu k\u00f6yde \u00e7ilek ge\u00e7im kayna\u011f\u0131 oldu"},"content":{"rendered":"<p>G\u00fcm\u00fc\u015fhane\u2019nin K\u00fcrt\u00fcn il\u00e7esinde ziraat m\u00fchendislerinin giri\u015fimiyle 10 y\u0131l \u00f6nce ba\u015flayan \u00e7ilek \u00fcretimi \u00c7ay\u0131r\u00e7ukur k\u00f6y\u00fcnde s\u00fcrd\u00fcr\u00fcl\u00fcyor. Eskiden bu\u011fday ekilip saman hasad\u0131 yap\u0131lan tarlalardan \u015fimdilerde \u00e7ilek hasad\u0131 yap\u0131l\u0131yor.<\/p>\n<p>Denizden bin 274 metre y\u00fckseklikte da\u011f yamac\u0131nda kurulu \u00c7ay\u0131r\u00e7ukur k\u00f6y\u00fcn\u00fcn D\u00fczl\u00fcce Mahallesinde 2010 y\u0131l\u0131nda Tar\u0131m ve Orman Bakanl\u0131\u011f\u0131 ile Japonya Uluslararas\u0131 \u0130\u015fbirli\u011fi Ajans\u0131 i\u015fbirli\u011finde y\u00fcr\u00fct\u00fclen Do\u011fu Karadeniz B\u00f6lgesindeki K\u00fc\u00e7\u00fck \u00d6l\u00e7ekli \u00c7ift\u00e7ilerin Ya\u015fam Seviyelerinin \u0130yile\u015ftirilmesi Projesi (DOKAP-TARIM) kapsam\u0131nda yap\u0131lan deneme \u00fcretimlerinin ard\u0131ndan ba\u015flayan \u00e7ilek \u00fcretimi devam ettiriliyor.<\/p>\n<p>Bahar aylar\u0131nda kar\u0131n kalkmas\u0131yla ba\u015flayan \u00fcretimin k\u0131\u015f\u0131n kar ya\u011fana kadar devam etti\u011fi k\u00f6yde bu y\u0131l mevsimin s\u0131cak olmas\u0131 nedeniyle Aral\u0131k ay\u0131n\u0131n ortas\u0131nda bile \u00e7ile\u011fe rastlamak m\u00fcmk\u00fcn.<\/p>\n<p>K\u00f6yde ya\u015fayan vatanda\u015flar\u0131n aileleriyle birlikte yapt\u0131\u011f\u0131 \u00e7ilek \u00fcretiminde y\u0131lda iki kez mahsul al\u0131n\u0131rken, dekarda verimi 2,5 ton ve \u00fczeri olan \u00e7ile\u011fin pazar sorunu da yok.<\/p>\n<p>\u201cTarladan bir ton \u00e7ilek alan var\u201d<\/p>\n<p>Ailesiyle birlikte evinin \u00f6n\u00fcndeki bah\u00e7esinde \u00e7ilek \u00fcreten Mutlu \u00c7ift\u00e7i (49), k\u00f6yde \u00e7ilek \u00fcretiminin 10 y\u0131ld\u0131r devam etti\u011fini belirterek, \u201cK\u00fcrt\u00fcn\u2019de idealist ziraat m\u00fchendislerinin tavsiyesi \u00fczerine bu i\u015f ba\u015flad\u0131. \u015euanda da 15-20 arkada\u015f\u0131m\u0131z \u00e7ilek bah\u00e7esi yap\u0131yor. D\u00f6nem d\u00f6nem \u00e7\u0131k\u0131yor \u00e7ilek. Tarladan bir ton \u00e7ilek alan var. Genel olarak bu \u00e7ile\u011fi biz Trabzon yada Giresun\u2019a sat\u0131yoruz\u201d dedi.<\/p>\n<p>\u201cPazar sorunu yok\u201d<\/p>\n<p>\u00c7ay\u0131r\u00e7ukur k\u00f6y\u00fcnde \u00e7ilek \u00fcretiminin ilkbahar mevsiminde kar kalkt\u0131\u011f\u0131nda ba\u015flay\u0131p k\u0131\u015f\u0131n kar ya\u011fd\u0131\u011f\u0131nda sona erdi\u011fini kaydeden \u00c7ift\u00e7i, \u201cPazar sorunu yok. \u00dcretti\u011fini satabiliyorsun. Baz\u0131 d\u00f6nemlerde piyasa bulmakta zorlanmam\u0131z nedeniyle ilk ba\u015flad\u0131\u011f\u0131m\u0131zda 20-30 ki\u015fiyken \u015fuanda 10-15 ki\u015fi kald\u0131k\u201d diye konu\u015ftu.<\/p>\n<p>\u201c\u00c7ilek k\u00f6ydeki di\u011fer \u00fcr\u00fcnlerin hepsinden daha karl\u0131 bir \u00fcr\u00fcn\u201d<\/p>\n<p>Burada \u00fcretilen \u00e7ileklerin tamamen do\u011fal \u015fartlarda \u00fcretildi\u011fine vurgu yapan \u00c7ift\u00e7i, \u201cManavdaki \u00e7ilekten daha kaliteli ve daha lezzetli. Herhangi bir kimyasal yok, do\u011fal \u00fcr\u00fcn. Tarlayd\u0131 buras\u0131. Ekti\u011fimiz \u00fcr\u00fcnden sadece saman al\u0131yorduk. \u015euanda \u00e7ilekten memnunuz. \u00c7ile\u011fin bir katk\u0131s\u0131 ve geliri var. \u0130\u015f\u00e7ili\u011fini kendimiz ailecek yap\u0131yoruz. \u015euanda \u00e7ilek k\u00f6ydeki di\u011fer \u00fcr\u00fcnlerin hepsinden daha karl\u0131 bir \u00fcr\u00fcn\u201d ifadelerini kulland\u0131.<\/p>\n","protected":false},"excerpt":{"rendered":"<p>G\u00dcM\u00dc\u015eHANE\u2019N\u0130N K\u00dcRT\u00dcN \u0130L\u00c7ES\u0130NDE \u0130DEAL\u0130ST Z\u0130RAAT M\u00dcHEND\u0130SLER\u0130N\u0130N G\u0130R\u0130\u015e\u0130M\u0130YLE 10 YIL \u00d6NCE BA\u015eLAYAN \u00c7\u0130LEK \u00dcRET\u0130M\u0130 \u00c7AYIR\u00c7UKUR K\u00d6Y\u00dcNDE S\u00dcRD\u00dcR\u00dcL\u00dcYOR. ESK\u0130DEN BU\u011eDAY EK\u0130L\u0130P SAMAN HASADI YAPILAN TARLALARDAN \u015e\u0130MD\u0130LERDE \u00c7\u0130LEK HASADI YAPILIYOR.<\/p>\n","protected":false},"author":1,"featured_media":242866,"comment_status":"closed","ping_status":"open","sticky":false,"template":"","format":"standard","meta":{"jetpack_post_was_ever_published":false,"_jetpack_newsletter_access":"","_jetpack_dont_email_post_to_subs":false,"_jetpack_newsletter_tier_id":0,"_jetpack_memberships_contains_paywalled_content":false,"_jetpack_memberships_contains_paid_content":false,"footnotes":"","jetpack_publicize_message":"","jetpack_publicize_feature_enabled":true,"jetpack_social_post_already_shared":true,"jetpack_social_options":{"image_generator_settings":{"template":"highway","default_image_id":0,"font":"","enabled":false},"version":2}},"categories":[19],"tags":[27511,23577,11246,2576,77],"class_list":["post-242865","post","type-post","status-publish","format-standard","has-post-thumbnail","hentry","category-ekonomi","tag-cilek","tag-gecim","tag-kaynagi","tag-koyde","tag-oldu"],"jetpack_publicize_connections":[],"jetpack_featured_media_url":"https:\/\/i0.wp.com\/www.tvturk.com\/wp-content\/uploads\/2019\/12\/bu-koyde-cilek-gecim-kaynagi-oldu_49cc726.jpg?fit=1000%2C666","jetpack_sharing_enabled":true,"jetpack_shortlink":"https:\/\/wp.me\/paKIfm-11bb","_links":{"self":[{"href":"http:\/\/www.tvturk.com\/index.php\/wp-json\/wp\/v2\/posts\/242865","targetHints":{"allow":["GET"]}}],"collection":[{"href":"http:\/\/www.tvturk.com\/index.php\/wp-json\/wp\/v2\/posts"}],"about":[{"href":"http:\/\/www.tvturk.com\/index.php\/wp-json\/wp\/v2\/types\/post"}],"author":[{"embeddable":true,"href":"http:\/\/www.tvturk.com\/index.php\/wp-json\/wp\/v2\/users\/1"}],"replies":[{"embeddable":true,"href":"http:\/\/www.tvturk.com\/index.php\/wp-json\/wp\/v2\/comments?post=242865"}],"version-history":[{"count":0,"href":"http:\/\/www.tvturk.com\/index.php\/wp-json\/wp\/v2\/posts\/242865\/revisions"}],"wp:featuredmedia":[{"embeddable":true,"href":"http:\/\/www.tvturk.com\/index.php\/wp-json\/wp\/v2\/media\/242866"}],"wp:attachment":[{"href":"http:\/\/www.tvturk.com\/index.php\/wp-json\/wp\/v2\/media?parent=242865"}],"wp:term":[{"taxonomy":"category","embeddable":true,"href":"http:\/\/www.tvturk.com\/index.php\/wp-json\/wp\/v2\/categories?post=242865"},{"taxonomy":"post_tag","embeddable":true,"href":"http:\/\/www.tvturk.com\/index.php\/wp-json\/wp\/v2\/tags?post=242865"}],"curies":[{"name":"wp","href":"https:\/\/api.w.org\/{rel}","templated":true}]}}