{"id":242985,"date":"2019-12-16T12:17:58","date_gmt":"2019-12-16T09:17:58","guid":{"rendered":"http:\/\/www.tvturk.com\/index.php\/turk-uygarliklarinin-haber-teskilati-ulaklar-atli-sporlara-ilham-verdi\/"},"modified":"2019-12-16T12:17:58","modified_gmt":"2019-12-16T09:17:58","slug":"turk-uygarliklarinin-haber-teskilati-ulaklar-atli-sporlara-ilham-verdi","status":"publish","type":"post","link":"http:\/\/www.tvturk.com\/index.php\/turk-uygarliklarinin-haber-teskilati-ulaklar-atli-sporlara-ilham-verdi\/","title":{"rendered":"T\u00fcrk uygarl\u0131klar\u0131n\u0131n haber te\u015fkilat\u0131 ulaklar atl\u0131 sporlara ilham verdi"},"content":{"rendered":"<p>KOCAEL\u0130 (\u0130HA) \u2013 Y\u00fczlerce y\u0131l \u00f6nce kurulan ve 3 k\u0131taya h\u00fckmeden T\u00fcrk uygarl\u0131klar\u0131 aras\u0131nda haberle\u015fme sa\u011flanmas\u0131nda \u00f6nemli bir yere sahip olan ulak sistemi, Kocaeli\u2019de d\u00fczenlenen atl\u0131 spor yar\u0131\u015flar\u0131na ilham verdi. T\u00fcrkiye\u2019de ilk kez d\u00fczenlenen ulak yar\u0131\u015flar\u0131nda dereceye giren 45 sporcu \u00f6d\u00fcllendirildi.<\/p>\n<p>Kocaeli\u2019nin K\u00f6rfez il\u00e7esi Alihocalar Mahallesi\u2019nde bulunan Miraj Atl\u0131 Spor Kul\u00fcb\u00fc, T\u00fcrkiye\u2019de ilk kez d\u00fczenlenen Ulak Yar\u0131\u015flar\u0131na sahne oldu. T\u00fcrk uygarl\u0131klar\u0131n\u0131n b\u00fcy\u00fcmesinde \u00f6nemli bir yere sahip olan ve uzak mesafeler ars\u0131nda haberle\u015fmenin yap\u0131lmas\u0131n\u0131 sa\u011flayan \u2018Ulak Te\u015fkilatlar\u0131\u2019n\u0131n ilham verdi\u011fi yar\u0131\u015flarda T\u00fcrkiye\u2019nin bir\u00e7ok ilinden atl\u0131 sporcular yar\u0131\u015ft\u0131. Miraj Atl\u0131 Spor Kul\u00fcb\u00fc ile T\u00fcm B\u00fcrokratlar ve \u0130\u015f \u0130nsanlar\u0131 Federasyonu (T\u00dcMB\u0130FED) sponsorlu\u011funda 11 kategoride d\u00fczenlenen yar\u0131\u015flara 80 sporcu kat\u0131l\u0131rken, dereceye giren 45 sporcu ise kupa ve madalyalarla \u00f6d\u00fcllendirildi. Ulak te\u015fkilat\u0131nda g\u00f6rev alan kahramanlar\u0131n hikayelerini gelecek ku\u015faklara aktarmak i\u00e7in yar\u0131\u015flar\u0131 d\u00fczenlediklerini belirten Miraj Atl\u0131 Spor Kul\u00fcb\u00fc y\u00f6neticisi Kadir Ba\u015ftu\u011f, gen\u00e7 neslin at sevgisiyle b\u00fcy\u00fcmesi ad\u0131na \u00e7al\u0131\u015fmalar\u0131n\u0131 s\u00fcrd\u00fcrd\u00fcklerini ifade etti.<\/p>\n<p>Dereceye giren 40 sporcu \u00f6d\u00fcllendirildi<\/p>\n<p>Alihocalar Mahallesi\u2019nde sabah erken saatlerde d\u00fczenlenen Ulak Yar\u0131\u015flar\u0131na, sporcu ve ailelerinin yan\u0131 s\u0131ra organizasyona destek veren K\u00f6rfez Belediye Ba\u015fkan\u0131 \u015eener S\u00f6\u011f\u00fct ve beraberindeki \u00e7al\u0131\u015fma ekibi de kat\u0131ld\u0131. Organizasyon kapsam\u0131nda alan, T\u00fcrkiye\u2019de ilk kez da\u011f y\u00fcr\u00fcy\u00fc\u015f\u00fc yar\u0131\u015flar\u0131na da ev sahipli\u011fi yapt\u0131. M\u00fccadeleler sonras\u0131nda dereceye giren 40 sporcu ve g\u00fczellik yar\u0131\u015fmas\u0131nda dereceye giren atlar\u0131n sahipleri, d\u00fczenlenen t\u00f6renle \u00f6d\u00fcllendirildi. Yar\u0131\u015flar sonras\u0131nda organizasyon hakk\u0131nda bilgi veren Miraj Atl\u0131 Spor Kul\u00fcb\u00fc y\u00f6neticisi Kadir Ba\u015ftu\u011f, yar\u0131\u015flar\u0131n di\u011fer atl\u0131 spor dallar\u0131na g\u00f6re hayvan sa\u011fl\u0131\u011f\u0131n\u0131 koruyucu bir \u00f6zellik ta\u015f\u0131d\u0131\u011f\u0131n\u0131 s\u00f6yledi. Ba\u015ftu\u011f, yar\u0131\u015flar sonras\u0131 veterinerlerin yapt\u0131\u011f\u0131 tetkiklerde sa\u011fl\u0131kl\u0131 kalan at sahiplerinin \u00f6d\u00fcllendirildi\u011fini, at\u0131n\u0131n sa\u011fl\u0131\u011f\u0131n\u0131 bozan binicilerin ise bir daha yar\u0131\u015fmamak \u00fczere yar\u0131\u015flardan men edildi\u011fini s\u00f6yledi.<\/p>\n<p>\u201cGen\u00e7lerimize, ata sporumuzu sevdirmeyi ama\u00e7l\u0131yoruz\u201d<\/p>\n<p>Yar\u0131\u015flar\u0131 ulak te\u015fkilat\u0131n\u0131n \u00f6nemini gelecek ku\u015faklara aktarmak i\u00e7in d\u00fczenlediklerini s\u00f6yleyen Ba\u015ftu\u011f, \u201c\u00dclkemizde ata sporumuzun, T\u00fcrk\u2019le \u00f6zde\u015fle\u015fmi\u015f olan at\u0131n geli\u015fiminin tabana yay\u0131lmas\u0131 i\u00e7in \u00e7al\u0131\u015fmalar yap\u0131yoruz. Gen\u00e7lerimize, ata sporumuzu sevdirmeyi ama\u00e7l\u0131yoruz. Ulak Yar\u0131\u015fmalar\u0131, T\u00fcrkiye\u2019de ilk defa d\u00fczenledi\u011fimiz bir etkinlik oldu. Bu etkinlikte hem atl\u0131 hem de yaya ulaklar yar\u0131\u015ft\u0131lar. Ge\u00e7mi\u015fte 3 k\u0131tada at ko\u015fturan atalar\u0131m\u0131z \u00e7ok b\u00fcy\u00fck bir co\u011frafyada uzun y\u0131llar adaleti da\u011f\u0131tt\u0131lar. Bunu yaparken de en b\u00fcy\u00fck y\u00fck olan haberi s\u0131rt\u0131nda ta\u015f\u0131yan ulaklar \u00f6nemli bir g\u00f6rev icra ediyordu. D\u00fcnya\u2019da \u015fu anda ko\u015fulan atl\u0131 dayan\u0131kl\u0131l\u0131k Endurans dedi\u011fimiz bran\u015f\u0131n temelleri asl\u0131nda o d\u00f6nemde at\u0131ld\u0131. \u00c7\u00fcnk\u00fc menzilde kullan\u0131lan hanlar aras\u0131 40 kilometre olmas\u0131 hasebiyle neredeyse t\u00fcm sistem bu d\u00fczene g\u00f6re belirlendi. Ve yar\u0131\u015fma olarak ko\u015fuluyor\u201d dedi.<\/p>\n<p>Tarihin y\u00fck\u00fcn\u00fc s\u0131rt\u0131nda ta\u015f\u0131yan ulaklar yar\u0131\u015flara ilham oldu<\/p>\n<p>Ulak te\u015fkilat\u0131n\u0131 atl\u0131 spor dal\u0131na yans\u0131tt\u0131klar\u0131n\u0131 belirten Ba\u015ftu\u011f, \u201cBiz bunu biraz daha atlar\u0131m\u0131z\u0131n sa\u011fl\u0131\u011f\u0131n\u0131 \u00f6n plana \u00e7\u0131kararak sportif etkinlik olarak yapmak istedik. Tarihte \u00e7ok b\u00fcy\u00fck bir y\u00fck\u00fc ta\u015f\u0131yan ulaklar\u0131m\u0131z\u0131 yad etmek, onlar\u0131 tekrar g\u00fcndeme ta\u015f\u0131y\u0131p gen\u00e7lerimize tan\u0131tmak amac\u0131yla bu organizasyonu d\u00fczenledik. Haberle\u015fme noktas\u0131nda \u00e7ok uzun y\u0131llar boyunca, g\u00fcn\u00fcm\u00fcze kadar da k\u0131r\u0131lamam\u0131\u015f rekorlar\u0131 k\u0131rm\u0131\u015f atalar\u0131m\u0131z. Yakla\u015f\u0131k olarak 360-400 kilometre bir g\u00fcnde yol alabiliyorlard\u0131. Biz bu b\u00fcy\u00fck sava\u015f\u00e7\u0131lar\u0131, tarihin b\u00fcy\u00fck y\u00fck\u00fcn\u00fc s\u0131rt\u0131nda ta\u015f\u0131yan ulaklar\u0131m\u0131z\u0131 bir kez daha g\u00fcndeme getirmek i\u00e7in etkinlik yapt\u0131k. T\u00fcrkiye\u2019den bir\u00e7ok ilden atlar\u0131yla kat\u0131lanlar oldu. Ayr\u0131ca biz trekking sporu yapanlar\u0131 ata sporumuz \u00e7at\u0131s\u0131 alt\u0131nda toplay\u0131p ilk defa yar\u0131\u015fmas\u0131n\u0131 d\u00fczenlemi\u015f olduk. T\u00fcrkiye\u2019de do\u011fada yap\u0131lan ilk yaya yar\u0131\u015f oldu\u201d diye konu\u015ftu.<\/p>\n<p>At\u0131n\u0131n sa\u011fl\u0131\u011f\u0131n\u0131 bozan biniciler camiadan men ediliyor<\/p>\n<p>\u0130lk kez d\u00fczenlenen Ulak Yar\u0131\u015flar\u0131n\u0131n atlar\u0131n sa\u011fl\u0131\u011f\u0131n\u0131 \u00f6n planda tuttu\u011funu ifade eden Ba\u015ftu\u011f, \u201c\u015eu anda koydu\u011fumuz yeni sistemle beraber biz veteriner kontrollerini at\u0131n kontrollerini yar\u0131\u015ftan bir g\u00fcn sonraya att\u0131k. At\u0131n yorgunlu\u011fu veya herhangi bir \u015fekilde ya\u015fam\u0131n\u0131 etkileyecek ciddi bir sakatl\u0131k ge\u00e7irmesi durumunda yar\u0131\u015fmac\u0131y\u0131 \u00f6d\u00fcl vermek yerine cezaland\u0131r\u0131yoruz. At \u00f6l\u00fcm\u00fc veya \u00e7ok ciddi hasar varsa atlarda, bir daha ko\u015famaz \u015fekilde camiadan men ediyoruz. Ge\u00e7mi\u015fte ulak sistemimizde de bu \u015fekilde, bir mesafeden di\u011fer mesafeye haberi ta\u015f\u0131d\u0131ktan sonra at\u0131n\u0131 b\u0131rakt\u0131\u011f\u0131nda sa\u011flam b\u0131rakmak zorundayd\u0131. E\u011fer at\u0131n\u0131 k\u00f6t\u00fc durumda b\u0131rak\u0131yorsa o te\u015fkilatta yer alma imkan\u0131 yoktu\u201d \u015feklinde konu\u015ftu.<\/p>\n","protected":false},"excerpt":{"rendered":"<p>ULAK S\u0130STEM\u0130, KOCAEL\u0130\u2019DE D\u00dcZENLENEN ATLI SPOR YARI\u015eLARINA \u0130LHAM VERD\u0130. T\u00dcRK\u0130YE\u2019DE \u0130LK KEZ D\u00dcZENLENEN ULAK YARI\u015eLARINDA DERECEYE G\u0130REN 45 SPORCU \u00d6D\u00dcLLEND\u0130R\u0130LD\u0130.<\/p>\n","protected":false},"author":1,"featured_media":242986,"comment_status":"closed","ping_status":"open","sticky":false,"template":"","format":"standard","meta":{"jetpack_post_was_ever_published":false,"_jetpack_newsletter_access":"","_jetpack_dont_email_post_to_subs":false,"_jetpack_newsletter_tier_id":0,"_jetpack_memberships_contains_paywalled_content":false,"_jetpack_memberships_contains_paid_content":false,"footnotes":"","jetpack_publicize_message":"","jetpack_publicize_feature_enabled":true,"jetpack_social_post_already_shared":true,"jetpack_social_options":{"image_generator_settings":{"template":"highway","default_image_id":0,"font":"","enabled":false},"version":2}},"categories":[657],"tags":[13027,1545,805,60601,2761,957,60600,60599,386],"class_list":["post-242985","post","type-post","status-publish","format-standard","has-post-thumbnail","hentry","category-spor","tag-atli","tag-haber","tag-ilham","tag-sporlara","tag-teskilati","tag-turk","tag-ulaklar","tag-uygarliklarinin","tag-verdi"],"jetpack_publicize_connections":[],"jetpack_featured_media_url":"https:\/\/i0.wp.com\/www.tvturk.com\/wp-content\/uploads\/2019\/12\/turk-uygarliklarinin-haber-teskilati-ulaklar-atli-sporlara-ilham-verdi_6ae8388.jpg?fit=1000%2C666","jetpack_sharing_enabled":true,"jetpack_shortlink":"https:\/\/wp.me\/paKIfm-11d7","_links":{"self":[{"href":"http:\/\/www.tvturk.com\/index.php\/wp-json\/wp\/v2\/posts\/242985","targetHints":{"allow":["GET"]}}],"collection":[{"href":"http:\/\/www.tvturk.com\/index.php\/wp-json\/wp\/v2\/posts"}],"about":[{"href":"http:\/\/www.tvturk.com\/index.php\/wp-json\/wp\/v2\/types\/post"}],"author":[{"embeddable":true,"href":"http:\/\/www.tvturk.com\/index.php\/wp-json\/wp\/v2\/users\/1"}],"replies":[{"embeddable":true,"href":"http:\/\/www.tvturk.com\/index.php\/wp-json\/wp\/v2\/comments?post=242985"}],"version-history":[{"count":0,"href":"http:\/\/www.tvturk.com\/index.php\/wp-json\/wp\/v2\/posts\/242985\/revisions"}],"wp:featuredmedia":[{"embeddable":true,"href":"http:\/\/www.tvturk.com\/index.php\/wp-json\/wp\/v2\/media\/242986"}],"wp:attachment":[{"href":"http:\/\/www.tvturk.com\/index.php\/wp-json\/wp\/v2\/media?parent=242985"}],"wp:term":[{"taxonomy":"category","embeddable":true,"href":"http:\/\/www.tvturk.com\/index.php\/wp-json\/wp\/v2\/categories?post=242985"},{"taxonomy":"post_tag","embeddable":true,"href":"http:\/\/www.tvturk.com\/index.php\/wp-json\/wp\/v2\/tags?post=242985"}],"curies":[{"name":"wp","href":"https:\/\/api.w.org\/{rel}","templated":true}]}}