{"id":243023,"date":"2019-12-16T13:16:23","date_gmt":"2019-12-16T10:16:23","guid":{"rendered":"http:\/\/www.tvturk.com\/index.php\/ugandada-sel-ve-heyelanda-2-haftada-30-kisi-oldu\/"},"modified":"2019-12-16T13:16:23","modified_gmt":"2019-12-16T10:16:23","slug":"ugandada-sel-ve-heyelanda-2-haftada-30-kisi-oldu","status":"publish","type":"post","link":"http:\/\/www.tvturk.com\/index.php\/ugandada-sel-ve-heyelanda-2-haftada-30-kisi-oldu\/","title":{"rendered":"Uganda\u2019da sel ve heyelanda 2 haftada 30 ki\u015fi \u00f6ld\u00fc"},"content":{"rendered":"<p>Uganda\u2019da \u015fiddetli ya\u011f\u0131\u015flar\u0131n yol a\u00e7t\u0131\u011f\u0131 sel ve heyelanda son 2 haftada en az 30 ki\u015fi hayat\u0131n\u0131 kaybetti.<\/p>\n<p>Do\u011fu Afrika \u00fclkesi Uganda\u2019da \u015fiddetli ya\u011f\u0131\u015flar b\u00fcy\u00fck maddi hasara yol a\u00e7arken on binlerce ki\u015fi ise evlerini terk etmek zorunda kald\u0131. Uganda h\u00fck\u00fcmeti taraf\u0131ndan yap\u0131lan a\u00e7\u0131klamada, son 2 hafta i\u00e7inde \u015fiddetli ya\u011f\u0131\u015flar\u0131n yol a\u00e7t\u0131\u011f\u0131 sel ve toprak kaymas\u0131 sonucu en az 30 ki\u015finin hayat\u0131n\u0131 kaybetti\u011fi belirtildi. \u015eiddetli ya\u011f\u0131\u015flar nedeniyle baz\u0131 nehirlerin ta\u015fmas\u0131 sonucu oto yollar sular alt\u0131nda kald\u0131. Ba\u015fkent Kampala\u2019da sa\u011fanak ya\u011f\u0131\u015flar nedeniyle cadde ve sokaklar sular alt\u0131nda kald\u0131.<\/p>\n<p>\u00dclkenin bat\u0131s\u0131ndaki Bundibugyo b\u00f6lgesi ile do\u011fudaki Bududa b\u00f6lgesinde heyelan ve sel meydana geldi. Bundibugyo\u2019da 7 Aral\u0131k\u2019ta meydana gelen toprak kaymas\u0131nda en az 20 ki\u015fi hayat\u0131n\u0131 kaybetti.<\/p>\n<p>Uganda Afete Haz\u0131rl\u0131k Bakan\u0131 Musa Ecweru, \u00fclkenin do\u011fusundaki Bududa, Sironko, Manafwa, Namisindwa ve Mbale b\u00f6lgelerinde toplam 25 bin ki\u015finin evlerini terk etmek zorunda kald\u0131\u011f\u0131n\u0131, \u015fiddetli ya\u011f\u0131\u015flardan 85 bin evin etkilendi\u011fini ve 21 bin 500 hektarl\u0131k tar\u0131m alan\u0131n\u0131n zarar g\u00f6rd\u00fc\u011f\u00fcn\u00fc a\u00e7\u0131klad\u0131. Teso ve Bukedi b\u00f6lgelerinde ise en az 55 bin ki\u015finin evsiz kald\u0131\u011f\u0131 ve 120 bin hektar tar\u0131m arazisinin zarar g\u00f6rd\u00fc\u011f\u00fc belirtildi.<\/p>\n<p>Meteoroloji uzmanlar\u0131, bu y\u0131l Uganda ve \u00e7evresindeki \u00fclkelerde meydana gelen ya\u011f\u0131\u015flar\u0131n beklenenden fazla oldu\u011funu belirtti.<\/p>\n","protected":false},"excerpt":{"rendered":"<p>UGANDA\u2019DA \u015e\u0130DDETL\u0130 YA\u011eI\u015eLARIN YOL A\u00c7TI\u011eI SEL VE HEYELANDA SON 2 HAFTADA EN AZ 30 K\u0130\u015e\u0130 HAYATINI KAYBETT\u0130.<\/p>\n","protected":false},"author":1,"featured_media":243024,"comment_status":"closed","ping_status":"open","sticky":false,"template":"","format":"standard","meta":{"jetpack_post_was_ever_published":false,"_jetpack_newsletter_access":"","_jetpack_dont_email_post_to_subs":false,"_jetpack_newsletter_tier_id":0,"_jetpack_memberships_contains_paywalled_content":false,"_jetpack_memberships_contains_paid_content":false,"footnotes":"","jetpack_publicize_message":"","jetpack_publicize_feature_enabled":true,"jetpack_social_post_already_shared":true,"jetpack_social_options":{"image_generator_settings":{"template":"highway","default_image_id":0,"font":"","enabled":false},"version":2}},"categories":[10],"tags":[695,7032,25820,1012,77,30015],"class_list":["post-243023","post","type-post","status-publish","format-standard","has-post-thumbnail","hentry","category-dunya","tag-sel","tag-haftada","tag-heyelanda","tag-kisi","tag-oldu","tag-ugandada"],"jetpack_publicize_connections":[],"jetpack_featured_media_url":"https:\/\/i0.wp.com\/www.tvturk.com\/wp-content\/uploads\/2019\/12\/ugandada-sel-ve-heyelanda-2-haftada-30-kisi-oldu_d7db9af.jpg?fit=680%2C353","jetpack_sharing_enabled":true,"jetpack_shortlink":"https:\/\/wp.me\/paKIfm-11dJ","_links":{"self":[{"href":"http:\/\/www.tvturk.com\/index.php\/wp-json\/wp\/v2\/posts\/243023","targetHints":{"allow":["GET"]}}],"collection":[{"href":"http:\/\/www.tvturk.com\/index.php\/wp-json\/wp\/v2\/posts"}],"about":[{"href":"http:\/\/www.tvturk.com\/index.php\/wp-json\/wp\/v2\/types\/post"}],"author":[{"embeddable":true,"href":"http:\/\/www.tvturk.com\/index.php\/wp-json\/wp\/v2\/users\/1"}],"replies":[{"embeddable":true,"href":"http:\/\/www.tvturk.com\/index.php\/wp-json\/wp\/v2\/comments?post=243023"}],"version-history":[{"count":0,"href":"http:\/\/www.tvturk.com\/index.php\/wp-json\/wp\/v2\/posts\/243023\/revisions"}],"wp:featuredmedia":[{"embeddable":true,"href":"http:\/\/www.tvturk.com\/index.php\/wp-json\/wp\/v2\/media\/243024"}],"wp:attachment":[{"href":"http:\/\/www.tvturk.com\/index.php\/wp-json\/wp\/v2\/media?parent=243023"}],"wp:term":[{"taxonomy":"category","embeddable":true,"href":"http:\/\/www.tvturk.com\/index.php\/wp-json\/wp\/v2\/categories?post=243023"},{"taxonomy":"post_tag","embeddable":true,"href":"http:\/\/www.tvturk.com\/index.php\/wp-json\/wp\/v2\/tags?post=243023"}],"curies":[{"name":"wp","href":"https:\/\/api.w.org\/{rel}","templated":true}]}}