{"id":243029,"date":"2019-12-16T13:17:08","date_gmt":"2019-12-16T10:17:08","guid":{"rendered":"http:\/\/www.tvturk.com\/index.php\/akdamar-adasina-bungalov-ve-cadir-kurulmasi-karari-turizmcileri-sevindirdi\/"},"modified":"2019-12-16T13:17:08","modified_gmt":"2019-12-16T10:17:08","slug":"akdamar-adasina-bungalov-ve-cadir-kurulmasi-karari-turizmcileri-sevindirdi","status":"publish","type":"post","link":"http:\/\/www.tvturk.com\/index.php\/akdamar-adasina-bungalov-ve-cadir-kurulmasi-karari-turizmcileri-sevindirdi\/","title":{"rendered":"Akdamar Adas\u0131\u2019na bungalov ve \u00e7ad\u0131r kurulmas\u0131 karar\u0131 turizmcileri sevindirdi"},"content":{"rendered":"<p>\u00c7evre ve \u015eehircilik Bakanl\u0131\u011f\u0131n\u0131n Resmi Gazete\u2019de yay\u0131mlanan Do\u011fal Sit Alanlar\u0131 Koruma ve Kullan\u0131m Ko\u015fullar\u0131na \u0130li\u015fkin \u0130lke Karar\u0131, Van\u2019da turizmcileri sevindirdi. Kararda, Akdamar Adas\u0131 gibi sit alanlar\u0131nda art\u0131k bungalovlar ve \u00e7ad\u0131r kamplar\u0131 yap\u0131labilece\u011fi belirtildi.<\/p>\n<p>Bakanl\u0131k, 5 Ocak 2017 tarihli Do\u011fal Sit Alanlar\u0131 Koruma ve Kullan\u0131m Ko\u015fullar\u0131na \u0130li\u015fkin \u0130lke Karar\u0131, 16 Ekim 2019 tarihli yeni ilke karar\u0131yla kald\u0131rd\u0131. Eski kararda sadece do\u011fal sit alanlar\u0131 d\u00fczenleniyorken yeni kararla 2863 say\u0131l\u0131 K\u00fclt\u00fcr ve Tabiat Varl\u0131klar\u0131n\u0131 Koruma Kanunu kapsam\u0131nda olan alanlar\u0131n kullan\u0131m\u0131 da d\u00fczenlendi. Kararla Kelebekler Vadisi, Akdamar Adas\u0131, Erzurum Narman Peribacalar\u0131 gibi sit alanlar\u0131nda art\u0131k bungalovlar ve \u00e7ad\u0131r kamplar\u0131 yap\u0131labilece\u011finin belirtilmesi, \u00f6zellikle turizmcileri sevindirdi.<\/p>\n<p>Konuyla ilgili a\u00e7\u0131klamada bulunan T\u00dcRSAB Do\u011fu Anadolu B\u00f6lge Y\u00fcr\u00fctme Kurulu Ba\u015fkan\u0131 Cevdet \u00d6zg\u00f6k\u00e7e, bu karar\u0131 desteklediklerini ifade ederek, karar\u0131n kendilerini mutlu etti\u011fini s\u00f6yledi. Daha \u00f6nceki yasada sit alanlar\u0131nda \u00e7ivi \u00e7akman\u0131n bile yasak oldu\u011funu hat\u0131rlatan \u00d6zg\u00f6k\u00e7e, \u201cVan Akdamar Adas\u0131\u2019nda da art\u0131k \u00e7ad\u0131r ve bungalovlara m\u00fcsaade edilmesi, konaklama g\u00fcn say\u0131s\u0131n\u0131 artt\u0131racak. Buras\u0131 nitelikli do\u011fal koruma alan\u0131. Kar\u015f\u0131daki yer ku\u015flar\u0131n bar\u0131nd\u0131\u011f\u0131 alan, korunacak hassas alan oldu\u011fu i\u00e7in orada b\u00f6yle bir izin yok. 10 bin metrekarelik bir alanda 50 ile 150 aras\u0131nda bungalov evleri yap\u0131labilecek. Bu da bizim elimizi bir hayli g\u00fc\u00e7l\u00fc k\u0131ld\u0131\u201d dedi.<\/p>\n<p>Bungalov evleri ile \u00e7ad\u0131rlar\u0131n sahil band\u0131na yap\u0131labilece\u011fini dile getiren \u00d6zg\u00f6k\u00e7e, \u201cMetrekareye vurdu\u011fumuzda bir hayli fazla say\u0131 \u00e7\u0131k\u0131yor, ama biz o kadar yo\u011fun bir bungalov evinin olmas\u0131n\u0131 istemiyoruz. \u00c7\u00fcnk\u00fc buran\u0131n do\u011fas\u0131n\u0131 korumak laz\u0131m\u201d ifadelerini kulland\u0131.<\/p>\n<p>Akdamar Adas\u0131\u2019na bungalov ve \u00e7ad\u0131r kamplar\u0131n\u0131n kurulmas\u0131n\u0131n ilin turizmine b\u00fcy\u00fck katk\u0131s\u0131 olaca\u011f\u0131n\u0131 vurgulayan Ba\u015fkan \u00d6zg\u00f6k\u00e7e, \u201cAdada birka\u00e7 gece konaklamak, oksijeni alman\u0131n yan\u0131nda g\u00f6rsel \u015f\u00f6lende farkl\u0131 olur. Bu anlamda bu i\u015fin ehline verilmesi daha da g\u00fczel olacakt\u0131r\u201d diye konu\u015ftu.<\/p>\n","protected":false},"excerpt":{"rendered":"<p>\u00c7EVRE VE \u015eEH\u0130RC\u0130L\u0130K BAKANLI\u011eININ RESM\u0130 GAZETE&#8217;DE YAYIMLANAN DO\u011eAL S\u0130T ALANLARI KORUMA VE KULLANIM KO\u015eULLARINA \u0130L\u0130\u015eK\u0130N \u0130LKE KARARI, VAN&#8217;DA TUR\u0130ZMC\u0130LER\u0130 SEV\u0130ND\u0130RD\u0130.<\/p>\n","protected":false},"author":1,"featured_media":243030,"comment_status":"closed","ping_status":"open","sticky":false,"template":"","format":"standard","meta":{"jetpack_post_was_ever_published":false,"_jetpack_newsletter_access":"","_jetpack_dont_email_post_to_subs":false,"_jetpack_newsletter_tier_id":0,"_jetpack_memberships_contains_paywalled_content":false,"_jetpack_memberships_contains_paid_content":false,"footnotes":"","jetpack_publicize_message":"","jetpack_publicize_feature_enabled":true,"jetpack_social_post_already_shared":true,"jetpack_social_options":{"image_generator_settings":{"template":"highway","default_image_id":0,"font":"","enabled":false},"version":2}},"categories":[1],"tags":[21023,15534,42069,16130,2832,33172,2358,19945],"class_list":["post-243029","post","type-post","status-publish","format-standard","has-post-thumbnail","hentry","category-genel","tag-adasina","tag-akdamar","tag-bungalov","tag-cadir","tag-karari","tag-kurulmasi","tag-sevindirdi","tag-turizmcileri"],"jetpack_publicize_connections":[],"jetpack_featured_media_url":"https:\/\/i0.wp.com\/www.tvturk.com\/wp-content\/uploads\/2019\/12\/akdamar-adasina-bungalov-ve-cadir-kurulmasi-karari-turizmcileri-sevindirdi_eb93b3c.jpg?fit=1000%2C666","jetpack_sharing_enabled":true,"jetpack_shortlink":"https:\/\/wp.me\/paKIfm-11dP","_links":{"self":[{"href":"http:\/\/www.tvturk.com\/index.php\/wp-json\/wp\/v2\/posts\/243029","targetHints":{"allow":["GET"]}}],"collection":[{"href":"http:\/\/www.tvturk.com\/index.php\/wp-json\/wp\/v2\/posts"}],"about":[{"href":"http:\/\/www.tvturk.com\/index.php\/wp-json\/wp\/v2\/types\/post"}],"author":[{"embeddable":true,"href":"http:\/\/www.tvturk.com\/index.php\/wp-json\/wp\/v2\/users\/1"}],"replies":[{"embeddable":true,"href":"http:\/\/www.tvturk.com\/index.php\/wp-json\/wp\/v2\/comments?post=243029"}],"version-history":[{"count":0,"href":"http:\/\/www.tvturk.com\/index.php\/wp-json\/wp\/v2\/posts\/243029\/revisions"}],"wp:featuredmedia":[{"embeddable":true,"href":"http:\/\/www.tvturk.com\/index.php\/wp-json\/wp\/v2\/media\/243030"}],"wp:attachment":[{"href":"http:\/\/www.tvturk.com\/index.php\/wp-json\/wp\/v2\/media?parent=243029"}],"wp:term":[{"taxonomy":"category","embeddable":true,"href":"http:\/\/www.tvturk.com\/index.php\/wp-json\/wp\/v2\/categories?post=243029"},{"taxonomy":"post_tag","embeddable":true,"href":"http:\/\/www.tvturk.com\/index.php\/wp-json\/wp\/v2\/tags?post=243029"}],"curies":[{"name":"wp","href":"https:\/\/api.w.org\/{rel}","templated":true}]}}