{"id":243113,"date":"2019-12-16T15:47:53","date_gmt":"2019-12-16T12:47:53","guid":{"rendered":"http:\/\/www.tvturk.com\/index.php\/istiklal-marsini-gururla-soyleyen-buz-hokeyi-milli-takimi-yurda-dondu\/"},"modified":"2019-12-16T15:47:53","modified_gmt":"2019-12-16T12:47:53","slug":"istiklal-marsini-gururla-soyleyen-buz-hokeyi-milli-takimi-yurda-dondu","status":"publish","type":"post","link":"http:\/\/www.tvturk.com\/index.php\/istiklal-marsini-gururla-soyleyen-buz-hokeyi-milli-takimi-yurda-dondu\/","title":{"rendered":"\u0130stiklal Mar\u015f\u0131\u2019n\u0131 gururla s\u00f6yleyen Buz Hokeyi Milli Tak\u0131m\u0131 yurda d\u00f6nd\u00fc"},"content":{"rendered":"<p>A Milli Buz Hokeyi Tak\u0131m\u0131\u2019n\u0131n Bulgaristan\u2019\u0131 4-1 ma\u011flup etti\u011fi ma\u00e7 sonras\u0131 \u0130stiklal Mar\u015f\u0131 krizi ya\u015fand\u0131. Ma\u00e7 sonras\u0131 yap\u0131lan seremonide \u0130stiklal Mar\u015f\u0131 yar\u0131da kesilerek ba\u015fka bir m\u00fczik \u00e7al\u0131nd\u0131. Ya\u015fananlar\u0131n ard\u0131ndan milliler bug\u00fcn yurda d\u00f6nd\u00fc.<\/p>\n<p>H\u0131rvatistan\u2019da 2022 K\u0131\u015f Olimpiyatlar\u0131 \u00d6n Elemeleri s\u0131ras\u0131nda A Milli Buz Hokeyi Tak\u0131m\u0131\u2019n\u0131n oynad\u0131\u011f\u0131 ma\u00e7 sonras\u0131 skandal anlar ya\u015fand\u0131. Milli tak\u0131m\u0131n Bulgaristan\u2019\u0131 4-1 ma\u011flup etti\u011fi ma\u00e7 sonras\u0131 yap\u0131lan seremonide \u0130stiklal Mar\u015f\u0131 yar\u0131da kesilerek klasik m\u00fczik \u00e7al\u0131nd\u0131. Milli tak\u0131m oyuncular\u0131, ya\u015fanan skandal sonras\u0131 ba\u011f\u0131rarak \u0130stiklal Mar\u015f\u0131\u2019n\u0131 tamamlad\u0131. Bug\u00fcn \u00f6\u011fle saatlerinde yurda d\u00f6nen kafilede Milli Tak\u0131m Antren\u00f6r\u00fc Deniz \u0130nce, havaliman\u0131nda a\u00e7\u0131klamalarda bulundu.<\/p>\n<p>&#8220;Avaz\u0131m\u0131z \u00e7\u0131kt\u0131\u011f\u0131 kadar herkese \u0130stiklal Mar\u015f\u0131m\u0131z\u0131 dinlettik&#8221;<\/p>\n<p>\u0130stiklal Mar\u015f\u0131 skandal\u0131n\u0131 de\u011ferlendiren \u0130nce, &#8220;\u00dcz\u00fcc\u00fc. Yakla\u015f\u0131k 30 senedir bir\u00e7ok uluslararas\u0131 turnuvalara kat\u0131ld\u0131m. \u015eimdiye kadar hi\u00e7bir \u00fclkede hi\u00e7bir \u00fclkenin mar\u015f\u0131n\u0131n kesildi\u011fini g\u00f6rmedim. Bu bizim ba\u015f\u0131m\u0131za gelen \u00fc\u00e7\u00fcnc\u00fc hadise. Daha \u00f6nce S\u0131rbistan\u2019da ve Bulgaristan\u2019da olmu\u015ftu. \u0130nsan \u00fc\u00e7 kere ya\u015fan\u0131nca neden sadece bizim ba\u015f\u0131m\u0131za geliyor diye sormadan duram\u0131yor tabi. \u00c7ok \u00fcz\u00fcc\u00fc oldu ama \u00f6nemli de\u011fil. Biz avaz\u0131m\u0131z \u00e7\u0131kt\u0131\u011f\u0131 kadar herkese \u0130stiklal Mar\u015f\u0131m\u0131z\u0131 dinlettik. Bayra\u011f\u0131m\u0131z yine ma\u00e7tan sonra rakibin \u00fczerindeydi&#8221; diye konu\u015ftu.<\/p>\n<p>Bir yetkilinin ya\u015fananlarla ilgili kendilerine bilgi verip vermedi\u011finin sorulmas\u0131 \u00fczerine \u0130nce, &#8220;Olaydan sonra soyunma odas\u0131na bir yetkili geldi. Teknik bir ar\u0131za oldu\u011funu s\u00f6yledi. \u00c7ok \u00f6z\u00fcr diledi ama yaz\u0131l\u0131 olarak herhangi bir \u015fey gelmedi. Sadece hayat\u0131mda ilk defa g\u00f6rd\u00fc\u011f\u00fcm birisi teknik bir problem oldu\u011funu s\u00f6yledi&#8221; dedi.<\/p>\n<p>&#8220;\u0130stiklal Mar\u015f\u0131\u2019n\u0131 s\u00f6ylememizden etkilendiklerini ifade ettiler&#8221;<\/p>\n<p>Uluslararas\u0131 Buz Hokeyi Federasyonu yetkililerinin kendilerine ya\u015fananlardan dolay\u0131 \u00fczg\u00fcn olduklar\u0131n\u0131 iletti\u011fini belirten \u0130nce, &#8220;Hepsi de bizim \u0130stiklal Mar\u015f\u0131\u2019n\u0131 hep bir a\u011f\u0131zdan s\u00f6ylememizden etkilendiklerini ifade ettiler. Biz galibiyetin tad\u0131n\u0131 \u00e7\u0131karmak istedik. Bu olaya kendimizi \u00e7ok kapt\u0131rmak istemedik o anda. Ama \u015fimdi o da ge\u00e7ti, daha iyi d\u00fc\u015f\u00fcnme vaktimiz oldu. Neden acaba bizim ba\u015f\u0131m\u0131za geliyor diye biraz soruyoruz. Eminim federasyon yetkililerimiz konuyla ilgili yerlere yaz\u0131lar\u0131n\u0131 g\u00f6ndereceklerdir&#8221; ifadelerini kulland\u0131.<\/p>\n<p>\u00d6zmen: &#8220;Her seferinde yanl\u0131\u015fl\u0131k oldu\u011funu s\u00f6yl\u00fcyorlar&#8221;<\/p>\n<p>Milli Tak\u0131m Kaptan\u0131 Emrah \u00d6zmen ise, &#8220;Bu tarz olaylar\u0131 daha \u00f6nce de ya\u015fad\u0131k. T\u00fcrkiye i\u00e7in bu kas\u0131tl\u0131 m\u0131 yap\u0131l\u0131yor onu da bilmiyoruz. \u0130lk olsa \u015fa\u015f\u0131rmazd\u0131k ama bu \u00fc\u00e7 oldu. Ma\u00e7tan sonra farkl\u0131 bir motivasyon ile o mar\u015f\u0131 s\u00f6yl\u00fcyorsunuz. Benim kendi a\u00e7\u0131mdan iyi oldu m\u00fcziksiz s\u00f6ylemek. \u00c7ok farkl\u0131 bir ortamd\u0131, hepimiz duyguland\u0131k. Bir ara arkam\u0131zda olan Bulgar oyuncular mar\u015f kesilince g\u00fcld\u00fcler, sonra sesimizi duyunca onlar da susmak zorunda kald\u0131. Kas\u0131tl\u0131 m\u0131 yap\u0131ld\u0131 bilmiyorum ama y\u00f6neticilerimizin bunu bir sonuca ba\u011flamas\u0131 gerekiyor. D\u00fcnya Hokey Federasyonu\u2019ndaki insanlar\u0131n da tepkisini al\u0131yor bu durum ama her seferinde yanl\u0131\u015fl\u0131k oldu\u011funu s\u00f6yl\u00fcyorlar. Biz mar\u015f\u0131m\u0131z\u0131 m\u00fczikle beraber s\u00f6yl\u00fcyoruz. Ama m\u00fczik sesimizi bast\u0131r\u0131yor normal \u015fartlarda. Biz s\u00f6yledi\u011fimiz gibi devam ettik mar\u015f kesilince. Bu Bulgarlar\u0131n g\u00fclmesi veya arkas\u0131ndan bu olay\u0131n ya\u015fanmas\u0131ndan dolay\u0131 daha motivasyon oldu, sesimiz y\u00fckseldi. Bizim i\u00e7in unutulmayacak bir an\u0131 oldu. Bizim i\u00e7in \u0130stiklal Mar\u015f\u0131\u2019n\u0131n ne kadar de\u011ferli oldu\u011funu b\u00fct\u00fcn d\u00fcnyaya g\u00f6sterdik&#8221; a\u00e7\u0131klamas\u0131n\u0131 yapt\u0131.<\/p>\n","protected":false},"excerpt":{"rendered":"<p>A M\u0130LL\u0130 BUZ HOKEY\u0130 TAKIMI\u2019NIN BULGAR\u0130STAN\u2019I 4-1 MA\u011eLUP ETT\u0130\u011e\u0130 MA\u00c7 SONRASI \u0130ST\u0130KLAL MAR\u015eI KR\u0130Z\u0130 YA\u015eANDI. MA\u00c7 SONRASI YAPILAN SEREMON\u0130DE \u0130ST\u0130KLAL MAR\u015eI YARIDA KES\u0130LEREK BA\u015eKA B\u0130R M\u00dcZ\u0130K \u00c7ALINDI. YA\u015eANANLARIN ARDINDAN M\u0130LL\u0130LER BUG\u00dcN YURDA D\u00d6ND\u00dc.<\/p>\n","protected":false},"author":1,"featured_media":243114,"comment_status":"closed","ping_status":"open","sticky":false,"template":"","format":"standard","meta":{"jetpack_post_was_ever_published":false,"_jetpack_newsletter_access":"","_jetpack_dont_email_post_to_subs":false,"_jetpack_newsletter_tier_id":0,"_jetpack_memberships_contains_paywalled_content":false,"_jetpack_memberships_contains_paid_content":false,"footnotes":"","jetpack_publicize_message":"","jetpack_publicize_feature_enabled":true,"jetpack_social_post_already_shared":true,"jetpack_social_options":{"image_generator_settings":{"template":"highway","default_image_id":0,"font":"","enabled":false},"version":2}},"categories":[657],"tags":[1037,990,22310,19916,14044,23307,429,26781,1462,10458],"class_list":["post-243113","post","type-post","status-publish","format-standard","has-post-thumbnail","hentry","category-spor","tag-buz","tag-dondu","tag-gururla","tag-hokeyi","tag-istiklal","tag-marsini","tag-milli","tag-soyleyen","tag-takimi","tag-yurda"],"jetpack_publicize_connections":[],"jetpack_featured_media_url":"https:\/\/i0.wp.com\/www.tvturk.com\/wp-content\/uploads\/2019\/12\/istiklal-marsini-gururla-soyleyen-buz-hokeyi-milli-takimi-yurda-dondu_860e83a.jpg?fit=1000%2C663","jetpack_sharing_enabled":true,"jetpack_shortlink":"https:\/\/wp.me\/paKIfm-11fb","_links":{"self":[{"href":"http:\/\/www.tvturk.com\/index.php\/wp-json\/wp\/v2\/posts\/243113","targetHints":{"allow":["GET"]}}],"collection":[{"href":"http:\/\/www.tvturk.com\/index.php\/wp-json\/wp\/v2\/posts"}],"about":[{"href":"http:\/\/www.tvturk.com\/index.php\/wp-json\/wp\/v2\/types\/post"}],"author":[{"embeddable":true,"href":"http:\/\/www.tvturk.com\/index.php\/wp-json\/wp\/v2\/users\/1"}],"replies":[{"embeddable":true,"href":"http:\/\/www.tvturk.com\/index.php\/wp-json\/wp\/v2\/comments?post=243113"}],"version-history":[{"count":0,"href":"http:\/\/www.tvturk.com\/index.php\/wp-json\/wp\/v2\/posts\/243113\/revisions"}],"wp:featuredmedia":[{"embeddable":true,"href":"http:\/\/www.tvturk.com\/index.php\/wp-json\/wp\/v2\/media\/243114"}],"wp:attachment":[{"href":"http:\/\/www.tvturk.com\/index.php\/wp-json\/wp\/v2\/media?parent=243113"}],"wp:term":[{"taxonomy":"category","embeddable":true,"href":"http:\/\/www.tvturk.com\/index.php\/wp-json\/wp\/v2\/categories?post=243113"},{"taxonomy":"post_tag","embeddable":true,"href":"http:\/\/www.tvturk.com\/index.php\/wp-json\/wp\/v2\/tags?post=243113"}],"curies":[{"name":"wp","href":"https:\/\/api.w.org\/{rel}","templated":true}]}}