{"id":243127,"date":"2019-12-16T16:17:53","date_gmt":"2019-12-16T13:17:53","guid":{"rendered":"http:\/\/www.tvturk.com\/index.php\/adanaspor-kupa-hazirliklarini-tamamladi\/"},"modified":"2019-12-16T16:17:53","modified_gmt":"2019-12-16T13:17:53","slug":"adanaspor-kupa-hazirliklarini-tamamladi","status":"publish","type":"post","link":"http:\/\/www.tvturk.com\/index.php\/adanaspor-kupa-hazirliklarini-tamamladi\/","title":{"rendered":"Adanaspor kupa haz\u0131rl\u0131klar\u0131n\u0131 tamamlad\u0131"},"content":{"rendered":"<p>Ziraat T\u00fcrkiye Kupas\u0131 5. Tur r\u00f6van\u015f ma\u00e7\u0131nda yar\u0131n sahas\u0131nda Alanyaspor\u2019u konuk edecek olan Adanaspor, bu kar\u015f\u0131la\u015fman\u0131n haz\u0131rl\u0131klar\u0131n\u0131 tamamlad\u0131.<\/p>\n<p>Turuncu-beyazl\u0131 ekip, bug\u00fcn \u00f6\u011fle saatlerinde Osman Yere\u015fen Tesisleri\u2019nde Teknik Direkt\u00f6r Engin \u0130peko\u011flu y\u00f6netiminde \u00e7al\u0131\u015fmalar\u0131n\u0131 s\u00fcrd\u00fcrd\u00fc. \u0130dman\u0131n ilk b\u00f6l\u00fcm\u00fcnde pas \u00e7al\u0131\u015fan turuncu-beyazl\u0131 futbolcular, daha sonra h\u00fccum ve savunma varyasyonlar\u0131 \u00fczerinde durdu. Bu antrenmanla Alanyaspor haz\u0131rl\u0131klar\u0131n\u0131 tamamlayan \u00c7ukurova ekibi, kampa girdi ve ma\u00e7 saatini beklemeye ba\u015flad\u0131.<\/p>\n<p>17 Aral\u0131k Sal\u0131 g\u00fcn\u00fc saat 18.30\u2019da 5 Ocak Fatih Terim Stad\u0131nda oynanacak olan m\u00fccadeleyi \u0130stanbul b\u00f6lgesinden Mert G\u00fczenge y\u00f6netecek.<\/p>\n","protected":false},"excerpt":{"rendered":"<p>Z\u0130RAAT T\u00dcRK\u0130YE KUPASI 5. TUR R\u00d6VAN\u015e MA\u00c7INDA 17 ARALIK SALI G\u00dcN\u00dc SAHASINDA ALANYASPOR&#8217;U KONUK EDECEK OLAN ADANASPOR, KAR\u015eILA\u015eMANIN HAZIRLIKLARINI TAMAMLADI.<\/p>\n","protected":false},"author":1,"featured_media":243128,"comment_status":"closed","ping_status":"open","sticky":false,"template":"","format":"standard","meta":{"jetpack_post_was_ever_published":false,"_jetpack_newsletter_access":"","_jetpack_dont_email_post_to_subs":false,"_jetpack_newsletter_tier_id":0,"_jetpack_memberships_contains_paywalled_content":false,"_jetpack_memberships_contains_paid_content":false,"footnotes":"","jetpack_publicize_message":"","jetpack_publicize_feature_enabled":true,"jetpack_social_post_already_shared":true,"jetpack_social_options":{"image_generator_settings":{"template":"highway","default_image_id":0,"font":"","enabled":false},"version":2}},"categories":[657],"tags":[775,2628,3794,637],"class_list":["post-243127","post","type-post","status-publish","format-standard","has-post-thumbnail","hentry","category-spor","tag-adanaspor","tag-hazirliklarini","tag-kupa","tag-tamamladi"],"jetpack_publicize_connections":[],"jetpack_featured_media_url":"https:\/\/i0.wp.com\/www.tvturk.com\/wp-content\/uploads\/2019\/12\/adanaspor-kupa-hazirliklarini-tamamladi_a8d465e.jpg?fit=1000%2C622","jetpack_sharing_enabled":true,"jetpack_shortlink":"https:\/\/wp.me\/paKIfm-11fp","_links":{"self":[{"href":"http:\/\/www.tvturk.com\/index.php\/wp-json\/wp\/v2\/posts\/243127","targetHints":{"allow":["GET"]}}],"collection":[{"href":"http:\/\/www.tvturk.com\/index.php\/wp-json\/wp\/v2\/posts"}],"about":[{"href":"http:\/\/www.tvturk.com\/index.php\/wp-json\/wp\/v2\/types\/post"}],"author":[{"embeddable":true,"href":"http:\/\/www.tvturk.com\/index.php\/wp-json\/wp\/v2\/users\/1"}],"replies":[{"embeddable":true,"href":"http:\/\/www.tvturk.com\/index.php\/wp-json\/wp\/v2\/comments?post=243127"}],"version-history":[{"count":0,"href":"http:\/\/www.tvturk.com\/index.php\/wp-json\/wp\/v2\/posts\/243127\/revisions"}],"wp:featuredmedia":[{"embeddable":true,"href":"http:\/\/www.tvturk.com\/index.php\/wp-json\/wp\/v2\/media\/243128"}],"wp:attachment":[{"href":"http:\/\/www.tvturk.com\/index.php\/wp-json\/wp\/v2\/media?parent=243127"}],"wp:term":[{"taxonomy":"category","embeddable":true,"href":"http:\/\/www.tvturk.com\/index.php\/wp-json\/wp\/v2\/categories?post=243127"},{"taxonomy":"post_tag","embeddable":true,"href":"http:\/\/www.tvturk.com\/index.php\/wp-json\/wp\/v2\/tags?post=243127"}],"curies":[{"name":"wp","href":"https:\/\/api.w.org\/{rel}","templated":true}]}}