{"id":243163,"date":"2019-12-16T17:48:39","date_gmt":"2019-12-16T14:48:39","guid":{"rendered":"http:\/\/www.tvturk.com\/index.php\/meslegini-minyatur-semer-yaparak-yasatiyor\/"},"modified":"2019-12-16T17:48:39","modified_gmt":"2019-12-16T14:48:39","slug":"meslegini-minyatur-semer-yaparak-yasatiyor","status":"publish","type":"post","link":"http:\/\/www.tvturk.com\/index.php\/meslegini-minyatur-semer-yaparak-yasatiyor\/","title":{"rendered":"Mesle\u011fini, minyat\u00fcr semer yaparak ya\u015fat\u0131yor"},"content":{"rendered":"<p>Manisa\u2019n\u0131n Sar\u0131g\u00f6l il\u00e7esinde ya\u015fayan 62 y\u0131ll\u0131k semer ustas\u0131, yok olmaya y\u00fcz tutmu\u015f mesle\u011fini minyat\u00fcr semer yaparak ya\u015fatmaya \u00e7al\u0131\u015f\u0131yor.<\/p>\n<p>Ula\u015f\u0131mda kullan\u0131lan at ve e\u015feklerin yerine zamanla yeni ula\u015f\u0131m ara\u00e7lar\u0131n \u00e7\u0131kmas\u0131 ve bug\u00fcn at ve e\u015feklerin neredeyse hi\u00e7 kullan\u0131lmamas\u0131, Sar\u0131g\u00f6l il\u00e7esinin tek semer ustas\u0131 Osman Zeybek\u2019in (78) i\u015flerini olumsuz etkiledi. El eme\u011fi g\u00f6z nuruyla y\u00fcr\u00fctt\u00fc\u011f\u00fc semercilik mesle\u011fini t\u00fcm olumsuzluklara ra\u011fmen ayakta tutmaya \u00e7al\u0131\u015fan Zeybek, \u015fimdi minyat\u00fcr semerler yaparak ekme\u011fini kazan\u0131yor.<\/p>\n<p>19 ya\u015f\u0131nda askere gitmeden \u00f6nce semercilik d\u00fckkan\u0131 a\u00e7t\u0131\u011f\u0131n\u0131 belirten Zeybek, &#8220;1957 y\u0131l\u0131nda il\u00e7ede 12 adet semerci d\u00fckkan\u0131 vard\u0131. Benim \u00e7al\u0131\u015ft\u0131\u011f\u0131m d\u00fckkanda 5 tane \u00e7\u0131rak vard\u0131. Ben 1961 y\u0131l\u0131nda askerden \u00f6nce d\u00fckkan a\u00e7t\u0131m. O zamanlar \u00e7evrede t\u00fct\u00fcn dikimi \u00e7oktu. Hayvanc\u0131l\u0131kla y\u00fckler ta\u015f\u0131nmaktayd\u0131. Sonralar\u0131 sepetli motosikletler \u00e7\u0131kt\u0131. Motorlu ara\u00e7lar \u00e7o\u011fal\u0131nca y\u00fckler art\u0131k motorlarla ta\u015f\u0131nmaya ba\u015flad\u0131. Merkeplere ve atlara i\u015f d\u00fc\u015fmez olunca da bizim meslek g\u00f6zden d\u00fc\u015ft\u00fc. \u00c7\u0131rak dahi bulamaz olduk. \u0130l\u00e7ede semercilik yapan kalmad\u0131\u2019\u2019 dedi.<\/p>\n<p>&#8220;Mesle\u011fimi \u00e7ok seviyorum, ya\u015fataca\u011f\u0131m&#8221;<\/p>\n<p>Semercilik mesle\u011fine 60 y\u0131l\u0131n\u0131 verdi\u011fini aktaran Zeybek, &#8220;Sar\u0131g\u00f6l, Ala\u015fehir, Buldan ve E\u015fme il\u00e7elerinden e\u015fek ve at semerlerini tamiratlar\u0131 getirmekteler. Bunlar\u0131 tamir etmekteyim. Bo\u015f kalmay\u0131 sevmiyorum. En sonunda semerlerin minyat\u00fcrlerini yapmaya ba\u015flad\u0131m. \u00c7ok be\u011fenildi. Sipari\u015fler almaktay\u0131m. \u0130ki g\u00fcnde minyat\u00fcr semer yap\u0131yorum. Bu bana haz veriyor. Bir yerde mesle\u011fimi devam ettirmenin sevincini ya\u015famaktay\u0131m\u2019\u2019 dedi.<\/p>\n<p>Minyat\u00fcr semerlerin genelde ev, i\u015f yerlerinde ve ara\u00e7larda s\u00fcs e\u015fyas\u0131 olarak kullan\u0131ld\u0131\u011f\u0131 \u00f6\u011frenildi.<\/p>\n","protected":false},"excerpt":{"rendered":"<p>SARIG\u00d6LL\u00dc SEMERC\u0130 USTASI OSMAN ZEYBEK(78),YOK OLAN MESLE\u011e\u0130N\u0130 M\u0130NYAT\u00dcR SEMERLER YAPARAK YA\u015eATMAYA \u00c7ALI\u015eIYOR.<\/p>\n","protected":false},"author":1,"featured_media":243164,"comment_status":"closed","ping_status":"open","sticky":false,"template":"","format":"standard","meta":{"jetpack_post_was_ever_published":false,"_jetpack_newsletter_access":"","_jetpack_dont_email_post_to_subs":false,"_jetpack_newsletter_tier_id":0,"_jetpack_memberships_contains_paywalled_content":false,"_jetpack_memberships_contains_paid_content":false,"footnotes":"","jetpack_publicize_message":"","jetpack_publicize_feature_enabled":true,"jetpack_social_post_already_shared":true,"jetpack_social_options":{"image_generator_settings":{"template":"highway","default_image_id":0,"font":"","enabled":false},"version":2}},"categories":[656],"tags":[6165,10531,60638,17276,22691],"class_list":["post-243163","post","type-post","status-publish","format-standard","has-post-thumbnail","hentry","category-kultur-sanat","tag-meslegini","tag-minyatur","tag-semer","tag-yaparak","tag-yasatiyor"],"jetpack_publicize_connections":[],"jetpack_featured_media_url":"https:\/\/i0.wp.com\/www.tvturk.com\/wp-content\/uploads\/2019\/12\/meslegini-minyatur-semer-yaparak-yasatiyor_b27c451.jpg?fit=1000%2C561","jetpack_sharing_enabled":true,"jetpack_shortlink":"https:\/\/wp.me\/paKIfm-11fZ","_links":{"self":[{"href":"http:\/\/www.tvturk.com\/index.php\/wp-json\/wp\/v2\/posts\/243163","targetHints":{"allow":["GET"]}}],"collection":[{"href":"http:\/\/www.tvturk.com\/index.php\/wp-json\/wp\/v2\/posts"}],"about":[{"href":"http:\/\/www.tvturk.com\/index.php\/wp-json\/wp\/v2\/types\/post"}],"author":[{"embeddable":true,"href":"http:\/\/www.tvturk.com\/index.php\/wp-json\/wp\/v2\/users\/1"}],"replies":[{"embeddable":true,"href":"http:\/\/www.tvturk.com\/index.php\/wp-json\/wp\/v2\/comments?post=243163"}],"version-history":[{"count":0,"href":"http:\/\/www.tvturk.com\/index.php\/wp-json\/wp\/v2\/posts\/243163\/revisions"}],"wp:featuredmedia":[{"embeddable":true,"href":"http:\/\/www.tvturk.com\/index.php\/wp-json\/wp\/v2\/media\/243164"}],"wp:attachment":[{"href":"http:\/\/www.tvturk.com\/index.php\/wp-json\/wp\/v2\/media?parent=243163"}],"wp:term":[{"taxonomy":"category","embeddable":true,"href":"http:\/\/www.tvturk.com\/index.php\/wp-json\/wp\/v2\/categories?post=243163"},{"taxonomy":"post_tag","embeddable":true,"href":"http:\/\/www.tvturk.com\/index.php\/wp-json\/wp\/v2\/tags?post=243163"}],"curies":[{"name":"wp","href":"https:\/\/api.w.org\/{rel}","templated":true}]}}