{"id":243165,"date":"2019-12-16T18:01:43","date_gmt":"2019-12-16T15:01:43","guid":{"rendered":"http:\/\/www.tvturk.com\/index.php\/cumhurbaskani-erdogan-somali-basbakani-hayriyi-kabul-etti\/"},"modified":"2019-12-16T18:01:43","modified_gmt":"2019-12-16T15:01:43","slug":"cumhurbaskani-erdogan-somali-basbakani-hayriyi-kabul-etti","status":"publish","type":"post","link":"http:\/\/www.tvturk.com\/index.php\/cumhurbaskani-erdogan-somali-basbakani-hayriyi-kabul-etti\/","title":{"rendered":"Cumhurba\u015fkan\u0131 Erdo\u011fan, Somali Ba\u015fbakan\u0131 Hayri\u2019yi kabul etti"},"content":{"rendered":"<p>Cumhurba\u015fkan\u0131 Recep Tayyip Erdo\u011fan, Cenevre temaslar\u0131 kapsam\u0131nda Somali Ba\u015fbakan\u0131 Hassan Ali Hayri\u2019yi kabul etti.<\/p>\n<p>Cumhurba\u015fkan\u0131 Recep Tayyip Erdo\u011fan, K\u00fcresel M\u00fclteci Forumu\u2019na kat\u0131lmak \u00fczere geldi\u011fi Cenevre\u2019de temaslar\u0131na ba\u015flad\u0131. Yerel saatle 11.30 s\u0131ralar\u0131nda Four Seasons Oteli\u2019ne giri\u015f yapan Cumhurba\u015fkan\u0131 Erdo\u011fan, ikili temaslar\u0131 kapsam\u0131nda Somali Ba\u015fbakan\u0131 Hassan Ali Hayri ile bir araya geldi. Four Seasons Hotel\u2019de ger\u00e7ekle\u015ftirilen g\u00f6r\u00fc\u015fme yerel saatle 15.00\u2019te ba\u015flad\u0131.<\/p>\n<p>G\u00f6r\u00fc\u015fmede Cumhurba\u015fkan\u0131 Erdo\u011fan\u2019a D\u0131\u015fi\u015fleri Bakan\u0131 Mevl\u00fct \u00c7avu\u015fo\u011flu, Hazine ve Maliye Bakan\u0131 Berat Albayrak, \u0130\u00e7i\u015fleri Bakan\u0131 S\u00fcleyman Soylu, Milli Savunma Bakan\u0131 Hulusi Akar, AK Parti Genel Ba\u015fkan Vekili Numan Kurtulmu\u015f, Cumhurba\u015fkanl\u0131\u011f\u0131 \u0130leti\u015fim Ba\u015fkan\u0131 Fahrettin Altun ve Cumhurba\u015fkan\u0131 Ba\u015fdan\u0131\u015fman\u0131 \u0130brahim Kal\u0131n e\u015flik etti.<\/p>\n","protected":false},"excerpt":{"rendered":"<p>CUMHURBA\u015eKANI RECEP TAYY\u0130P ERDO\u011eAN, CENEVRE TEMASLARI KAPSAMINDA SOMAL\u0130 BA\u015eBAKANI HASSAN AL\u0130 HAYR\u0130\u2019Y\u0130 KABUL ETT\u0130.<\/p>\n","protected":false},"author":1,"featured_media":243166,"comment_status":"closed","ping_status":"open","sticky":false,"template":"","format":"standard","meta":{"jetpack_post_was_ever_published":false,"_jetpack_newsletter_access":"","_jetpack_dont_email_post_to_subs":false,"_jetpack_newsletter_tier_id":0,"_jetpack_memberships_contains_paywalled_content":false,"_jetpack_memberships_contains_paid_content":false,"footnotes":"","jetpack_publicize_message":"","jetpack_publicize_feature_enabled":true,"jetpack_social_post_already_shared":true,"jetpack_social_options":{"image_generator_settings":{"template":"highway","default_image_id":0,"font":"","enabled":false},"version":2}},"categories":[10],"tags":[651,503,649,207,60639,654,32330],"class_list":["post-243165","post","type-post","status-publish","format-standard","has-post-thumbnail","hentry","category-dunya","tag-basbakani","tag-cumhurbaskani","tag-erdogan","tag-etti","tag-hayriyi","tag-kabul","tag-somali"],"jetpack_publicize_connections":[],"jetpack_featured_media_url":"https:\/\/i0.wp.com\/www.tvturk.com\/wp-content\/uploads\/2019\/12\/cumhurbaskani-erdogan-somali-basbakani-hayriyi-kabul-etti_433a601.jpg?fit=1000%2C741","jetpack_sharing_enabled":true,"jetpack_shortlink":"https:\/\/wp.me\/paKIfm-11g1","_links":{"self":[{"href":"http:\/\/www.tvturk.com\/index.php\/wp-json\/wp\/v2\/posts\/243165","targetHints":{"allow":["GET"]}}],"collection":[{"href":"http:\/\/www.tvturk.com\/index.php\/wp-json\/wp\/v2\/posts"}],"about":[{"href":"http:\/\/www.tvturk.com\/index.php\/wp-json\/wp\/v2\/types\/post"}],"author":[{"embeddable":true,"href":"http:\/\/www.tvturk.com\/index.php\/wp-json\/wp\/v2\/users\/1"}],"replies":[{"embeddable":true,"href":"http:\/\/www.tvturk.com\/index.php\/wp-json\/wp\/v2\/comments?post=243165"}],"version-history":[{"count":0,"href":"http:\/\/www.tvturk.com\/index.php\/wp-json\/wp\/v2\/posts\/243165\/revisions"}],"wp:featuredmedia":[{"embeddable":true,"href":"http:\/\/www.tvturk.com\/index.php\/wp-json\/wp\/v2\/media\/243166"}],"wp:attachment":[{"href":"http:\/\/www.tvturk.com\/index.php\/wp-json\/wp\/v2\/media?parent=243165"}],"wp:term":[{"taxonomy":"category","embeddable":true,"href":"http:\/\/www.tvturk.com\/index.php\/wp-json\/wp\/v2\/categories?post=243165"},{"taxonomy":"post_tag","embeddable":true,"href":"http:\/\/www.tvturk.com\/index.php\/wp-json\/wp\/v2\/tags?post=243165"}],"curies":[{"name":"wp","href":"https:\/\/api.w.org\/{rel}","templated":true}]}}