{"id":243167,"date":"2019-12-16T18:18:03","date_gmt":"2019-12-16T15:18:03","guid":{"rendered":"http:\/\/www.tvturk.com\/index.php\/ilkadimda-hedef-5-yilda-5-dunya-3-olimpiyat-sampiyonu\/"},"modified":"2019-12-16T18:18:03","modified_gmt":"2019-12-16T15:18:03","slug":"ilkadimda-hedef-5-yilda-5-dunya-3-olimpiyat-sampiyonu","status":"publish","type":"post","link":"http:\/\/www.tvturk.com\/index.php\/ilkadimda-hedef-5-yilda-5-dunya-3-olimpiyat-sampiyonu\/","title":{"rendered":"\u0130lkad\u0131m\u2019da hedef 5 y\u0131lda 5 d\u00fcnya 3 olimpiyat \u015fampiyonu"},"content":{"rendered":"<p>\u0130lkad\u0131m Belediye Ba\u015fkan\u0131 Necettin Demirta\u015f, \u201c\u0130lkad\u0131m Belediyespor olarak hedefimiz \u00f6n\u00fcm\u00fczdeki 5 y\u0131lda 5 d\u00fcnya, 3 olimpiyat \u015fampiyonu \u00e7\u0131karmak olacak\u201d dedi.<\/p>\n<p>\u0130srail\u2019in Eilat \u015fehrinde ger\u00e7ekle\u015ftirilen Y\u0131ld\u0131zlar ve U15 Avrupa Halter \u015eampiyonas\u0131\u2019ndan derece ile d\u00f6nen \u0130lkad\u0131m Belediye Spor Kul\u00fcb\u00fc sporcular\u0131 \u0130lkad\u0131m Belediye Ba\u015fkan\u0131 Necattin Demirta\u015f\u2019\u0131 ziyaret etti. \u0130lkad\u0131m Belediye Spor Kul\u00fcb\u00fc, 06-15 Aral\u0131k 2019 tarihleri aras\u0131 \u0130srail\u2019in Eilat \u015fehrinde ger\u00e7ekle\u015ftirilen Y\u0131ld\u0131zlar ve U15 Avrupa Halter \u015eampiyonas\u0131ndan 1 Avrupa \u015fampiyonu, 1 Avrupa \u00fc\u00e7\u00fcnc\u00fcs\u00fc ve bir Avrupa d\u00f6rd\u00fcnc\u00fcs\u00fc dereceleri ile d\u00f6nd\u00fc. Son d\u00f6nemde bir\u00e7ok ulusal ve uluslararas\u0131 m\u00fcsabakalarda ad\u0131ndan s\u00f6z ettirmeyi ba\u015faran \u0130lkad\u0131m Belediye Spor Kul\u00fcb\u00fc, h\u0131zla y\u00fckselen ba\u015far\u0131 ivmesinin ard\u0131ndan hedef y\u00fckseltti. 37 \u00fclkeden 498 sporcunun kat\u0131l\u0131m\u0131 ile ger\u00e7ekle\u015fen m\u00fcsabakadan ba\u015far\u0131 ile d\u00f6nen gen\u00e7 sporcular ve ailelerini makam\u0131nda a\u011f\u0131rlayan \u0130lkad\u0131m Belediye Ba\u015fkan\u0131 Necettin Demirta\u015f, spordaki hedefleri hakk\u0131nda a\u00e7\u0131klamalarda bulundu.<\/p>\n<p>Y\u0131ld\u0131zlar ve U15 Avrupa Halter \u015eampiyonas\u0131\u2019ndan 81 Kg\u2019da Avrupa \u015fampiyonu olan Esma Alper, 45 Kg\u2019da Avrupa \u00fc\u00e7\u00fcnc\u00fcs\u00fc olan Nurg\u00fcl Y\u00fcksel ve 55 Kg\u2019da Avrupa d\u00f6rd\u00fcnc\u00fcs\u00fc olan Ay\u015fe Ural kendilerine bu imkan\u0131 veren \u0130lkad\u0131m Belediye Ba\u015fkan\u0131 Necattin Demirta\u015f\u2019\u0131 ziyaret etti.<\/p>\n<p>Ziyarette \u0130lkad\u0131m\u2019\u0131n ad\u0131n\u0131 duyurmaktan mutluluk duydu\u011funu belirten Avrupa \u015fampiyonu Esma Alper, \u201cZorlu bir m\u00fcsabakadan Avrupa \u015fampiyonu olarak d\u00f6nmekten b\u00fcy\u00fck sevin\u00e7 duyuyorum. Bu m\u00fcsabakalara haz\u0131rlan\u0131rken en b\u00fcy\u00fck destek\u00e7imiz olan ailelerimize, antren\u00f6r\u00fcm\u00fcz G\u00f6khan G\u00f6kta\u015f hocam\u0131za, belediye \u00e7al\u0131\u015fanlar\u0131na ve en \u00f6nemlisi bize bu ba\u015far\u0131 i\u00e7in imkan sa\u011flayan \u0130lkad\u0131m Belediye Ba\u015fkan\u0131z Necattin Demirta\u015f\u2019a te\u015fekk\u00fcr ederiz. B\u00fct\u00fcn bu zorlu s\u00fcrecin sonunda ay y\u0131ld\u0131zl\u0131 bayra\u011f\u0131m\u0131z\u0131 g\u00f6ndere \u00e7ektirmek tarifsiz bir duygu\u201d diye konu\u015ftu.<\/p>\n<p>Demirta\u015f: \u201c\u0130lkad\u0131m\u2019\u0131n gururu sporcular\u0131m\u0131zla gurur duyuyoruz\u201d<\/p>\n<p>Son d\u00f6nemde bir\u00e7ok bran\u015fta kazan\u0131lan ba\u015far\u0131larla \u0130lkad\u0131m Belediye Spor Kul\u00fcb\u00fc olarak hedeflerini y\u00fckselttiklerini belirten \u0130lkad\u0131m Belediye Ba\u015fkan\u0131 Necattin Demirta\u015f ise \u015funlar\u0131 s\u00f6yledi:<\/p>\n<p>\u201c\u0130lkad\u0131m Belediye Spor Kul\u00fcb\u00fc sporcular\u0131m\u0131z s\u00fcrekli y\u00fckselen bir ba\u015far\u0131 ivmesi ile hem \u0130lkad\u0131m\u2019da hem Samsun\u2019da hem de \u00fclkemizde gurur kayna\u011f\u0131m\u0131z oluyor. Biz de bu ba\u015far\u0131lar\u0131 baz alarak \u00f6n\u00fcm\u00fczde ki 5 y\u0131ll\u0131k s\u00fcre\u00e7 i\u00e7in hedefimizi 5 d\u00fcnya, 3 olimpiyat \u015fampiyonlu\u011fu olarak belirledik. \u00d6te yandan da bu ba\u015far\u0131lar\u0131n devam\u0131 i\u00e7in sporcular\u0131m\u0131za altyap\u0131 imkanlar\u0131n\u0131 sa\u011flamay\u0131 s\u00fcrd\u00fcr\u00fcyoruz. Bu imkanlarla \u00f6zveri ve her \u015feyden \u00f6nce de ailelerinin deste\u011fini g\u00f6ren gen\u00e7 sporcular\u0131m\u0131z\u0131n daha da b\u00fcy\u00fck ba\u015far\u0131lara imza atacaklar\u0131ndan \u015f\u00fcphemiz yok. \u0130srail\u2019den \u015fampiyonluk ve derecelerle d\u00f6nen k\u0131zlar\u0131m\u0131z\u0131 tebrik ediyor ve ba\u015far\u0131lar\u0131n\u0131n devam\u0131n\u0131 diliyorum.\u201d<\/p>\n","protected":false},"excerpt":{"rendered":"<p>\u0130SRA\u0130L\u2019\u0130N E\u0130LAT \u015eEHR\u0130NDE GER\u00c7EKLE\u015eT\u0130R\u0130LEN YILDIZLAR VE U15 AVRUPA HALTER \u015eAMP\u0130YONASI\u2019NDAN DERECE \u0130LE D\u00d6NEN \u0130LKADIM BELED\u0130YE SPOR KUL\u00dcB\u00dc SPORCULARI \u0130LKADIM BELED\u0130YE BA\u015eKANI NECATT\u0130N DEM\u0130RTA\u015e\u2019I Z\u0130YARET ETT\u0130. \u0130LKADIM BELED\u0130YE SPOR KUL\u00dcB\u00dc, 06-15 ARALIK 2019 TAR\u0130HLER\u0130 ARASI \u0130SRA\u0130L\u2019\u0130N E\u0130LAT \u015eEHR\u0130NDE GER\u00c7EKLE\u015eT\u0130R\u0130LEN YILDIZLAR VE U15 AVRUPA HALTER \u015eAMP\u0130YONASINDAN 1 AVRUPA \u015eAMP\u0130YONU, 1 AVRUPA \u00dc\u00c7\u00dcNC\u00dcS\u00dc VE B\u0130R AVRUPA D\u00d6RD\u00dcNC\u00dcS\u00dc DERECELER\u0130 \u0130LE D\u00d6ND\u00dc. SON D\u00d6NEMDE B\u0130R\u00c7OK ULUSAL VE ULUSLARARASI M\u00dcSABAKALARDA ADINDAN S\u00d6Z ETT\u0130RMEY\u0130 BA\u015eARAN \u0130LKADIM BELED\u0130YE SPOR KUL\u00dcB\u00dc, HIZLA Y\u00dcKSELEN BA\u015eARI \u0130VMES\u0130N\u0130N ARDINDAN HEDEF Y\u00dcKSELTT\u0130. 37 \u00dcLKEDEN 498 SPORCUNUN KATILIMI \u0130LE GER\u00c7EKLE\u015eEN M\u00dcSABAKADAN BA\u015eARI \u0130LE D\u00d6NEN GEN\u00c7 SPORCULAR VE A\u0130LELER\u0130N\u0130 MAKAMINDA A\u011eIRLAYAN \u0130LKADIM BELED\u0130YE BA\u015eKANI NECETT\u0130N DEM\u0130RTA\u015e, SPORDAK\u0130 HEDEFLER\u0130 HAKKINDA A\u00c7IKLAMALARDA BULUNDU.<\/p>\n","protected":false},"author":1,"featured_media":243168,"comment_status":"closed","ping_status":"open","sticky":false,"template":"","format":"standard","meta":{"jetpack_post_was_ever_published":false,"_jetpack_newsletter_access":"","_jetpack_dont_email_post_to_subs":false,"_jetpack_newsletter_tier_id":0,"_jetpack_memberships_contains_paywalled_content":false,"_jetpack_memberships_contains_paid_content":false,"footnotes":"","jetpack_publicize_message":"","jetpack_publicize_feature_enabled":true,"jetpack_social_post_already_shared":true,"jetpack_social_options":{"image_generator_settings":{"template":"highway","default_image_id":0,"font":"","enabled":false},"version":2}},"categories":[657],"tags":[349,5560,2659,16466,2415,598],"class_list":["post-243167","post","type-post","status-publish","format-standard","has-post-thumbnail","hentry","category-spor","tag-dunya","tag-olimpiyat","tag-hedef","tag-ilkadimda","tag-sampiyonu","tag-yilda"],"jetpack_publicize_connections":[],"jetpack_featured_media_url":"https:\/\/i0.wp.com\/www.tvturk.com\/wp-content\/uploads\/2019\/12\/ilkadimda-hedef-5-yilda-5-dunya-3-olimpiyat-sampiyonu_5fbbbb6.jpg?fit=1000%2C562","jetpack_sharing_enabled":true,"jetpack_shortlink":"https:\/\/wp.me\/paKIfm-11g3","_links":{"self":[{"href":"http:\/\/www.tvturk.com\/index.php\/wp-json\/wp\/v2\/posts\/243167","targetHints":{"allow":["GET"]}}],"collection":[{"href":"http:\/\/www.tvturk.com\/index.php\/wp-json\/wp\/v2\/posts"}],"about":[{"href":"http:\/\/www.tvturk.com\/index.php\/wp-json\/wp\/v2\/types\/post"}],"author":[{"embeddable":true,"href":"http:\/\/www.tvturk.com\/index.php\/wp-json\/wp\/v2\/users\/1"}],"replies":[{"embeddable":true,"href":"http:\/\/www.tvturk.com\/index.php\/wp-json\/wp\/v2\/comments?post=243167"}],"version-history":[{"count":0,"href":"http:\/\/www.tvturk.com\/index.php\/wp-json\/wp\/v2\/posts\/243167\/revisions"}],"wp:featuredmedia":[{"embeddable":true,"href":"http:\/\/www.tvturk.com\/index.php\/wp-json\/wp\/v2\/media\/243168"}],"wp:attachment":[{"href":"http:\/\/www.tvturk.com\/index.php\/wp-json\/wp\/v2\/media?parent=243167"}],"wp:term":[{"taxonomy":"category","embeddable":true,"href":"http:\/\/www.tvturk.com\/index.php\/wp-json\/wp\/v2\/categories?post=243167"},{"taxonomy":"post_tag","embeddable":true,"href":"http:\/\/www.tvturk.com\/index.php\/wp-json\/wp\/v2\/tags?post=243167"}],"curies":[{"name":"wp","href":"https:\/\/api.w.org\/{rel}","templated":true}]}}