{"id":243181,"date":"2019-12-16T20:46:21","date_gmt":"2019-12-16T17:46:21","guid":{"rendered":"http:\/\/www.tvturk.com\/index.php\/emine-erdogan-turk-vatandaslarina-verilen-tum-saglik-hizmetleri-esit-ve-ucretsiz-olarak-multecilere-de-saglaniyor\/"},"modified":"2019-12-16T20:46:21","modified_gmt":"2019-12-16T17:46:21","slug":"emine-erdogan-turk-vatandaslarina-verilen-tum-saglik-hizmetleri-esit-ve-ucretsiz-olarak-multecilere-de-saglaniyor","status":"publish","type":"post","link":"http:\/\/www.tvturk.com\/index.php\/emine-erdogan-turk-vatandaslarina-verilen-tum-saglik-hizmetleri-esit-ve-ucretsiz-olarak-multecilere-de-saglaniyor\/","title":{"rendered":"Emine Erdo\u011fan: \u201cT\u00fcrk vatanda\u015flar\u0131na verilen t\u00fcm sa\u011fl\u0131k hizmetleri e\u015fit ve \u00fccretsiz olarak m\u00fcltecilere de sa\u011flan\u0131yor\u201d"},"content":{"rendered":"<p>Cumhurba\u015fkan\u0131 Recep Tayyip Erdo\u011fan\u2019\u0131n e\u015fi Emine Erdo\u011fan, Cenevre\u2019de ger\u00e7ekle\u015ftirilen \u201cDo\u011fumda Anne ve Bebek \u00d6l\u00fcmlerinin \u00d6nlenmesi i\u00e7in Proaktif Yakla\u015f\u0131m Benimsenmesi\u201d konulu panelde yapt\u0131\u011f\u0131 konu\u015fmada, \u201cAnne ve bebek sa\u011fl\u0131\u011f\u0131na y\u00f6nelik T\u00fcrk vatanda\u015flar\u0131na verilen t\u00fcm hizmetler e\u015fit ve \u00fccretsiz olarak m\u00fcltecilere de sa\u011flan\u0131yor. \u00c7\u00fcnk\u00fc kad\u0131nlar\u0131n ve \u00e7ocuklar\u0131n sa\u011fl\u0131k hizmetlerinden tam, e\u015fit ve en y\u00fcksek standartta faydalanmalar\u0131 temel insan haklar\u0131ndand\u0131r\u201d dedi.<\/p>\n<p>Cumhurba\u015fkan\u0131 Recep Tayyip Erdo\u011fan\u2019\u0131n 1. K\u00fcresel M\u00fclteci Forumu\u2019na kat\u0131lmak \u00fczere \u0130svi\u00e7re\u2019nin Cenevre kentine ger\u00e7ekle\u015ftirdi\u011fi ziyarete e\u015flik eden Emine Erdo\u011fan, forum kapsam\u0131nda d\u00fczenlenen &#8220;Harekete Ge\u00e7me Zaman\u0131: Do\u011fumda Anne ve Bebek \u00d6l\u00fcmlerinin \u00d6nlenmesi i\u00e7in Proaktif Yakla\u015f\u0131m Benimsenmesi&#8221; ba\u015fl\u0131kl\u0131 panele ana konu\u015fmac\u0131 olarak kat\u0131ld\u0131. Birle\u015fmi\u015f Milletler Cenevre Ofisi\u2019nde d\u00fczenlenen panel, BM\u2019nin Operasyonlardan Sorumlu M\u00fclteciler Y\u00fcksek Komiser Yard\u0131mc\u0131s\u0131 George Okoth-Obbo\u2019nun moderat\u00f6rl\u00fc\u011f\u00fcnde ger\u00e7ekle\u015fti. Emine Erdo\u011fan, panelde yapt\u0131\u011f\u0131 konu\u015fmada 17-18 Aral\u0131k\u2019ta T\u00fcrkiye\u2019nin e\u015f ba\u015fkanl\u0131\u011f\u0131nda d\u00fczenlenecek 1. K\u00fcresel M\u00fclteci Forumu\u2019nun insanl\u0131\u011f\u0131n kanayan yaras\u0131 olan m\u00fcltecilerin dertlerine kal\u0131c\u0131 \u00e7\u00f6z\u00fcmler \u00fcretmesi dile\u011finde bulundu. Birle\u015fmi\u015f Milletler M\u00fclteciler Y\u00fcksek Komiserli\u011fine davetlerinden \u00f6t\u00fcr\u00fc \u015f\u00fckranlar\u0131n\u0131 sunan Erdo\u011fan, T\u00fcrkiye\u2019nin yakla\u015f\u0131k 4 milyon m\u00fclteciyi a\u011f\u0131rlayarak d\u00fcnyan\u0131n a\u011f\u0131r y\u00fck\u00fcn\u00fc omuzlayan ve g\u00f6\u00e7 dalgalar\u0131yla gelenleri hi\u00e7bir ay\u0131r\u0131m yapmadan kucaklayan bir \u00fclke oldu\u011funu kaydetti.<\/p>\n<p>\u201c\u00dclkemiz sava\u015ftan, zul\u00fcmden ka\u00e7an herkes i\u00e7in yurt olmu\u015ftur\u201d<\/p>\n<p>Emine Erdo\u011fan, T\u00fcrkiye\u2019nin d\u00fcnyan\u0131n son derece k\u0131r\u0131lgan bir b\u00f6lgesinde yer ald\u0131\u011f\u0131na i\u015faret ederek, \u015f\u00f6yle devam etti:<\/p>\n<p>&#8220;\u00dclkemiz, kadim tarihimiz boyunca yaln\u0131zca T\u00fcrkler de\u011fil, sava\u015ftan, zul\u00fcmden, bask\u0131dan, ayr\u0131mc\u0131l\u0131ktan ka\u00e7an herkes i\u00e7in yurt olmu\u015ftur. Dolay\u0131s\u0131yla hayat kurtarma, ya\u015fam\u0131 yeniden tesis etme, kalk\u0131nd\u0131rma gibi alanlarda hat\u0131r\u0131 say\u0131l\u0131r bir tecr\u00fcbeye sahibiz. T\u00fcrkiye olarak bu tecr\u00fcbenin aktar\u0131lmas\u0131nda kap\u0131m\u0131z her t\u00fcrl\u00fc i\u015fbirli\u011fine ve dayan\u0131\u015fmaya sonuna kadar a\u00e7\u0131kt\u0131r. \u00dclkemizin yaralar\u0131 sarmadaki ba\u015far\u0131s\u0131nda T\u00fcrk halk\u0131n\u0131n yabanc\u0131ya g\u00f6sterdi\u011fi misafirperverli\u011fin katk\u0131s\u0131n\u0131 mutlaka belirtmeliyim. Halk\u0131m\u0131z yabanc\u0131dan korkmayan, onu Tanr\u0131 misafiri olarak g\u00f6ren bir reflekse sahiptir. Bizim i\u00e7in insan \u00fczerindeki t\u00fcm etiketlerden ba\u011f\u0131ms\u0131z olarak e\u015fittir. \u0130nsanca bir ya\u015fam ise herkesin temel hakk\u0131d\u0131r.&#8221;<\/p>\n<p>&#8220;B\u00fcy\u00fck bir memnuniyetle ifade etmek isterim ki \u00fclkemiz son 30 y\u0131lda bebek ve \u00e7ocuk \u00f6l\u00fcmlerini en h\u0131zl\u0131 d\u00fc\u015f\u00fcren ikinci \u00fclke konumundad\u0131r&#8221; diyen Emine Erdo\u011fan, &#8220;Bu proaktif tutum, m\u00fcltecileri de kapsamaktad\u0131r&#8221; ifadesini kulland\u0131. Erdo\u011fan, 2018\u2019de yap\u0131lan bir ara\u015ft\u0131rmaya g\u00f6re 2003-2008 y\u0131llar\u0131nda binde 42 olan bebek \u00f6l\u00fcmlerinin 2013-2018 y\u0131llar\u0131 aras\u0131nda binde 22\u2019ye d\u00fc\u015ft\u00fc\u011f\u00fcn\u00fc aktard\u0131.<\/p>\n<p>\u201cKad\u0131n ve \u00e7ocuklar\u0131n sa\u011fl\u0131k hizmetlerinden y\u00fcksek standartta faydalanmalar\u0131 temel insan haklar\u0131ndand\u0131r\u201d<\/p>\n<p>Anne ve bebek sa\u011fl\u0131\u011f\u0131na y\u00f6nelik T\u00fcrk vatanda\u015flar\u0131na verilen t\u00fcm hizmetlerin e\u015fit ve \u00fccretsiz olarak m\u00fcltecilere de sa\u011fland\u0131\u011f\u0131na vurgu yapan Emine Erdo\u011fan, &#8220;\u00c7\u00fcnk\u00fc kad\u0131nlar\u0131n ve \u00e7ocuklar\u0131n sa\u011fl\u0131k hizmetlerinden tam, e\u015fit ve en y\u00fcksek standartta faydalanmalar\u0131 temel insan haklar\u0131ndand\u0131r. Bu \u00e7er\u00e7evede g\u00fcvenli annelik, gebelikte beslenme gibi konularda e\u011fitimler veriyoruz. Anne \u00f6l\u00fcmlerini \u00d6l\u00fcm Bildirim Sistemimiz ile yak\u0131ndan izliyoruz&#8221; dedi.<\/p>\n<p>Emine Erdo\u011fan, her m\u00fclteci annenin \u00f6l\u00fcm\u00fcn\u00fcn T\u00fcrk vatanda\u015flar\u0131nda oldu\u011fu gibi bilim komisyonlar\u0131nca de\u011ferlendirildi\u011fini ve bulgular\u0131n t\u00fcm sa\u011fl\u0131k kurumlar\u0131nca bildirilerek \u00f6nleyici tedbirler al\u0131nd\u0131\u011f\u0131n\u0131 ifade etti. M\u00fcltecilere y\u00f6nelik hizmetleri s\u0131ralayan Emine Erdo\u011fan, t\u00fcm bunlar\u0131n yan\u0131nda tam te\u015fekk\u00fcll\u00fc bir kamu hastanesine uzak olan yerle\u015fim yerlerinde G\u00fc\u00e7lendirilmi\u015f G\u00f6\u00e7men Sa\u011fl\u0131\u011f\u0131 Merkezleri konsepti geli\u015ftirdiklerini anlatt\u0131.<\/p>\n<p>\u201cHer y\u0131l 100 binin \u00fczerinde Suriyeli bebe\u011fin hayatta kalmas\u0131 i\u00e7in b\u00fcy\u00fck \u00e7aba sarf ediyoruz\u201d<\/p>\n<p>Erdo\u011fan, bu merkezlerde temel sa\u011fl\u0131k hizmetlerinin yan\u0131nda d\u00e2hiliye, \u00e7ocuk ve kad\u0131n do\u011fum bran\u015flar\u0131nda hizmetler<\/p>\n<p>sa\u011fland\u0131\u011f\u0131n\u0131, h\u00e2lihaz\u0131rda 29 ilde 185 merkezde sa\u011fl\u0131k hizmeti verildi\u011fini belirtti. Emine Erdo\u011fan, T\u00fcrkiye\u2019nin anne ve \u00e7ocuk sa\u011fl\u0131\u011f\u0131na y\u00f6nelik verdi\u011fi \u00e7ok kapsaml\u0131 hizmetleri tek tek sayman\u0131n m\u00fcmk\u00fcn olmad\u0131\u011f\u0131n\u0131 dile getirerek, \u015funlar\u0131 kaydetti:<\/p>\n<p>&#8220;Her y\u0131l 100 binin \u00fczerinde do\u011fan Suriyeli bebe\u011fin hayatta kalmas\u0131 i\u00e7in b\u00fcy\u00fck \u00e7aba sarf ediyoruz. Kad\u0131n ve \u00e7ocuk sa\u011fl\u0131\u011f\u0131 hayat\u0131n ba\u015flang\u0131\u00e7 noktas\u0131 ve gelece\u011fin teminat\u0131d\u0131r. D\u00fcnyan\u0131n bir ucundaki insan\u0131n mutlulu\u011fu, d\u00fcnyan\u0131n huzurunu art\u0131r\u0131yor. Buna y\u00fcrekten inan\u0131yorum. Hi\u00e7 tan\u0131mad\u0131\u011f\u0131m\u0131z insanlar\u0131n g\u00f6zlerinden akan ya\u015flar ise t\u00fcm d\u00fcnyan\u0131n ya\u015fam kalitesini d\u00fc\u015f\u00fcr\u00fcyor. O nedenle g\u00fczel bir d\u00fcnya, mutlu bir ya\u015fam istiyorsak bunun herkesin ortak paydas\u0131 olmas\u0131 i\u00e7in \u00e7al\u0131\u015fmal\u0131y\u0131z. G\u00f6ky\u00fcz\u00fcn\u00fc sava\u015f u\u00e7aklar\u0131ndan ar\u0131nd\u0131r\u0131p \u00e7ocuklar\u0131n u\u00e7urtmalar\u0131na yer a\u00e7abilirsek, i\u015fte o zaman ya\u015fam\u0131n hakk\u0131n\u0131 verebiliriz.&#8221;<\/p>\n<p>Emine Erdo\u011fan, konu\u015fmas\u0131n\u0131n sonunda d\u00fcnyan\u0131n en k\u0131sa zamanda bar\u0131\u015fa ve huzura kavu\u015fmas\u0131n\u0131 temenni ederek, K\u00fcresel M\u00fclteci Forumu\u2019nun hay\u0131rlara vesile olmas\u0131n\u0131 diledi.<\/p>\n<p>Panelde Emine Erdo\u011fan\u2019\u0131n yan\u0131 s\u0131ra \u00dcrd\u00fcn Prensesi Sarah Zeid, Uganda Sa\u011fl\u0131k Bakan\u0131 Joyce Mariku Kaducu, Nansen M\u00fclteci \u00d6d\u00fcl\u00fc sahibi G\u00fcney Sudanl\u0131 m\u00fclteci Cerrah Evan Atar Adaha, Uluslararas\u0131 Kurtarma Komisyonu Ba\u015fkan Yard\u0131mc\u0131s\u0131 Alyoscia D\u2019Onofrio da birer konu\u015fma yapt\u0131. Panelde Aile, \u00c7al\u0131\u015fma ve Sosyal Hizmetler Bakan\u0131 Zehra Z\u00fcmr\u00fct Sel\u00e7uk, Gaziantep B\u00fcy\u00fck\u015fehir Belediye Ba\u015fkan\u0131 Fatma \u015eahin, Milli E\u011fitim Bakan Yard\u0131mc\u0131s\u0131 Reha Deneme\u00e7, Afet ve Acil Durum Y\u00f6netimi Ba\u015fkan\u0131 Mehmet G\u00fcll\u00fco\u011flu, Hazine ve Maliye Bakan\u0131 Berat Albayrak\u2019\u0131n e\u015fi Esra Albayrak, Milli Savunma Bakan\u0131 Hulusi Akar\u2019\u0131n e\u015fi \u015eule Akar, \u0130\u00e7i\u015fleri Bakan\u0131 S\u00fcleyman Soylu\u2019nun e\u015fi Hamdiye Soylu ve AK Parti Genel Ba\u015fkanvekili Numan Kurtulmu\u015f\u2019un e\u015fi Sevgi Kurtulmu\u015f da dinleyici olarak haz\u0131r bulundu.<\/p>\n","protected":false},"excerpt":{"rendered":"<p>CUMHURBA\u015eKANI RECEP TAYY\u0130P ERDO\u011eAN\u2019IN 1. K\u00dcRESEL M\u00dcLTEC\u0130 FORUMU&#8217;NA KATILMAK \u00dcZERE \u0130SV\u0130\u00c7RE&#8217;N\u0130N CENEVRE KENT\u0130NE GER\u00c7EKLE\u015eT\u0130RD\u0130\u011e\u0130 Z\u0130YARETE E\u015eL\u0130K EDEN EM\u0130NE ERDO\u011eAN, FORUM KAPSAMINDA D\u00dcZENLENEN &#8220;HAREKETE GE\u00c7ME ZAMANI: DO\u011eUMDA ANNE VE BEBEK \u00d6L\u00dcMLER\u0130N\u0130N \u00d6NLENMES\u0130 \u0130\u00c7\u0130N PROAKT\u0130F YAKLA\u015eIM BEN\u0130MSENMES\u0130&#8221; BA\u015eLIKLI PANELE ANA KONU\u015eMACI OLARAK KATILDI.<\/p>\n","protected":false},"author":1,"featured_media":243182,"comment_status":"closed","ping_status":"open","sticky":false,"template":"","format":"standard","meta":{"jetpack_post_was_ever_published":false,"_jetpack_newsletter_access":"","_jetpack_dont_email_post_to_subs":false,"_jetpack_newsletter_tier_id":0,"_jetpack_memberships_contains_paywalled_content":false,"_jetpack_memberships_contains_paid_content":false,"footnotes":"","jetpack_publicize_message":"","jetpack_publicize_feature_enabled":true,"jetpack_social_post_already_shared":true,"jetpack_social_options":{"image_generator_settings":{"template":"highway","default_image_id":0,"font":"","enabled":false},"version":2}},"categories":[10],"tags":[3444,649,8117,10615,22271,5030,30418,734,1325,957,324,13917,5055],"class_list":["post-243181","post","type-post","status-publish","format-standard","has-post-thumbnail","hentry","category-dunya","tag-emine","tag-erdogan","tag-esit","tag-hizmetleri","tag-multecilere","tag-olarak","tag-saglaniyor","tag-saglik","tag-tum","tag-turk","tag-ucretsiz","tag-vatandaslarina","tag-verilen"],"jetpack_publicize_connections":[],"jetpack_featured_media_url":"https:\/\/i0.wp.com\/www.tvturk.com\/wp-content\/uploads\/2019\/12\/emine-erdogan-turk-vatandaslarina-verilen-tum-saglik-hizmetleri-esit-ve-ucretsiz-olarak-multecilere-de-saglaniyor_8faec74.jpg?fit=1000%2C653","jetpack_sharing_enabled":true,"jetpack_shortlink":"https:\/\/wp.me\/paKIfm-11gh","_links":{"self":[{"href":"http:\/\/www.tvturk.com\/index.php\/wp-json\/wp\/v2\/posts\/243181","targetHints":{"allow":["GET"]}}],"collection":[{"href":"http:\/\/www.tvturk.com\/index.php\/wp-json\/wp\/v2\/posts"}],"about":[{"href":"http:\/\/www.tvturk.com\/index.php\/wp-json\/wp\/v2\/types\/post"}],"author":[{"embeddable":true,"href":"http:\/\/www.tvturk.com\/index.php\/wp-json\/wp\/v2\/users\/1"}],"replies":[{"embeddable":true,"href":"http:\/\/www.tvturk.com\/index.php\/wp-json\/wp\/v2\/comments?post=243181"}],"version-history":[{"count":0,"href":"http:\/\/www.tvturk.com\/index.php\/wp-json\/wp\/v2\/posts\/243181\/revisions"}],"wp:featuredmedia":[{"embeddable":true,"href":"http:\/\/www.tvturk.com\/index.php\/wp-json\/wp\/v2\/media\/243182"}],"wp:attachment":[{"href":"http:\/\/www.tvturk.com\/index.php\/wp-json\/wp\/v2\/media?parent=243181"}],"wp:term":[{"taxonomy":"category","embeddable":true,"href":"http:\/\/www.tvturk.com\/index.php\/wp-json\/wp\/v2\/categories?post=243181"},{"taxonomy":"post_tag","embeddable":true,"href":"http:\/\/www.tvturk.com\/index.php\/wp-json\/wp\/v2\/tags?post=243181"}],"curies":[{"name":"wp","href":"https:\/\/api.w.org\/{rel}","templated":true}]}}