{"id":243207,"date":"2019-12-16T23:16:26","date_gmt":"2019-12-16T20:16:26","guid":{"rendered":"http:\/\/www.tvturk.com\/index.php\/cumhurbaskani-erdogan-yurt-disinda-yasayan-her-bir-kardesimiz-turk-milletinin-temsilcisidir\/"},"modified":"2019-12-16T23:16:26","modified_gmt":"2019-12-16T20:16:26","slug":"cumhurbaskani-erdogan-yurt-disinda-yasayan-her-bir-kardesimiz-turk-milletinin-temsilcisidir","status":"publish","type":"post","link":"http:\/\/www.tvturk.com\/index.php\/cumhurbaskani-erdogan-yurt-disinda-yasayan-her-bir-kardesimiz-turk-milletinin-temsilcisidir\/","title":{"rendered":"Cumhurba\u015fkan\u0131 Erdo\u011fan: &#8220;Yurt d\u0131\u015f\u0131nda ya\u015fayan her bir karde\u015fimiz T\u00fcrk milletinin temsilcisidir&#8221;"},"content":{"rendered":"<p>Cumhurba\u015fkan\u0131 Recep Tayyip Erdo\u011fan, &#8220;Yurt d\u0131\u015f\u0131nda ya\u015fayan her bir karde\u015fimiz hangi k\u00f6kene, me\u015frebe, mezhebe ait olursa olsun T\u00fcrk milletinin temsilcisidir ve bizim g\u00f6z\u00fcm\u00fczde 82 milyon vatanda\u015f\u0131m\u0131zdan hi\u00e7bir fark\u0131 yoktur&#8221; dedi.<\/p>\n<p>Cumhurba\u015fkan\u0131 Recep Tayyip Erdo\u011fan, Yurtd\u0131\u015f\u0131 T\u00fcrkler ve Akraba Topluluklar Ba\u015fkanl\u0131\u011f\u0131 (YTB) taraf\u0131ndan Cenevre\u2019de d\u00fczenlenen &#8220;\u0130svi\u00e7re\u2019ye G\u00f6\u00e7\u2019\u00fcn 50\u2019nci Y\u0131l D\u00f6n\u00fcm\u00fc&#8221; program\u0131nda kat\u0131l\u0131mc\u0131lara hitap etti. Samimi misafirperverliklerinden dolay\u0131 \u0130svi\u00e7re makamlar\u0131na, etkinli\u011fi d\u00fczenleyen YTB ve destek veren sivil toplum kurulu\u015flar\u0131na \u015f\u00fckranlar\u0131n\u0131 sunan Cumhurba\u015fkan\u0131 Erdo\u011fan, &#8220;\u00d6zellikle bu sene T\u00fcrkiye\u2019den \u0130svi\u00e7re\u2019ye g\u00f6\u00e7\u00fcn 50\u2019nci y\u0131l\u0131n\u0131 geride b\u0131rak\u0131yoruz. Halihaz\u0131rda \u0130svi\u00e7re\u2019de 130 bine yak\u0131n karde\u015fimiz, soyda\u015f\u0131m\u0131z var. Bu topraklarda kendine hayat kuran, i\u015f kuran, gelece\u011fini yine burada g\u00f6ren siz karde\u015flerimize art\u0131k \u2019gurbet\u00e7i\u2019 de\u011fil \u2019Avrupal\u0131\u2019 diyoruz. Zira d\u00fcn \u2019ac\u0131 vatan\u2019 olan Avrupa, bug\u00fcn art\u0131k sizlerin yeni yurdu, ikinci vatan\u0131 haline geldi. \u00d6zellikle de tarihi g\u00f6\u00e7lerle dolu bir millet olarak bin y\u0131l \u00f6nce Orta Asya\u2019dan gelip Anadolu\u2019yu kendilerine yurt edinen atalar\u0131m\u0131z bununla yetinmemi\u015f, bir ayaklar\u0131n\u0131 Anadolu\u2019ya sabitleyip \u00f6tekiyle \u00fc\u00e7 k\u0131ta yedi iklimi kucaklam\u0131\u015flard\u0131r. Bug\u00fcn 50-60 y\u0131l \u00f6nce i\u015f i\u00e7in, evlerine helal r\u0131z\u0131k g\u00f6t\u00fcrmek i\u00e7in Avrupa yollar\u0131na d\u00fc\u015fen karde\u015flerimiz hamdolsun aradan ge\u00e7en s\u00fcrede k\u0131tan\u0131n tamam\u0131nda k\u00f6k sald\u0131&#8221; dedi.<\/p>\n<p>Yar\u0131m as\u0131r evvel Avrupa\u2019ya gelen birinci ku\u015fa\u011f\u0131n yerini d\u00f6rd\u00fcnc\u00fc ku\u015fa\u011fa b\u0131rakmaya ba\u015flad\u0131\u011f\u0131na i\u015faret eden Erdo\u011fan, &#8220;Art\u0131k sadece i\u015f\u00e7ilerimizden de\u011fil, yurt d\u0131\u015f\u0131nda ya\u015fayan i\u015f adamlar\u0131m\u0131zdan, siyaset\u00e7ilerimizden, akademisyenlerden bahsediyoruz. Sadece gurbet\u00e7ilerden de\u011fil, ana vatanla ba\u011f\u0131 g\u00fc\u00e7l\u00fc, siyasetten ticarete, sivil toplumdan i\u015f d\u00fcnyas\u0131na kadar her alanda varl\u0131k g\u00f6steren 6 milyonu a\u015fk\u0131n Avrupal\u0131 T\u00fcrklerden bahsediyoruz&#8221; ifadesini kulland\u0131.<\/p>\n<p>&#8220;Hi\u00e7 \u015f\u00fcphesiz bu noktalara kolay gelmediniz&#8221;<\/p>\n<p>\u0130svi\u00e7re\u2019ye gelen T\u00fcrklerin 50 y\u0131lda elde etti\u011fi ba\u015far\u0131lardan b\u00fcy\u00fck gurur duyduklar\u0131n\u0131 vurgulayan Erdo\u011fan \u015funlar\u0131 kaydetti:<\/p>\n<p>&#8220;Hi\u00e7 \u015f\u00fcphesiz bu noktalara kolay gelmediniz ve hepsinden \u00f6te son 50 y\u0131lda elde etti\u011fimiz her ba\u015far\u0131n\u0131n arkas\u0131nda her g\u00fcn\u00fc ac\u0131yla, hasretle, kimi zaman d\u0131\u015flanmakla \u00f6r\u00fclm\u00fc\u015f \u00e7ok b\u00fcy\u00fck bir m\u00fccadele vard\u0131r. Az \u00f6nce izledi\u011fimiz belgeselde bunlar\u0131n bir k\u0131sm\u0131na \u015fahit olduk. 46 y\u0131ld\u0131r burada bulunan Cem Karatekin kendi hayat hik\u00e2yesini, m\u00fccadelesini bizimle payla\u015ft\u0131. Ba\u015fard\u0131\u011f\u0131m\u0131z her \u015feyi \u00f6nce Allah\u2019\u0131n yard\u0131m\u0131na sonra eme\u011fimize, gayretimize, al\u0131n terimize bor\u00e7luyuz. Zorluklar kar\u015f\u0131s\u0131nda y\u0131lmadan, sab\u0131r ve metanet i\u00e7inde bu topraklarda tutunmaya, ayakta kalmaya \u00e7al\u0131\u015ft\u0131k. Geride b\u0131rakt\u0131klar\u0131m\u0131z\u0131n hasreti i\u00e7imizde b\u00fcy\u00fcse de hedeflerimizden asla vazge\u00e7medik. Geride b\u0131rakt\u0131\u011f\u0131m\u0131z yar\u0131m as\u0131r \u00f6zellikle gurbeti s\u0131laya \u00e7eviren her bir vatanda\u015f\u0131m\u0131n y\u00fcrek par\u00e7alay\u0131c\u0131 bir hik\u00e2yesi oldu\u011funu biliyorum. Bug\u00fcn burada her okudu\u011fumda kalbimi da\u011flayan birka\u00e7 anekdotu sizlerle \u00f6zellikle payla\u015fmak istiyorum. Bir vatanda\u015f\u0131m\u0131z gurbet maceras\u0131n\u0131 bak\u0131n\u0131z nas\u0131l kelimelere d\u00f6k\u00fcyor; \u2019Bizi \u00e7al\u0131\u015faca\u011f\u0131m\u0131z yere g\u00f6t\u00fcrd\u00fcklerinde buran\u0131n bir k\u00f6m\u00fcr madeni oldu\u011funu \u00f6\u011frendim, kimseye ses etmedim, hi\u00e7 kimseye bir \u015fey s\u00f6yleyemedim ama ben karanl\u0131ktan \u00e7ok korkard\u0131m. \u00d6yle ki uyurken bile biraz \u0131\u015f\u0131k isterdim. Ekmek derdine yerin bin 200 metre alt\u0131nda zifiri karanl\u0131kta tam 18 y\u0131l boyunca \u00e7al\u0131\u015ft\u0131m ama karanl\u0131k korkum ge\u00e7medi, hi\u00e7 ge\u00e7medi, ge\u00e7meyecek.\u2019 Bir ba\u015fka karde\u015fimiz; \u201918 sene Avrupa\u2019n\u0131n bir \u015fehrinde \u00e7al\u0131\u015ft\u0131k ama adres sormadan bir yeri \u00f6zellikle de sorgulamadan aray\u0131p da bulam\u0131yorduk, \u00e7\u00fcnk\u00fc biz 18 y\u0131l boyunca hep \u015fehrin alt\u0131n\u0131 g\u00f6rd\u00fck, \u00fcst\u00fcn\u00fc g\u00f6rmedik ki bilelim.\u2019 Sadece gurbete gidenler i\u00e7in de\u011fil geride b\u0131rakt\u0131klar\u0131 i\u00e7in de bu 50 y\u0131l ger\u00e7ekten zor olmu\u015ftur. Anne babas\u0131 gurbete giden bir evlad\u0131m\u0131z bu ayr\u0131l\u0131\u011f\u0131 \u015f\u00f6yle anlat\u0131yor; \u2019Bir kez olsun anneme doyas\u0131ya sar\u0131lamad\u0131m. 11 ay dile kolay, 11 ay beklerdim birlikte olaca\u011f\u0131m\u0131z o bir ay\u0131. B\u00fct\u00fcn \u00e7ocuklu\u011fum anneme sar\u0131labilece\u011fim, sesini duyabilece\u011fim, kokusunu hissedebilece\u011fim yaz tatilini beklemekle ge\u00e7erdi. Sonra bir yaz g\u00fcn\u00fc \u00e7\u0131kageldi daha ben ona doyamadan, bir kez olsun anneci\u011fim diyemeden bir r\u00fcya gibi hayat\u0131mdan \u00e7\u0131k\u0131p giderdi. Benim \u00e7ocuklu\u011fum annemi beklerken ya\u015fland\u0131.\u2019&#8221;<\/p>\n<p>Cumhurba\u015fkan\u0131 Erdo\u011fan, bu sene 50\u2019nci y\u0131l\u0131 geride kalan g\u00f6\u00e7 s\u00fcrecinin her bir a\u015famas\u0131n\u0131n hasret, ac\u0131 ve g\u00f6zya\u015f\u0131yla bezenmi\u015f hik\u00e2yelerle dolu oldu\u011funa i\u015faret etti. Gerek \u0130svi\u00e7re\u2019de, gerekse Avrupa\u2019n\u0131n di\u011fer \u00fclkelerinde kendilerine hayat kuran vatanda\u015flar\u0131 be\u015feri bir k\u00f6pr\u00fc olarak g\u00f6rd\u00fcklerini belirten Erdo\u011fan, T\u00fcrk toplumunun siyaset, ticaret, e\u011fitim, sosyal hayat ve sivil toplumdaki ba\u015far\u0131lar\u0131yla gurur duyduklar\u0131n\u0131 s\u00f6yledi. Erdo\u011fan, &#8220;Yurt d\u0131\u015f\u0131nda ya\u015fayan her bir karde\u015fimiz hangi k\u00f6kene, me\u015frebe, mezhebe ait olursa olsun T\u00fcrk milletinin temsilcisidir ve bizim g\u00f6z\u00fcm\u00fczde 82 milyon vatanda\u015f\u0131m\u0131zdan hi\u00e7bir fark\u0131 yoktur&#8221; diye konu\u015ftu.<\/p>\n<p>Bu anlay\u0131\u015fla d\u00fcnyan\u0131n 100\u2019e yak\u0131n \u00fclkesindeki vatanda\u015flara ula\u015ft\u0131klar\u0131n\u0131, onlar\u0131n dertleriyle, s\u0131k\u0131nt\u0131lar\u0131yla yak\u0131ndan ilgilendiklerini dile getiren Erdo\u011fan, son 17 y\u0131lda bu anlamda daha \u00f6nce hayal dahi edilemeyen tarihi pek \u00e7ok ad\u0131m att\u0131klar\u0131n\u0131 ifade etti. M\u00fcnhas\u0131ran yurt d\u0131\u015f\u0131nda ya\u015fayan vatanda\u015flar\u0131n sorunlar\u0131yla hemhal olmak \u00fczere Yurtd\u0131\u015f\u0131 T\u00fcrkler ve Akraba Topluluklar Ba\u015fkanl\u0131\u011f\u0131n\u0131 kurduklar\u0131n\u0131, T\u00fcrk dilinin ve k\u00fclt\u00fcr\u00fcn\u00fcn yayg\u0131nla\u015ft\u0131r\u0131lmas\u0131, gen\u00e7 nesillere aktar\u0131lmas\u0131 amac\u0131yla da d\u00fcnyan\u0131n her yerinde Yunus Emre Enstit\u00fcleri a\u00e7t\u0131klar\u0131n\u0131 anlatan Erdo\u011fan, d\u00fcnya \u00e7ap\u0131nda b\u00fcy\u00fckel\u00e7ilikler ve konsolosluklar\u0131n say\u0131s\u0131n\u0131 art\u0131rarak, vatanda\u015flar\u0131n devletine eri\u015fimini kolayla\u015ft\u0131rd\u0131klar\u0131n\u0131 vurgulad\u0131. Erdo\u011fan, Cenevre Ba\u015fkonsoloslu\u011funun vatanda\u015flara daha kaliteli hizmet verecek yeni ofis alan\u0131n\u0131n da ge\u00e7en ekim ay\u0131nda hizmete girdi\u011fini an\u0131msatt\u0131. Teknolojinin imk\u00e2nlar\u0131n\u0131 kullanarak yurt d\u0131\u015f\u0131ndaki vatanda\u015flar\u0131n i\u015flemlerini m\u00fcmk\u00fcn oldu\u011funca elektronik ortamda y\u00fcr\u00fctebilmesini sa\u011flad\u0131klar\u0131na de\u011finen Erdo\u011fan, s\u00f6zlerini \u015f\u00f6yle s\u00fcrd\u00fcrd\u00fc:<\/p>\n<p>&#8220;Demokrasinin en temel unsuru olan se\u00e7me hakk\u0131n\u0131z\u0131 rahat\u00e7a kullanabilmeniz i\u00e7in g\u00fcmr\u00fcklerin yan\u0131 s\u0131ra yurt d\u0131\u015f\u0131 temsilciliklerimizde de sand\u0131k kurduk. Bu uygulamadan 24 Haziran 2018 se\u00e7imlerinde 5\u2019inci defa istifade ettiniz. Her se\u00e7imde elde etti\u011fimiz tecr\u00fcbeler \u0131\u015f\u0131\u011f\u0131nda bu sistemi geli\u015ftiriyor, g\u00fcncelliyor, yerli yerine oturtuyoruz. Tapudan n\u00fcfus i\u015flemlerine, pasaport harc\u0131ndan diplomaya kadar pek \u00e7ok i\u015flemi kolayla\u015ft\u0131rd\u0131k, basitle\u015ftirdik. Pasaport ha\u00e7lar\u0131n\u0131 yurt d\u0131\u015f\u0131nda yerle\u015fik vatanda\u015flar i\u00e7in yar\u0131 yar\u0131ya d\u00fc\u015f\u00fcrd\u00fck. Yurt d\u0131\u015f\u0131nda ya\u015fayan vatanda\u015flar\u0131m\u0131za gayrimenkul sat\u0131\u015f\u0131nda KDV istisnas\u0131 tan\u0131d\u0131k. Siz karde\u015flerimizin de do\u011fum yard\u0131m\u0131 ile \u00e7eyiz ve ilk konut hesaplar\u0131ndan faydalanabilmesini sa\u011flad\u0131k.&#8221;<\/p>\n<p>&#8220;\u00d6nemli bir s\u0131k\u0131nt\u0131y\u0131 ortadan kald\u0131rd\u0131k&#8221;<\/p>\n<p>Avrupa\u2019da ya\u015fayan T\u00fcrk vatanda\u015flar\u0131n\u0131n sivil toplum \u00f6rg\u00fct\u00fc \u00e7at\u0131s\u0131 alt\u0131ndaki faaliyetlerini hep desteklediklerini an\u0131msatan Erdo\u011fan, &#8220;E\u011fitim konusunda ister bulunduklar\u0131 \u00fclkelerde ister kendi \u00fclkemizde olsun evlatlar\u0131m\u0131za \u00fcniversiteye giri\u015ften bar\u0131nmaya kadar her alanda kolayl\u0131klar sa\u011flad\u0131k. Yine yurt d\u0131\u015f\u0131ndaki evlatlar\u0131m\u0131zdan binlercesini d\u00fczenledi\u011fimiz programlarla \u00fclkemize getirerek tarihlerini, k\u00fclt\u00fcrlerini, medeniyetlerini yak\u0131ndan g\u00f6rmelerini temin ettik. Ya\u015fad\u0131klar\u0131 \u00fclkelerdeki ara\u00e7lar\u0131yla T\u00fcrkiye\u2019ye gelen vatanda\u015flar\u0131m\u0131z\u0131n bunlar\u0131 s\u0131n\u0131rlar\u0131m\u0131z i\u00e7inde kullanabilme s\u00fcrelerini 2 y\u0131la \u00e7\u0131kartarak, \u00f6nemli bir s\u0131k\u0131nt\u0131y\u0131 ortadan kald\u0131rd\u0131k&#8221; \u015feklinde konu\u015ftu.<\/p>\n<p>Mecliste kabul edilen iki d\u00fczenlemeyle yurt d\u0131\u015f\u0131nda ya\u015fayan vatanda\u015flar\u0131n \u00f6nemli bir sorununu daha \u00e7\u00f6z\u00fcme kavu\u015fturduklar\u0131na de\u011finen Erdo\u011fan, \u015f\u00f6yle devam etti:<\/p>\n<p>&#8220;Yurt d\u0131\u015f\u0131ndaki vatanda\u015flar\u0131m\u0131za vasi olarak atanan yabanc\u0131lar, T\u00fcrkiye\u2019deki sistemi tam bilmedikleri i\u00e7in ma\u011fduriyetler ya\u015f\u0131yordunuz. Bu ma\u011fduriyetlerin en \u00e7o\u011fu huzurevi, bak\u0131mevi, hastane ve hapishanelerde bulunan vatanda\u015flar\u0131m\u0131z\u0131n vasi kanal\u0131yla pasaport uzatma i\u015flemleri esnas\u0131nda oluyordu. Ayr\u0131ca bulundu\u011funuz \u00fclkedeki sosyal g\u00fcvenlik, sosyal yard\u0131m ve ikamet hakk\u0131 gibi en temel haklar\u0131n\u0131 kaybetme durumlar\u0131yla kar\u015f\u0131la\u015f\u0131yordunuz. Yeni d\u00fczenlemeyle yabanc\u0131 makamlarca atanan vasi ya da velinin karar\u0131n verildi\u011fi ilgili \u00fclkedeki d\u0131\u015f temsilciliklerimizde pasaport i\u015flemlerini yapabilmesinin \u00f6n\u00fcn\u00fc a\u00e7t\u0131k. Vatanda\u015fl\u0131k kanunumuzda yer alan \u2019anne-babas\u0131 birlikte vatanda\u015fl\u0131ktan \u00e7\u0131kan \u00e7ocuklar T\u00fcrk vatanda\u015fl\u0131\u011f\u0131n\u0131 resen kaybeder\u2019 h\u00fckm\u00fcn\u00fc kald\u0131rd\u0131k. B\u00f6ylece gen\u00e7lerimizin 18 ya\u015f\u0131nda \u00fclkemiz vatanda\u015fl\u0131\u011f\u0131nda kalabilmesine imk\u00e2n tan\u0131d\u0131k. \u0130n\u015fallah bundan sonra da sizlerin hayat\u0131n\u0131 kolayla\u015ft\u0131racak, s\u0131k\u0131nt\u0131lar\u0131n\u0131 gidecek ad\u0131mlar\u0131 atmay\u0131 s\u00fcrd\u00fcrece\u011fiz.&#8221;<\/p>\n<p>Salondakilere &#8220;T\u00fcrkiye ana vatan\u0131n\u0131z ancak \u0130svi\u00e7re de yuvan\u0131zd\u0131r&#8221; diye seslenen Erdo\u011fan, &#8220;Burada ya\u015f\u0131yor, burada \u00fcretiyor, \u00e7ocuklar\u0131n\u0131z\u0131 burada yeti\u015ftiriyorsunuz. Ana vatan ile ba\u011f\u0131n\u0131z\u0131 hi\u00e7bir \u015fekilde koparmadan \u0130svi\u00e7re toplumuna her zaman ve her zeminde e\u015fit kat\u0131l\u0131m\u0131n\u0131z\u0131 destekliyoruz. Asimilasyona ne kadar kar\u015f\u0131ysak, entegrasyonu da o derece kuvvetli bir \u015fekilde savunuyoruz. Bizler Avrupa\u2019da s\u0131\u011f\u0131nt\u0131 de\u011filiz, yabanc\u0131 de\u011filiz, \u00f6teki hi\u00e7 de\u011filiz&#8221; diye konu\u015ftu.<\/p>\n<p>&#8220;Avrupa\u2019da ev sahibiyiz&#8221;<\/p>\n<p>Cumhurba\u015fkan\u0131 Erdo\u011fan, \u015f\u00f6yle devam etti:<\/p>\n<p>&#8220;Biz tarih boyunca oldu\u011fu gibi bug\u00fcn de Avrupa\u2019da ev sahibiyiz. Sizler \u0130svi\u00e7re T\u00fcrk toplumu olarak Avrupa\u2019n\u0131n en \u00e7o\u011fulcu ve k\u00fclt\u00fcrel a\u00e7\u0131dan zengin \u00fclkesinde \u00e7al\u0131\u015f\u0131yor, ya\u015f\u0131yorsunuz. Bunun yan\u0131nda tarihiyle, k\u00fclt\u00fcr\u00fcyle, ho\u015fg\u00f6r\u00fcs\u00fcyle, medeniyet birikimiyle, mazlumlara sahip \u00e7\u0131k\u0131\u015f\u0131yla, d\u00fcnyan\u0131n en b\u00fcy\u00fck \u00fclkelerinden birinin T\u00fcrkiye Cumhuriyeti\u2019nin vatanda\u015flar\u0131s\u0131n\u0131z. As\u0131rlard\u0131r mazlum ve ma\u011fdurlara kap\u0131s\u0131n\u0131 a\u00e7arak t\u00fcm insanl\u0131\u011fa \u00f6rnek olmu\u015f, vicdanl\u0131 bir milletin evlatlar\u0131s\u0131n\u0131z. Sizlerden mensubu oldu\u011funuz milletinizden, dilinizden, k\u00fclt\u00fcr\u00fcn\u00fczden, en \u00f6nemlisi de bayra\u011f\u0131n\u0131zdan gurur duyman\u0131z\u0131 istiyorum. Bu bak\u0131mdan \u2019tek millet, tek bayrak, tek vatan, tek devlet\u2019 diyoruz. Yola b\u00f6yle devam edece\u011fiz.&#8221;<\/p>\n<p>\u00d6nceliklerinin yurt d\u0131\u015f\u0131nda ya\u015fayan T\u00fcrk gen\u00e7lerinin \u00fclkesine, yani T\u00fcrkiye\u2019ye ba\u011f\u0131ml\u0131 de\u011fil, ba\u011fl\u0131 bir anlay\u0131\u015fla yeti\u015fmeleri oldu\u011funun alt\u0131n\u0131 \u00e7izen Erdo\u011fan, &#8220;En b\u00fcy\u00fck temennimiz ise sizlerin \u0130svi\u00e7re\u2019de mensubu bulundu\u011funuz yerel siyasi partiler, sivil toplum kurulu\u015flar\u0131, i\u015f \u00e7evreleri, meslek \u00f6rg\u00fctleri ve e\u011fitim kurumlar\u0131 arac\u0131l\u0131\u011f\u0131yla siyaset, ekonomi ve k\u00fclt\u00fcr alanlar\u0131nda etkinli\u011finizi art\u0131rman\u0131zd\u0131r&#8221; dedi.<\/p>\n<p>&#8220;Dayan\u0131\u015fman\u0131z \u00e7ok \u00f6nemli&#8221;<\/p>\n<p>Cumhurba\u015fkan\u0131 Erdo\u011fan, bilhassa yabanc\u0131 kar\u015f\u0131tl\u0131\u011f\u0131, \u0130slam d\u00fc\u015fmanl\u0131\u011f\u0131 ve k\u00fclt\u00fcrel \u0131rk\u00e7\u0131l\u0131k gibi yurt d\u0131\u015f\u0131nda ya\u015fayan vatanda\u015flar\u0131n can ve mal g\u00fcvenli\u011fini do\u011frudan ilgilendiren konularda dayan\u0131\u015fman\u0131n \u00f6nemine dikkati \u00e7ekti. Norve\u00e7\u2019te 2011 y\u0131l\u0131nda ya\u015fanan Breivik katliam\u0131n\u0131 hat\u0131rlatan Erdo\u011fan, &#8220;\u00d6nlem al\u0131nmazsa, dikkatli olunmazsa \u0131rk\u00e7\u0131l\u0131\u011f\u0131n nelere sebebiyet verece\u011fini herkese g\u00f6stermi\u015ftir. Bar\u0131\u015f P\u0131nar\u0131 Harek\u00e2t\u0131m\u0131z sonras\u0131nda kimi Avrupa \u00fclkelerinde ya\u015fanan \u00fcz\u00fcc\u00fc hadiseler yurt d\u0131\u015f\u0131ndaki vatanda\u015flar\u0131m\u0131z i\u00e7in \u00e7etin s\u0131namalar\u0131n habercisidir. Daha \u00e7ok \u00e7al\u0131\u015farak, daha fazla \u00f6rg\u00fctlenerek, birlik ve beraberli\u011fimizi daha s\u0131k\u0131 tutarak bu s\u00fcreci de atlataca\u011f\u0131m\u0131za inan\u0131yorum&#8221; ifadesini kulland\u0131.<\/p>\n<p>Programa Cumhurba\u015fkan\u0131 Erdo\u011fan\u2019\u0131n e\u015fi Emine Erdo\u011fan, Aile, \u00c7al\u0131\u015fma ve Sosyal Hizmetler Bakan\u0131 Zehra Z\u00fcmr\u00fct Sel\u00e7uk, D\u0131\u015fi\u015fleri Bakan\u0131 Mevl\u00fct \u00c7avu\u015fo\u011flu, Hazine ve Maliye Bakan\u0131 Berat Albayrak, \u0130\u00e7i\u015fleri Bakan\u0131 S\u00fcleyman Soylu, Milli Savunma Bakan\u0131 Hulusi Akar, Sanayi ve Teknoloji Bakan\u0131 Mustafa Varank, AK Parti Genel Ba\u015fkanvekili Numan Kurtulmu\u015f, AK Parti Genel Ba\u015fkan yard\u0131mc\u0131lar\u0131 Leyla \u015eahin Usta ve Cevdet Y\u0131lmaz ile \u0130leti\u015fim Ba\u015fkan\u0131 Fahrettin Altun ve Cumhurba\u015fkanl\u0131\u011f\u0131 S\u00f6zc\u00fcs\u00fc \u0130brahim Kal\u0131n da kat\u0131ld\u0131. Etkinli\u011fin sonunda \u0130svi\u00e7re\u2019deki T\u00fcrk toplumuna katk\u0131lar\u0131ndan dolay\u0131 baz\u0131 vatanda\u015flara pl\u00e2ket tamdim edildi.<\/p>\n","protected":false},"excerpt":{"rendered":"<p>CUMHURBA\u015eKANI RECEP TAYY\u0130P ERDO\u011eAN, &#8220;YURT DI\u015eINDA YA\u015eAYAN HER B\u0130R KARDE\u015e\u0130M\u0130Z HANG\u0130 K\u00d6KENE, ME\u015eREBE, MEZHEBE A\u0130T OLURSA OLSUN T\u00dcRK M\u0130LLET\u0130N\u0130N TEMS\u0130LC\u0130S\u0130D\u0130R VE B\u0130Z\u0130M G\u00d6Z\u00dcM\u00dcZDE 82 M\u0130LYON VATANDA\u015eIMIZDAN H\u0130\u00c7B\u0130R FARKI YOKTUR&#8221; DED\u0130.<\/p>\n","protected":false},"author":1,"featured_media":243208,"comment_status":"closed","ping_status":"open","sticky":false,"template":"","format":"standard","meta":{"jetpack_post_was_ever_published":false,"_jetpack_newsletter_access":"","_jetpack_dont_email_post_to_subs":false,"_jetpack_newsletter_tier_id":0,"_jetpack_memberships_contains_paywalled_content":false,"_jetpack_memberships_contains_paid_content":false,"footnotes":"","jetpack_publicize_message":"","jetpack_publicize_feature_enabled":true,"jetpack_social_post_already_shared":true,"jetpack_social_options":{"image_generator_settings":{"template":"highway","default_image_id":0,"font":"","enabled":false},"version":2}},"categories":[10],"tags":[125,503,19951,649,73,60645,21920,60646,957,3462,6663],"class_list":["post-243207","post","type-post","status-publish","format-standard","has-post-thumbnail","hentry","category-dunya","tag-bir","tag-cumhurbaskani","tag-disinda","tag-erdogan","tag-her","tag-kardesimiz","tag-milletinin","tag-temsilcisidir","tag-turk","tag-yasayan","tag-yurt"],"jetpack_publicize_connections":[],"jetpack_featured_media_url":"https:\/\/i0.wp.com\/www.tvturk.com\/wp-content\/uploads\/2019\/12\/cumhurbaskani-erdogan-yurt-disinda-yasayan-her-bir-kardesimiz-turk-milletinin-temsilcisidir_a3b884f.jpg?fit=1000%2C666","jetpack_sharing_enabled":true,"jetpack_shortlink":"https:\/\/wp.me\/paKIfm-11gH","_links":{"self":[{"href":"http:\/\/www.tvturk.com\/index.php\/wp-json\/wp\/v2\/posts\/243207","targetHints":{"allow":["GET"]}}],"collection":[{"href":"http:\/\/www.tvturk.com\/index.php\/wp-json\/wp\/v2\/posts"}],"about":[{"href":"http:\/\/www.tvturk.com\/index.php\/wp-json\/wp\/v2\/types\/post"}],"author":[{"embeddable":true,"href":"http:\/\/www.tvturk.com\/index.php\/wp-json\/wp\/v2\/users\/1"}],"replies":[{"embeddable":true,"href":"http:\/\/www.tvturk.com\/index.php\/wp-json\/wp\/v2\/comments?post=243207"}],"version-history":[{"count":0,"href":"http:\/\/www.tvturk.com\/index.php\/wp-json\/wp\/v2\/posts\/243207\/revisions"}],"wp:featuredmedia":[{"embeddable":true,"href":"http:\/\/www.tvturk.com\/index.php\/wp-json\/wp\/v2\/media\/243208"}],"wp:attachment":[{"href":"http:\/\/www.tvturk.com\/index.php\/wp-json\/wp\/v2\/media?parent=243207"}],"wp:term":[{"taxonomy":"category","embeddable":true,"href":"http:\/\/www.tvturk.com\/index.php\/wp-json\/wp\/v2\/categories?post=243207"},{"taxonomy":"post_tag","embeddable":true,"href":"http:\/\/www.tvturk.com\/index.php\/wp-json\/wp\/v2\/tags?post=243207"}],"curies":[{"name":"wp","href":"https:\/\/api.w.org\/{rel}","templated":true}]}}