{"id":243209,"date":"2019-12-16T23:21:24","date_gmt":"2019-12-16T20:21:24","guid":{"rendered":"http:\/\/www.tvturk.com\/index.php\/unal-karaman-ic-sahada-boyle-haftada-kaybetmek-uzucu\/"},"modified":"2019-12-16T23:21:24","modified_gmt":"2019-12-16T20:21:24","slug":"unal-karaman-ic-sahada-boyle-haftada-kaybetmek-uzucu","status":"publish","type":"post","link":"http:\/\/www.tvturk.com\/index.php\/unal-karaman-ic-sahada-boyle-haftada-kaybetmek-uzucu\/","title":{"rendered":"\u00dcnal Karaman: &#8220;\u0130\u00e7 sahada b\u00f6yle haftada kaybetmek \u00fcz\u00fcc\u00fc&#8221;"},"content":{"rendered":"<p>Trabzonspor Teknik Direkt\u00f6r\u00fc \u00dcnal Karaman, ligde her tak\u0131m\u0131n kendine ait silah\u0131 ve g\u00fcc\u00fc oldu\u011funu belirterek, &#8220;Herkes ekme\u011finin derdinde. Bir \u015feylerin sava\u015f\u0131n\u0131 veriyor. Hi\u00e7bir m\u00fcsabaka kolay olmuyor. \u00d6ne ge\u00e7tikten sonra 2. gol pozisyonu oldu de\u011ferlendirsek daha farkl\u0131 \u015feyler olabilirdi&#8221; dedi.<\/p>\n<p>S\u00fcper Lig\u2019in 15. haftas\u0131nda Trabzonspor ile  Yukatel Denizlispor kar\u015f\u0131la\u015ft\u0131. M\u00fcsabakay\u0131 Yukatel Denizlispor 2-1 kazand\u0131.  Ma\u00e7\u0131n ard\u0131ndan d\u00fczenlenen bas\u0131n toplant\u0131s\u0131nda konu\u015fan Trabzonspor Teknik Direkt\u00f6r\u00fc \u00dcnal Karaman, &#8220;Her \u015feye ra\u011fmen b\u00f6yle bir haftada i\u00e7 sahada kaybetmek \u00fcz\u00fcc\u00fc. B\u00f6yle bir haftada taraftar\u0131m\u0131z\u0131n \u00f6n\u00fcnde kazanmak istedi\u011fimiz m\u00fcsabakayd\u0131, maalesef olmad\u0131. Sezon ba\u015f\u0131ndan beri b\u00fct\u00fcn m\u00fcsabakalarda belli riskleri alarak oynad\u0131k. Bu da bu m\u00fcsabakalardan bir tanesiydi. En az\u0131ndan biliyoruz ki ligde her tak\u0131m\u0131n kendine ait silah\u0131, g\u00fcc\u00fc var. Herkes ekme\u011finin derdinde. Bir \u015feylerin sava\u015f\u0131n\u0131 veriyor. Hi\u00e7bir m\u00fcsabaka kolay olmuyor. \u00d6ne ge\u00e7tikten sonra 2. gol pozisyonu oldu de\u011ferlendirsek daha farkl\u0131 \u015feyler olabilirdi. Her \u015feye ra\u011fmen i\u00e7 sahada b\u00f6yle haftada kaybetmek \u00fcz\u00fcc\u00fc. Ma\u00e7 kaybetti\u011fimiz i\u00e7in \u00fcz\u00fcl\u00fcyorum ama oyuncular\u0131ma daha da \u00fcz\u00fcl\u00fcyorum. Sezon ba\u015f\u0131ndan beri gere\u011finden fazla y\u00fcklendi\u011fimiz oyuncular var. Onlar da bug\u00fcn nas\u0131l performans sergilediklerinin fark\u0131nda. Onlara bir \u015fey diyecek durumda de\u011filim. \u015eu an beklentim antrenman eksi\u011fi olan oyuncular\u0131n bir an \u00f6nce bu eksikli\u011fini gidererek di\u011fer yorulan arkada\u015flar\u0131na saha i\u00e7inde \u00e7ok daha fazla \u00fcretim ad\u0131na katk\u0131 yaparak bizi mutlu etmesi. Sonu\u00e7ta ma\u00e7 kaybettik. Bu kay\u0131p ad\u0131na \u00fczg\u00fcn\u00fcm&#8221; dedi.<\/p>\n","protected":false},"excerpt":{"rendered":"<p>TRABZONSPOR TEKN\u0130K D\u0130REKT\u00d6R\u00dc \u00dcNAL KARAMAN, L\u0130GDE HER TAKIMIN KEND\u0130NE A\u0130T S\u0130LAHI, G\u00dcC\u00dc OLDU\u011eUNU BEL\u0130RTEREK, &#8220;HERKES EKME\u011e\u0130N\u0130N DERD\u0130NDE. B\u0130R \u015eEYLER\u0130N SAVA\u015eINI VER\u0130YOR. H\u0130\u00c7B\u0130R M\u00dcSABAKA KOLAY OLMUYOR. \u00d6NE GE\u00c7T\u0130KTEN SONRA 2. GOL POZ\u0130SYONU OLDU DE\u011eERLEND\u0130RSEK DAHA FARKLI \u015eEYLER OLAB\u0130L\u0130RD\u0130&#8221; DED\u0130.<\/p>\n","protected":false},"author":1,"featured_media":243210,"comment_status":"closed","ping_status":"open","sticky":false,"template":"","format":"standard","meta":{"jetpack_post_was_ever_published":false,"_jetpack_newsletter_access":"","_jetpack_dont_email_post_to_subs":false,"_jetpack_newsletter_tier_id":0,"_jetpack_memberships_contains_paywalled_content":false,"_jetpack_memberships_contains_paid_content":false,"footnotes":"","jetpack_publicize_message":"","jetpack_publicize_feature_enabled":true,"jetpack_social_post_already_shared":true,"jetpack_social_options":{"image_generator_settings":{"template":"highway","default_image_id":0,"font":"","enabled":false},"version":2}},"categories":[657],"tags":[6453,836,7032,5110,3774,5938,5877,5504],"class_list":["post-243209","post","type-post","status-publish","format-standard","has-post-thumbnail","hentry","category-spor","tag-kaybetmek","tag-boyle","tag-haftada","tag-ic","tag-karaman","tag-sahada","tag-unal","tag-uzucu"],"jetpack_publicize_connections":[],"jetpack_featured_media_url":"https:\/\/i0.wp.com\/www.tvturk.com\/wp-content\/uploads\/2019\/12\/unal-karaman-ic-sahada-boyle-haftada-kaybetmek-uzucu_9a3cb92.jpg?fit=1000%2C562","jetpack_sharing_enabled":true,"jetpack_shortlink":"https:\/\/wp.me\/paKIfm-11gJ","_links":{"self":[{"href":"http:\/\/www.tvturk.com\/index.php\/wp-json\/wp\/v2\/posts\/243209","targetHints":{"allow":["GET"]}}],"collection":[{"href":"http:\/\/www.tvturk.com\/index.php\/wp-json\/wp\/v2\/posts"}],"about":[{"href":"http:\/\/www.tvturk.com\/index.php\/wp-json\/wp\/v2\/types\/post"}],"author":[{"embeddable":true,"href":"http:\/\/www.tvturk.com\/index.php\/wp-json\/wp\/v2\/users\/1"}],"replies":[{"embeddable":true,"href":"http:\/\/www.tvturk.com\/index.php\/wp-json\/wp\/v2\/comments?post=243209"}],"version-history":[{"count":0,"href":"http:\/\/www.tvturk.com\/index.php\/wp-json\/wp\/v2\/posts\/243209\/revisions"}],"wp:featuredmedia":[{"embeddable":true,"href":"http:\/\/www.tvturk.com\/index.php\/wp-json\/wp\/v2\/media\/243210"}],"wp:attachment":[{"href":"http:\/\/www.tvturk.com\/index.php\/wp-json\/wp\/v2\/media?parent=243209"}],"wp:term":[{"taxonomy":"category","embeddable":true,"href":"http:\/\/www.tvturk.com\/index.php\/wp-json\/wp\/v2\/categories?post=243209"},{"taxonomy":"post_tag","embeddable":true,"href":"http:\/\/www.tvturk.com\/index.php\/wp-json\/wp\/v2\/tags?post=243209"}],"curies":[{"name":"wp","href":"https:\/\/api.w.org\/{rel}","templated":true}]}}