{"id":243215,"date":"2019-12-17T09:01:26","date_gmt":"2019-12-17T06:01:26","guid":{"rendered":"http:\/\/www.tvturk.com\/index.php\/lavanta-bali-yeni-gelir-kapisi-oldu-kilosu-150-lira\/"},"modified":"2019-12-17T09:01:26","modified_gmt":"2019-12-17T06:01:26","slug":"lavanta-bali-yeni-gelir-kapisi-oldu-kilosu-150-lira","status":"publish","type":"post","link":"http:\/\/www.tvturk.com\/index.php\/lavanta-bali-yeni-gelir-kapisi-oldu-kilosu-150-lira\/","title":{"rendered":"Lavanta bal\u0131 yeni gelir kap\u0131s\u0131 oldu: kilosu 150 lira"},"content":{"rendered":"<p>K\u0131r\u0131kkale\u2019de ar\u0131c\u0131l\u0131k yapan Ayd\u0131n Payar, bal orman\u0131na dikti\u011fi lavantadan \u00fcretece\u011fi bal\u0131n kilosunu 150 liradan sat\u0131\u015f yapaca\u011f\u0131n\u0131 belirtti.<\/p>\n<p>K\u0131r\u0131kkale\u2019nin Yah\u015fihan il\u00e7esine ba\u011fl\u0131 Irmak k\u00f6y\u00fcnde 28 y\u0131ld\u0131r ar\u0131c\u0131l\u0131k yapan Ayd\u0131n Payar (54), Orman \u0130\u015fletme M\u00fcd\u00fcrl\u00fc\u011f\u00fcnden de destek alarak Bal \u00dcretim Orman\u0131\u2019na dikti\u011fi bin 700 adet lavantan\u0131n \u00e7i\u00e7e\u011finden faydalanarak yeni sezonda ar\u0131lar\u0131ndan elde edece\u011fi bal\u0131n kilosunu 150 liradan sat\u0131\u015f yapmay\u0131 hedefliyor.<\/p>\n<p>\u201cBin 700 adet lavanta diktik\u201d<\/p>\n<p>Orman Genel M\u00fcd\u00fcrl\u00fc\u011f\u00fcne ait Bal \u00dcretim Orman\u0131na bin 700 adet lavanta dikimi yapt\u0131\u011f\u0131n\u0131 belirten Ayd\u0131n Payar, \u201cOrman \u0130\u015fletme M\u00fcd\u00fcrl\u00fc\u011f\u00fcm\u00fcz\u00fcn yapm\u0131\u015f oldu\u011fu ar\u0131c\u0131lara tahsis edildi. Buras\u0131 orman\u0131n i\u00e7i oldu\u011fu i\u00e7in ar\u0131lar \u00e7ok g\u00fczel bal yap\u0131yor. Do\u011fas\u0131 \u00e7ok canl\u0131. Egzoz gaz\u0131nda, asfaltta ve zirai ila\u00e7lardan uzakta bir yer. Burada \u015fuanda lavanta dikimi yap\u0131yoruz bin 700 tane\u201d dedi.<\/p>\n<p>\u201cLavanta bal\u0131n\u0131n kilosu 150 lira\u201d<\/p>\n<p>Payar, \u015f\u00f6yle devam etti:<\/p>\n<p>\u201cLavanta, Haziran sonunda a\u00e7\u0131yor \u00e7i\u00e7eklenme d\u00f6nemi bitti\u011finde do\u011fada. Haziran\u2019dan Kas\u0131m ay\u0131na kadar s\u00fcrekli \u00e7i\u00e7ek a\u00e7\u0131yor. Ar\u0131 bu \u00e7i\u00e7eklerde s\u00fcrekli polen al\u0131yor. \u00c7i\u00e7eklerden bal al\u0131yor. Lavanta bal\u0131 \u00e7ok kaliteli bir bal. Kilosu 150 liradan sat\u0131l\u0131yor. Di\u011fer illerde yapan arkada\u015flar\u0131m\u0131za da soruyoruz. Lavanta bal\u0131 stresi azalt\u0131yor, uykusuzlu\u011fu gideriyor, idrar s\u0131k\u0131nt\u0131s\u0131 ya\u015fayan arkada\u015flar\u0131n dertlerine deva oluyor. K\u0131r\u0131kkale\u2019de ilk kez lavanta bal\u0131n\u0131 biz yap\u0131yoruz. \u0130n\u015fallah \u00f6n\u00fcm\u00fczdeki d\u00f6nem baharda Temmuz\u2019da bu lavantadan bir fayda g\u00f6rece\u011fimize eminim. Biz buraya gelmeden \u00f6nce 20 kilogram bal al\u0131yorduk. Bu y\u0131l y\u00fczde 100 artt\u0131 gelirimiz. \u00c7\u00fcnk\u00fc k\u00f6ylerden zirai ila\u00e7lardan uzak oldu\u011fu i\u00e7in ar\u0131 etkilenmiyor. Gayet g\u00fczel verimden memnunuz.\u201d<\/p>\n<p>\u201cK\u0131\u015f g\u00fcn\u00fc yap\u0131yoruz bahara yeti\u015fsin diye\u201d<\/p>\n<p>K\u0131r\u0131kkale Orman \u0130\u015fletme M\u00fcd\u00fcrl\u00fc\u011f\u00fcnden lavanta deste\u011fi ald\u0131\u011f\u0131n\u0131 kaydeden Payar, \u201cLavanta deste\u011fi i\u00e7in Orman \u0130\u015fletme M\u00fcd\u00fcrl\u00fc\u011f\u00fcm\u00fcze \u00f6zellikle te\u015fekk\u00fcr ediyorum. Sa\u011f olsun m\u00fcd\u00fcr bey bize yard\u0131mc\u0131 oldu, lavanta getirtirdi. Arkada\u015flar\u0131m\u0131zla beraber dikimini yap\u0131yoruz. Bin 700 adet lavanta dikimi yapaca\u011f\u0131z \u015fuanda. Dikim bitmek \u00fczere k\u0131\u015f g\u00fcn\u00fc yap\u0131yoruz ki bahara yeti\u015fip a\u00e7s\u0131n diye\u201d \u015feklinde konu\u015ftu.<\/p>\n","protected":false},"excerpt":{"rendered":"<p>KIRIKKALE\u2019DE ARICILIK YAPAN AYDIN PAYAR, BAL ORMANINA D\u0130KT\u0130\u011e\u0130 LAVANTADAN \u00dcRETECE\u011e\u0130 BALIN K\u0130LOSUNU 150 L\u0130RADAN SATI\u015e YAPACA\u011eINI BEL\u0130RTT\u0130.<\/p>\n","protected":false},"author":1,"featured_media":243216,"comment_status":"closed","ping_status":"open","sticky":false,"template":"","format":"standard","meta":{"jetpack_post_was_ever_published":false,"_jetpack_newsletter_access":"","_jetpack_dont_email_post_to_subs":false,"_jetpack_newsletter_tier_id":0,"_jetpack_memberships_contains_paywalled_content":false,"_jetpack_memberships_contains_paid_content":false,"footnotes":"","jetpack_publicize_message":"","jetpack_publicize_feature_enabled":true,"jetpack_social_post_already_shared":true,"jetpack_social_options":{"image_generator_settings":{"template":"highway","default_image_id":0,"font":"","enabled":false},"version":2}},"categories":[19],"tags":[33462,2336,22586,6697,2035,1578,1881,77,87],"class_list":["post-243215","post","type-post","status-publish","format-standard","has-post-thumbnail","hentry","category-ekonomi","tag-lavanta","tag-2336","tag-bali","tag-gelir","tag-kapisi","tag-kilosu","tag-lira","tag-oldu","tag-yeni"],"jetpack_publicize_connections":[],"jetpack_featured_media_url":"https:\/\/i0.wp.com\/www.tvturk.com\/wp-content\/uploads\/2019\/12\/lavanta-bali-yeni-gelir-kapisi-oldu-kilosu-150-lira_64f3a1a.jpg?fit=1000%2C562","jetpack_sharing_enabled":true,"jetpack_shortlink":"https:\/\/wp.me\/paKIfm-11gP","_links":{"self":[{"href":"http:\/\/www.tvturk.com\/index.php\/wp-json\/wp\/v2\/posts\/243215","targetHints":{"allow":["GET"]}}],"collection":[{"href":"http:\/\/www.tvturk.com\/index.php\/wp-json\/wp\/v2\/posts"}],"about":[{"href":"http:\/\/www.tvturk.com\/index.php\/wp-json\/wp\/v2\/types\/post"}],"author":[{"embeddable":true,"href":"http:\/\/www.tvturk.com\/index.php\/wp-json\/wp\/v2\/users\/1"}],"replies":[{"embeddable":true,"href":"http:\/\/www.tvturk.com\/index.php\/wp-json\/wp\/v2\/comments?post=243215"}],"version-history":[{"count":0,"href":"http:\/\/www.tvturk.com\/index.php\/wp-json\/wp\/v2\/posts\/243215\/revisions"}],"wp:featuredmedia":[{"embeddable":true,"href":"http:\/\/www.tvturk.com\/index.php\/wp-json\/wp\/v2\/media\/243216"}],"wp:attachment":[{"href":"http:\/\/www.tvturk.com\/index.php\/wp-json\/wp\/v2\/media?parent=243215"}],"wp:term":[{"taxonomy":"category","embeddable":true,"href":"http:\/\/www.tvturk.com\/index.php\/wp-json\/wp\/v2\/categories?post=243215"},{"taxonomy":"post_tag","embeddable":true,"href":"http:\/\/www.tvturk.com\/index.php\/wp-json\/wp\/v2\/tags?post=243215"}],"curies":[{"name":"wp","href":"https:\/\/api.w.org\/{rel}","templated":true}]}}