{"id":243238,"date":"2019-12-17T09:46:36","date_gmt":"2019-12-17T06:46:36","guid":{"rendered":"http:\/\/www.tvturk.com\/index.php\/tcg-yavuz-firkateyni-samsunda\/"},"modified":"2019-12-17T09:46:36","modified_gmt":"2019-12-17T06:46:36","slug":"tcg-yavuz-firkateyni-samsunda","status":"publish","type":"post","link":"http:\/\/www.tvturk.com\/index.php\/tcg-yavuz-firkateyni-samsunda\/","title":{"rendered":"TCG Yavuz F\u0131rkateyni Samsun\u2019da"},"content":{"rendered":"<p>TCG Yavuz (F-240) adl\u0131 sava\u015f gemisi Karadeniz Uyum Harekat\u0131 kapsam\u0131nda Samsun\u2019a geldi.<\/p>\n<p>Karadeniz Uyum Harekat\u0131 kapsam\u0131nda TCG Yavuz (F-240) F\u0131rkateyni 17-20 Aral\u0131k tarihleri aras\u0131nda Samsun\u2019da liman ziyareti yapacak. Bu sabah Samsun Liman\u0131\u2019na demirleyen askeri gemi, halk\u0131n ziyaretine de a\u00e7\u0131lacak.<\/p>\n<p>Askeri gemi, 17 Aral\u0131k 2019 Sal\u0131 g\u00fcn\u00fc 09.00-12.00, 13.30-17.00, 18 Aral\u0131k 2019 \u00c7ar\u015famba g\u00fcn\u00fc 09.00-12.00, 13.30-17.00, 19 Aral\u0131k 2019 Per\u015fembe g\u00fcn\u00fc ise 09.00-12.00 ve 13.30-17.00 saatleri aras\u0131nda halk\u0131n ziyaretine a\u00e7\u0131lacak.<\/p>\n","protected":false},"excerpt":{"rendered":"<p>TCG YAVUZ (F-240) ADLI SAVA\u015e GEM\u0130S\u0130 KARADEN\u0130Z UYUM HAREKATI KAPSAMINDA SAMSUN\u2019A GELD\u0130.<\/p>\n","protected":false},"author":1,"featured_media":243239,"comment_status":"closed","ping_status":"open","sticky":false,"template":"","format":"standard","meta":{"jetpack_post_was_ever_published":false,"_jetpack_newsletter_access":"","_jetpack_dont_email_post_to_subs":false,"_jetpack_newsletter_tier_id":0,"_jetpack_memberships_contains_paywalled_content":false,"_jetpack_memberships_contains_paid_content":false,"footnotes":"","jetpack_publicize_message":"","jetpack_publicize_feature_enabled":true,"jetpack_social_post_already_shared":true,"jetpack_social_options":{"image_generator_settings":{"template":"highway","default_image_id":0,"font":"","enabled":false},"version":2}},"categories":[1],"tags":[21672,1862,12163,4586],"class_list":["post-243238","post","type-post","status-publish","format-standard","has-post-thumbnail","hentry","category-genel","tag-firkateyni","tag-samsunda","tag-tcg","tag-yavuz"],"jetpack_publicize_connections":[],"jetpack_featured_media_url":"https:\/\/i0.wp.com\/www.tvturk.com\/wp-content\/uploads\/2019\/12\/tcg-yavuz-firkateyni-samsunda_72443a0.jpg?fit=1000%2C553","jetpack_sharing_enabled":true,"jetpack_shortlink":"https:\/\/wp.me\/paKIfm-11hc","_links":{"self":[{"href":"http:\/\/www.tvturk.com\/index.php\/wp-json\/wp\/v2\/posts\/243238","targetHints":{"allow":["GET"]}}],"collection":[{"href":"http:\/\/www.tvturk.com\/index.php\/wp-json\/wp\/v2\/posts"}],"about":[{"href":"http:\/\/www.tvturk.com\/index.php\/wp-json\/wp\/v2\/types\/post"}],"author":[{"embeddable":true,"href":"http:\/\/www.tvturk.com\/index.php\/wp-json\/wp\/v2\/users\/1"}],"replies":[{"embeddable":true,"href":"http:\/\/www.tvturk.com\/index.php\/wp-json\/wp\/v2\/comments?post=243238"}],"version-history":[{"count":0,"href":"http:\/\/www.tvturk.com\/index.php\/wp-json\/wp\/v2\/posts\/243238\/revisions"}],"wp:featuredmedia":[{"embeddable":true,"href":"http:\/\/www.tvturk.com\/index.php\/wp-json\/wp\/v2\/media\/243239"}],"wp:attachment":[{"href":"http:\/\/www.tvturk.com\/index.php\/wp-json\/wp\/v2\/media?parent=243238"}],"wp:term":[{"taxonomy":"category","embeddable":true,"href":"http:\/\/www.tvturk.com\/index.php\/wp-json\/wp\/v2\/categories?post=243238"},{"taxonomy":"post_tag","embeddable":true,"href":"http:\/\/www.tvturk.com\/index.php\/wp-json\/wp\/v2\/tags?post=243238"}],"curies":[{"name":"wp","href":"https:\/\/api.w.org\/{rel}","templated":true}]}}