{"id":243240,"date":"2019-12-17T10:01:37","date_gmt":"2019-12-17T07:01:37","guid":{"rendered":"http:\/\/www.tvturk.com\/index.php\/yeni-yil-kutlamalari-basladi-narenciye-ihracati-artti\/"},"modified":"2019-12-17T10:01:37","modified_gmt":"2019-12-17T07:01:37","slug":"yeni-yil-kutlamalari-basladi-narenciye-ihracati-artti","status":"publish","type":"post","link":"http:\/\/www.tvturk.com\/index.php\/yeni-yil-kutlamalari-basladi-narenciye-ihracati-artti\/","title":{"rendered":"Yeni y\u0131l kutlamalar\u0131 ba\u015flad\u0131, narenciye ihracat\u0131 artt\u0131"},"content":{"rendered":"<p>Yurt d\u0131\u015f\u0131nda erken ba\u015flayan yeni y\u0131l kutlamalar\u0131, T\u00fcrkiye\u2019nin narenciye \u00fcretiminin 3\u2019te 1\u2019ini kar\u015f\u0131layan Adana\u2019da ihracat\u0131 artt\u0131rd\u0131.<\/p>\n<p>Yakla\u015fan yeni y\u0131l nedeniyle yurt d\u0131\u015f\u0131nda kutlamalar ba\u015flad\u0131. \u00dclkelerin narenciye \u00fcr\u00fcnlerini t\u00fcketme ihtiyac\u0131 ise kutlamalar nedeniyle artt\u0131. Bu ihtiyac\u0131 kar\u015f\u0131lamak \u00fczere hasat sezonunun ortalar\u0131na yakla\u015fan Adana\u2019da ise narenciye bah\u00e7elerinde yo\u011fun bir \u00e7al\u0131\u015fma s\u00fcrd\u00fcr\u00fcl\u00fcyor. Bir taraftan bah\u00e7elerde narenciyeler i\u015f\u00e7iler taraf\u0131ndan bin bir emekle toplan\u0131rken, \u00fcr\u00fcnlerin paketlenmesi i\u00e7in tesislerde 3 vardiya yap\u0131l\u0131yor.<\/p>\n<p>T\u00fcrkiye\u2019de y\u0131lda \u00fcretilen 5 milyon ton narenciyenin 1 bu\u00e7uk milyon tondan fazlas\u0131n\u0131 tek ba\u015f\u0131na \u00fcreten Adana\u2019da ise \u00fcretilen \u00fcr\u00fcn\u00fcn y\u00fczde 60\u2019\u0131 Rusya ve Ukrayna ba\u015fta olmak \u00fczere Avrupa ile Arap \u00fclkelerine ihra\u00e7 ediliyor. Portakal fiyatlar\u0131 bah\u00e7ede 1 lira 10 kuru\u015f ile 1 lira 20 kuru\u015f aras\u0131ndan, mandalina fiyatlar\u0131 1 bu\u00e7uk ile 2 bu\u00e7uk liradan, limon 2 ile 3 liradan, greyfurt ise 80 kuru\u015f ile 1 lira aras\u0131ndan sat\u0131l\u0131yor.<\/p>\n<p>Y\u00fcre\u011fir Ziraat Odas\u0131 Ba\u015fkan\u0131 Mehmet Ak\u0131n Do\u011fan, konuyla ilgili \u0130HA muhabirine yapt\u0131\u011f\u0131 a\u00e7\u0131klamada, bu sene narenciye \u00fcr\u00fcnlerinin veriminde d\u00fc\u015f\u00fc\u015f oldu\u011funu s\u00f6yledi.<\/p>\n<p>T\u00fcccar kazand\u0131<\/p>\n<p>Do\u011fan, bu sene \u00fcreticiden \u00e7ok t\u00fcccar\u0131n para kazand\u0131\u011f\u0131n\u0131 belirterek, \u201cMay\u0131s\u0131n son haftas\u0131 esen poyraz, meyveleri a\u011fa\u00e7tan \u00e7\u0131rp\u0131p att\u0131. \u00dcr\u00fcnlerde en az y\u00fczde 30 kay\u0131p oldu. B\u00f6yle olunca da meyve fiyatlar\u0131 ge\u00e7en y\u0131la g\u00f6re daha pahal\u0131ya gitti. \u00dcr\u00fcn az oldu\u011fundan dolay\u0131 \u00e7ift\u00e7imiz \u00e7okta para kazanamad\u0131. \u015eu an ge\u00e7ici dedi\u011fimiz Robinson Nova ile W. Murcott cinsi mandalinan\u0131n hasad\u0131na yeni ba\u015flan\u0131ld\u0131. Bu meyve de her y\u0131l 2 liran\u0131n alt\u0131ndayken bu y\u0131l 2 liran\u0131n \u00fczerinde. \u00dcreticilerimiz mutlu ama \u00e7o\u011fu \u00fcr\u00fcn\u00fc t\u00fcccara satt\u0131\u011f\u0131 i\u00e7in burada paray\u0131 t\u00fcccar kazand\u0131\u201d diye konu\u015ftu.<\/p>\n<p>Yeni y\u0131l \u00f6ncesi kutlamalara erken ba\u015flayan \u00fclkeler nedeniyle \u015fu anda sekt\u00f6rde hareket oldu\u011funu aktaran Y\u00fcre\u011fir Ziraat Odas\u0131 Ba\u015fkan\u0131 Mehmet Ak\u0131n Do\u011fan, \u201cYeni y\u0131l yakla\u015ft\u0131\u011f\u0131 i\u00e7in \u00fcr\u00fcnlerde istek var. Bah\u00e7elerde \u00fcr\u00fcnlerin h\u0131zl\u0131 bir \u015fekilde hasad\u0131 yap\u0131lmakta. \u0130\u015f\u00e7iler paketleme tesislerinde \u015fuanda yo\u011fun olarak \u00e7al\u0131\u015fmakta. Daha \u00f6nce meyve az oldu\u011fu i\u00e7in i\u015f\u00e7ilerin bir k\u0131sm\u0131 \u00e7al\u0131\u015f\u0131yordu bir k\u0131sm\u0131 \u00e7al\u0131\u015fm\u0131yordu. Y\u0131lba\u015f\u0131 nedeniyle \u00e7al\u0131\u015fmayan i\u015f\u00e7ilerde \u00e7al\u0131\u015f\u0131yor\u201d ifadelerini kulland\u0131.<\/p>\n","protected":false},"excerpt":{"rendered":"<p>\u00dcR\u00dcNLER\u0130N PAKETLENMES\u0130 \u0130\u00c7\u0130N TES\u0130SLERDE 3 VARD\u0130YA YAPILIYOR.<\/p>\n","protected":false},"author":1,"featured_media":243241,"comment_status":"closed","ping_status":"open","sticky":false,"template":"","format":"standard","meta":{"jetpack_post_was_ever_published":false,"_jetpack_newsletter_access":"","_jetpack_dont_email_post_to_subs":false,"_jetpack_newsletter_tier_id":0,"_jetpack_memberships_contains_paywalled_content":false,"_jetpack_memberships_contains_paid_content":false,"footnotes":"","jetpack_publicize_message":"","jetpack_publicize_feature_enabled":true,"jetpack_social_post_already_shared":true,"jetpack_social_options":{"image_generator_settings":{"template":"highway","default_image_id":0,"font":"","enabled":false},"version":2}},"categories":[19],"tags":[2929,55,2396,17842,19422,87,231],"class_list":["post-243240","post","type-post","status-publish","format-standard","has-post-thumbnail","hentry","category-ekonomi","tag-artti","tag-basladi","tag-ihracati","tag-kutlamalari","tag-narenciye","tag-yeni","tag-yil"],"jetpack_publicize_connections":[],"jetpack_featured_media_url":"https:\/\/i0.wp.com\/www.tvturk.com\/wp-content\/uploads\/2019\/12\/yeni-yil-kutlamalari-basladi-narenciye-ihracati-artti_162b47c.jpg?fit=1000%2C629","jetpack_sharing_enabled":true,"jetpack_shortlink":"https:\/\/wp.me\/paKIfm-11he","_links":{"self":[{"href":"http:\/\/www.tvturk.com\/index.php\/wp-json\/wp\/v2\/posts\/243240","targetHints":{"allow":["GET"]}}],"collection":[{"href":"http:\/\/www.tvturk.com\/index.php\/wp-json\/wp\/v2\/posts"}],"about":[{"href":"http:\/\/www.tvturk.com\/index.php\/wp-json\/wp\/v2\/types\/post"}],"author":[{"embeddable":true,"href":"http:\/\/www.tvturk.com\/index.php\/wp-json\/wp\/v2\/users\/1"}],"replies":[{"embeddable":true,"href":"http:\/\/www.tvturk.com\/index.php\/wp-json\/wp\/v2\/comments?post=243240"}],"version-history":[{"count":0,"href":"http:\/\/www.tvturk.com\/index.php\/wp-json\/wp\/v2\/posts\/243240\/revisions"}],"wp:featuredmedia":[{"embeddable":true,"href":"http:\/\/www.tvturk.com\/index.php\/wp-json\/wp\/v2\/media\/243241"}],"wp:attachment":[{"href":"http:\/\/www.tvturk.com\/index.php\/wp-json\/wp\/v2\/media?parent=243240"}],"wp:term":[{"taxonomy":"category","embeddable":true,"href":"http:\/\/www.tvturk.com\/index.php\/wp-json\/wp\/v2\/categories?post=243240"},{"taxonomy":"post_tag","embeddable":true,"href":"http:\/\/www.tvturk.com\/index.php\/wp-json\/wp\/v2\/tags?post=243240"}],"curies":[{"name":"wp","href":"https:\/\/api.w.org\/{rel}","templated":true}]}}