{"id":243250,"date":"2019-12-17T10:17:10","date_gmt":"2019-12-17T07:17:10","guid":{"rendered":"http:\/\/www.tvturk.com\/index.php\/musevilerin-hamursuz-bayraminda-tuketecekleri-findik-yagi-afyonkarahisardan-karsilaniyor\/"},"modified":"2019-12-17T10:17:10","modified_gmt":"2019-12-17T07:17:10","slug":"musevilerin-hamursuz-bayraminda-tuketecekleri-findik-yagi-afyonkarahisardan-karsilaniyor","status":"publish","type":"post","link":"http:\/\/www.tvturk.com\/index.php\/musevilerin-hamursuz-bayraminda-tuketecekleri-findik-yagi-afyonkarahisardan-karsilaniyor\/","title":{"rendered":"Musevilerin Hamursuz Bayram\u0131\u2019nda t\u00fcketecekleri f\u0131nd\u0131k ya\u011f\u0131 Afyonkarahisar\u2019dan kar\u015f\u0131lan\u0131yor"},"content":{"rendered":"<p>\u0130srail ve ABD ba\u015fta olmak \u00fczere \u0130ngiltere, \u0130talya\u2019da ya\u015fayan Musevilerin her y\u0131l kutlad\u0131\u011f\u0131 Hamursuz Bayram\u0131\u2019nda (Pesah) t\u00fcketilecek f\u0131nd\u0131k ya\u011flar\u0131 Afyonkarahisar\u2019da bir ya\u011f firmas\u0131 taraf\u0131ndan kar\u015f\u0131lan\u0131yor.<\/p>\n<p>Hamursuz Bayram\u0131\u2019nda t\u00fcketilecek f\u0131nd\u0131k ya\u011flar\u0131n\u0131n \u00fcretim s\u00fcrecini incelmek \u00fczere ABD\u2019den Afyonkarahisar\u2019a gelen din adam\u0131 Yahudan Taub, Afyonkarahisar\u2019daki fabrikan\u0131n f\u0131nd\u0131k ya\u011f\u0131n\u0131 be\u011fendiklerini s\u00f6yledi. Organize Sanayi B\u00f6lgesi\u2019ndeki (OSB) f\u0131nd\u0131k ya\u011f\u0131 \u00fcretilen fabrikada t\u00fcm \u00fcretim a\u015famalar\u0131 din adam\u0131 Taub\u2019un g\u00f6zetiminde ger\u00e7ekle\u015fiyor. Tedarik edilecek 5 konteyn\u0131r ya\u011f\u0131n tamamlanaca\u011f\u0131 g\u00fcne kadar fabrikada incelemelerini s\u00fcrd\u00fcrecek olan Taub, \u00fcretim s\u00fcreci tamamland\u0131\u011f\u0131nda tekrar ABD\u2019ye d\u00f6necek.<\/p>\n<p>FINDIK YA\u011eINI TR\u00dcK\u0130YE\u2019DEN ALIYORUZ<\/p>\n<p>Musevilerin nas\u0131l ya\u015famas\u0131 ve beslenmesi gerekti\u011fi kutsal kitaplar\u0131 Tevrat\u2019ta anlat\u0131ld\u0131\u011f\u0131n\u0131 dile getiren Taub, yapt\u0131\u011f\u0131 a\u00e7\u0131klamada, \u015funlar\u0131 s\u00f6yledi:<\/p>\n<p>&#8220;\u0130nanc\u0131m\u0131za g\u00f6re, 7 g\u00fcn boyunca hi\u00e7bir \u015fekilde maya ve tah\u0131l i\u00e7ermeyen \u00fcr\u00fcnler t\u00fcketiyoruz. Bu s\u00fcre\u00e7te tamamen a\u011fa\u00e7larda yeti\u015fen \u00fcr\u00fcnleri t\u00fcketiyoruz. Museviler de kendi aralar\u0131na b\u00f6l\u00fcnm\u00fc\u015fler. Bu b\u00f6l\u00fcnmeye kar\u015f\u0131l\u0131k kimileri pamuk ya\u011f\u0131 t\u00fcketebilirken bir\u00e7o\u011fumuz da t\u00fcketemiyor. Bu da yorumlamalarla ve din adamlar\u0131yla ilgili. Bu s\u00fcre\u00e7te \u00fcretilen ceviz ya\u011f\u0131, f\u0131nd\u0131k ya\u011f\u0131, badem ya\u011f\u0131 ve palmiye ya\u011f\u0131 i\u00e7erisinde en iyisinin f\u0131nd\u0131k ya\u011f\u0131 oldu\u011funu d\u00fc\u015f\u00fcn\u00fcyoruz. Bundan dolay\u0131 da f\u0131nd\u0131k ya\u011f\u0131n\u0131 T\u00fcrkiye\u2019den almay\u0131 tercih ediyoruz.&#8221;<\/p>\n<p>T\u00dcM \u0130\u015eLEMLER \u0130STED\u0130\u011e\u0130M\u0130Z G\u0130B\u0130 YAPILIYOR<\/p>\n<p>Taub, Kosher Sertifikas\u0131 gere\u011fince, alacaklar\u0131 \u00fcr\u00fcnlerin fabrikada sterilizasyonu yapt\u0131klar\u0131n\u0131 vurgulad\u0131. Alacaklar\u0131 \u00fcr\u00fcn\u00fcn ham maddesinin uygun oldu\u011funda verdikleri onayla \u00fcretimin ba\u015flad\u0131\u011f\u0131n\u0131 aktaran Taub, &#8220;Bunu her fabrika sa\u011flayam\u0131yor. \u00c7\u00fcnk\u00fc Kosher, bug\u00fcn Amerika\u2019ya gitti\u011finiz zaman \u0130SO ve HAS\u0130P gibi bir kalite belgesi olarak g\u00f6r\u00fcl\u00fcr. D\u00fcnyan\u0131n her yerinde art\u0131k bu \u015fekilde kabul ediliyor. Ben, T\u00fcrkiye\u2019ye ilk kez geldim. Bu fabrikay\u0131 da ilk defa g\u00f6r\u00fcyorum. Biz bu i\u015fi 20 y\u0131ld\u0131r yap\u0131yoruz. Bu fabrikan\u0131n bir\u00e7ok fabrikadan \u00e7ok daha ileri oldu\u011funu ve bu kurallara \u00e7ok sad\u0131k kald\u0131\u011f\u0131n\u0131 d\u00fc\u015f\u00fcn\u00fcyorum. G\u00f6n\u00fcl rahatl\u0131\u011f\u0131yla f\u0131nd\u0131k ya\u011f\u0131n\u0131 Kosher alt\u0131nda t\u00fcketilebilir. Benim bu konuda g\u00f6nl\u00fcm rahat. Fabrika sahiplerine de g\u00fcveniyorum. T\u00fcm i\u015flemler istedi\u011fimiz gibi yap\u0131l\u0131yor.&#8221; diye konu\u015ftu.<\/p>\n<p>5 KONTEYNERL\u0130K \u0130HRACATIMIZ VAR<\/p>\n<p>\u0130\u015fletmenin \u00dcretim M\u00fcd\u00fcr\u00fc Mehmet \u00c7ift\u00e7i de &#8220;Hamursuz Bayram\u0131&#8221; i\u00e7in yakla\u015f\u0131k 25 y\u0131ld\u0131r Yahudi din adamlar\u0131n\u0131n g\u00f6zetiminde \u00fcretimini yapt\u0131klar\u0131 s\u00f6yledi. F\u0131nd\u0131k ya\u011flar\u0131n\u0131 \u0130srail, ABD, \u0130ngiltere ve \u0130talya\u2019ya ihra\u00e7 ettiklerini ifade eden \u00c7ift\u00e7i; \u201cHer y\u0131l bayram \u00f6ncesi, din adamlar\u0131n\u0131n ya\u011f \u00fcretimini g\u00f6zlemlemek i\u00e7in fabrikam\u0131z geliyor. \u0130srail\u2019e ilk ihracat\u0131m\u0131z 1995 y\u0131l\u0131nda ba\u015flad\u0131. O y\u0131ldan beri de Musevi din adamlar\u0131 fabrikam\u0131za geliyorlar ve buradaki \u00fcretimin tamam\u0131nda bulunuyorlar. \u00dcr\u00fcnlerde herhangi bir kar\u0131\u015f\u0131m\u0131n olup olmad\u0131\u011f\u0131n\u0131 inceliyorlar. \u00dcr\u00fcnlerin kalitesi uygunsa ancak o zaman kabul ediyorlar. Kendisi, ABD\u2019den geldi ve oraya yap\u0131lacak 5 konteynerlik ihracat i\u00e7in burada\u201d konu\u015fmas\u0131n\u0131 tamamlad\u0131.<\/p>\n","protected":false},"excerpt":{"rendered":"<p>D\u0130N ADAMI YAHUDAN TAUB.<\/p>\n","protected":false},"author":1,"featured_media":243251,"comment_status":"closed","ping_status":"open","sticky":false,"template":"","format":"standard","meta":{"jetpack_post_was_ever_published":false,"_jetpack_newsletter_access":"","_jetpack_dont_email_post_to_subs":false,"_jetpack_newsletter_tier_id":0,"_jetpack_memberships_contains_paywalled_content":false,"_jetpack_memberships_contains_paid_content":false,"footnotes":"","jetpack_publicize_message":"","jetpack_publicize_feature_enabled":true,"jetpack_social_post_already_shared":true,"jetpack_social_options":{"image_generator_settings":{"template":"highway","default_image_id":0,"font":"","enabled":false},"version":2}},"categories":[1],"tags":[19294,24243,617,60657,35291,60656,60658,32821],"class_list":["post-243250","post","type-post","status-publish","format-standard","has-post-thumbnail","hentry","category-genel","tag-afyonkarahisardan","tag-bayraminda","tag-findik","tag-hamursuz","tag-karsilaniyor","tag-musevilerin","tag-tuketecekleri","tag-yagi"],"jetpack_publicize_connections":[],"jetpack_featured_media_url":"https:\/\/i0.wp.com\/www.tvturk.com\/wp-content\/uploads\/2019\/12\/musevilerin-hamursuz-bayraminda-tuketecekleri-findik-yagi-afyonkarahisardan-karsilaniyor_9e83085.jpg?fit=1000%2C664","jetpack_sharing_enabled":true,"jetpack_shortlink":"https:\/\/wp.me\/paKIfm-11ho","_links":{"self":[{"href":"http:\/\/www.tvturk.com\/index.php\/wp-json\/wp\/v2\/posts\/243250","targetHints":{"allow":["GET"]}}],"collection":[{"href":"http:\/\/www.tvturk.com\/index.php\/wp-json\/wp\/v2\/posts"}],"about":[{"href":"http:\/\/www.tvturk.com\/index.php\/wp-json\/wp\/v2\/types\/post"}],"author":[{"embeddable":true,"href":"http:\/\/www.tvturk.com\/index.php\/wp-json\/wp\/v2\/users\/1"}],"replies":[{"embeddable":true,"href":"http:\/\/www.tvturk.com\/index.php\/wp-json\/wp\/v2\/comments?post=243250"}],"version-history":[{"count":0,"href":"http:\/\/www.tvturk.com\/index.php\/wp-json\/wp\/v2\/posts\/243250\/revisions"}],"wp:featuredmedia":[{"embeddable":true,"href":"http:\/\/www.tvturk.com\/index.php\/wp-json\/wp\/v2\/media\/243251"}],"wp:attachment":[{"href":"http:\/\/www.tvturk.com\/index.php\/wp-json\/wp\/v2\/media?parent=243250"}],"wp:term":[{"taxonomy":"category","embeddable":true,"href":"http:\/\/www.tvturk.com\/index.php\/wp-json\/wp\/v2\/categories?post=243250"},{"taxonomy":"post_tag","embeddable":true,"href":"http:\/\/www.tvturk.com\/index.php\/wp-json\/wp\/v2\/tags?post=243250"}],"curies":[{"name":"wp","href":"https:\/\/api.w.org\/{rel}","templated":true}]}}