{"id":24326,"date":"2019-02-12T11:36:04","date_gmt":"2019-02-12T08:36:04","guid":{"rendered":"http:\/\/www.tvturk.com\/index.php\/agridan-eyofa-4-sporcu-katilim-sagliyor\/"},"modified":"2019-02-12T11:36:04","modified_gmt":"2019-02-12T08:36:04","slug":"agridan-eyofa-4-sporcu-katilim-sagliyor","status":"publish","type":"post","link":"http:\/\/www.tvturk.com\/index.php\/agridan-eyofa-4-sporcu-katilim-sagliyor\/","title":{"rendered":"A\u011fr\u0131\u2019dan Eyof\u2019a 4 sporcu kat\u0131l\u0131m sa\u011fl\u0131yor"},"content":{"rendered":"<p>A\u011fr\u0131 Gen\u00e7lik ve Spor \u0130l M\u00fcd\u00fcrl\u00fc\u011f\u00fc b\u00fcnyesinde \u00e7al\u0131\u015fmalar\u0131n\u0131 s\u00fcrd\u00fcren Kayakl\u0131 Ko\u015fu sporcular\u0131 2019 K\u0131\u015f Avrupa Gen\u00e7lik Olimpik Festivali (EYOF)\u2019ta temsil edecek.<\/p>\n<p>2019 K\u0131\u015f Avrupa Gen\u00e7lik Olimpik Festivali (EYOF), 9-16 \u015eubat tarihlerinde Bosna Hersek\u2019te ger\u00e7ekle\u015ftirilecek. D\u00fczenlenecek olan 2019 K\u0131\u015f Avrupa Gen\u00e7lik Olimpik Festivaline A\u011fr\u0131\u2019dan Kayakl\u0131 Ko\u015fu kategorisinde 4 sporcu m\u00fccadele edecek.<\/p>\n<p>Saraybosna ve Do\u011fu Saraybosna \u015fehirlerinde 8 bran\u015fta d\u00fczenlenecek organizasyonda 48 \u00fclkeden 14-18 ya\u015f grubunda yakla\u015f\u0131k 1500 sporcu m\u00fccadele edecek.<\/p>\n<p>\u0130ki y\u0131lda bir d\u00fczenlenen EYOF\u2019a T\u00fcrkiye Kayak Federasyonu\u2019ndan 4 bran\u015fta (Alp Disiplini, Biatlon, Kayakl\u0131 Ko\u015fu ve Snowboard) toplam 25 sporcu yer alacak. T\u00fcm haz\u0131l\u0131klar\u0131n\u0131 tamamlayan Milli tak\u0131m sporcular\u0131 bug\u00fcn Bosna Hersek\u2019e hareket gitti.<\/p>\n<p>A\u011fr\u0131\u2019dan EYOF\u2019a kat\u0131lacak T\u00fcrk sporcular\u0131n isimleri \u015f\u00f6yle:<\/p>\n<p>KAYAKLI KO\u015eU: Fatma Yavuz, Mehmet T\u00fcr\u00fcn, Salih Can Duman, Cihan Kartal.<\/p>\n","protected":false},"excerpt":{"rendered":"<p>A\u011eRI GEN\u00c7L\u0130K VE SPOR \u0130L M\u00dcD\u00dcRL\u00dc\u011e\u00dc B\u00dcNYES\u0130NDE \u00c7ALI\u015eMALARINI S\u00dcRD\u00dcREN KAYAKLI KO\u015eU SPORCULARI 2019 KI\u015e AVRUPA GEN\u00c7L\u0130K OL\u0130MP\u0130K FEST\u0130VAL\u0130 (EYOF)\u2019TA TEMS\u0130L EDECEK.<\/p>\n","protected":false},"author":1,"featured_media":24327,"comment_status":"closed","ping_status":"open","sticky":false,"template":"","format":"standard","meta":{"jetpack_post_was_ever_published":false,"_jetpack_newsletter_access":"","_jetpack_dont_email_post_to_subs":false,"_jetpack_newsletter_tier_id":0,"_jetpack_memberships_contains_paywalled_content":false,"_jetpack_memberships_contains_paid_content":false,"footnotes":"","jetpack_publicize_message":"","jetpack_publicize_feature_enabled":true,"jetpack_social_post_already_shared":false,"jetpack_social_options":{"image_generator_settings":{"template":"highway","default_image_id":0,"font":"","enabled":false},"version":2}},"categories":[657],"tags":[10222,10223,2315,4160,3895],"class_list":["post-24326","post","type-post","status-publish","format-standard","has-post-thumbnail","hentry","category-spor","tag-agridan","tag-eyofa","tag-katilim","tag-sagliyor","tag-sporcu"],"jetpack_publicize_connections":[],"jetpack_featured_media_url":"https:\/\/i0.wp.com\/www.tvturk.com\/wp-content\/uploads\/2019\/02\/agridan-eyofa-4-sporcu-katilim-sagliyor_ed9fc22.jpg?fit=540%2C578","jetpack_sharing_enabled":true,"jetpack_shortlink":"https:\/\/wp.me\/paKIfm-6km","_links":{"self":[{"href":"http:\/\/www.tvturk.com\/index.php\/wp-json\/wp\/v2\/posts\/24326","targetHints":{"allow":["GET"]}}],"collection":[{"href":"http:\/\/www.tvturk.com\/index.php\/wp-json\/wp\/v2\/posts"}],"about":[{"href":"http:\/\/www.tvturk.com\/index.php\/wp-json\/wp\/v2\/types\/post"}],"author":[{"embeddable":true,"href":"http:\/\/www.tvturk.com\/index.php\/wp-json\/wp\/v2\/users\/1"}],"replies":[{"embeddable":true,"href":"http:\/\/www.tvturk.com\/index.php\/wp-json\/wp\/v2\/comments?post=24326"}],"version-history":[{"count":0,"href":"http:\/\/www.tvturk.com\/index.php\/wp-json\/wp\/v2\/posts\/24326\/revisions"}],"wp:featuredmedia":[{"embeddable":true,"href":"http:\/\/www.tvturk.com\/index.php\/wp-json\/wp\/v2\/media\/24327"}],"wp:attachment":[{"href":"http:\/\/www.tvturk.com\/index.php\/wp-json\/wp\/v2\/media?parent=24326"}],"wp:term":[{"taxonomy":"category","embeddable":true,"href":"http:\/\/www.tvturk.com\/index.php\/wp-json\/wp\/v2\/categories?post=24326"},{"taxonomy":"post_tag","embeddable":true,"href":"http:\/\/www.tvturk.com\/index.php\/wp-json\/wp\/v2\/tags?post=24326"}],"curies":[{"name":"wp","href":"https:\/\/api.w.org\/{rel}","templated":true}]}}