{"id":243372,"date":"2019-12-17T12:32:20","date_gmt":"2019-12-17T09:32:20","guid":{"rendered":"http:\/\/www.tvturk.com\/index.php\/4-ilce-yusuf-icin-seferber-oldu\/"},"modified":"2019-12-17T12:32:20","modified_gmt":"2019-12-17T09:32:20","slug":"4-ilce-yusuf-icin-seferber-oldu","status":"publish","type":"post","link":"http:\/\/www.tvturk.com\/index.php\/4-ilce-yusuf-icin-seferber-oldu\/","title":{"rendered":"4 il\u00e7e Yusuf i\u00e7in seferber oldu"},"content":{"rendered":"<p>Bursa\u2019n\u0131n \u0130neg\u00f6l il\u00e7esinde ya\u015fayan ve do\u011fu\u015ftan serebral palsi (beyin felci) hastas\u0131 olan k\u00fc\u00e7\u00fck Yusuf i\u00e7in Bursa\u2019da yard\u0131m gecesi tertip edilecek.<\/p>\n<p>Orhaneli, Keles, B\u00fcy\u00fckorhan, Harmanc\u0131k ve Osmangazi\u2019ye Ba\u011fl\u0131 Da\u011f K\u00f6yleri Yard\u0131mla\u015fma ve K\u00fclt\u00fcr Derne\u011fi\u2019nin (DA\u011eDER), do\u011fu\u015ftan serebral palsi hastas\u0131 olan k\u00fc\u00e7\u00fck Yusuf i\u00e7in Bursa\u2019da yard\u0131m gecesi d\u00fczenliyor. Bedia Akart\u00fcrk\u2019\u00fcn sahne alaca\u011f\u0131 gecenin geliri Yusuf\u2019un tedavisi i\u00e7in kullan\u0131lacak.<\/p>\n<p>Minik Yusuf\u2019un k\u00f6k h\u00fccre tedavisi olabilmesi i\u00e7in 350 bin liraya ihtiya\u00e7 duyulurken, ailesi Yusuf\u2019u tedavi ettirebilmek daha \u00f6nceden valilik onayl\u0131 yard\u0131m kampanyas\u0131 ba\u015flatm\u0131\u015f, ama paran\u0131n tamam\u0131 toplanamam\u0131\u015ft\u0131. 7 ya\u015f\u0131ndaki Yusuf\u2019un annesi Havva Latifo\u011flu hay\u0131rseverlere seslenerek kendilerine destek olma \u00e7a\u011fr\u0131s\u0131nda bulundu. Havva Latifo\u011flu, o\u011flunun ya\u015f\u0131tlar\u0131 gibi ko\u015fup oynad\u0131\u011f\u0131n\u0131 g\u00f6rmek istedi\u011fini s\u00f6yleyerek, &#8220;O\u011flum Yusuf y\u00fcr\u00fcyemiyor, konu\u015fam\u0131yor, sadece anne diyebiliyor.<\/p>\n<p>Sa\u011fl\u0131k Bakanl\u0131\u011f\u0131 taraf\u0131ndan yap\u0131lan testler neticesinde k\u00f6k h\u00fccreye uygun bulundu. Bunun i\u00e7in valilik onayl\u0131 yard\u0131m kampanyas\u0131 ba\u015flatt\u0131k. Kampanyam\u0131za Haluk Levent ve hay\u0131rseverler de destek verdi, ama hala tedavi i\u00e7in istenen rakama ula\u015famad\u0131k. Toplam tedavi i\u00e7in 350 bin TL\u2019ye ihtiyac\u0131m\u0131z vard\u0131, \u015fu an toplanan rakam 240 bin TL civar\u0131nda. Ben bir anne olarak Yusuf\u2019un di\u011fer \u00e7ocuklar gibi y\u00fcr\u00fcmesini, konu\u015fmas\u0131n\u0131 istiyorum. DA\u011eDER\u2019in d\u00fczenleyece\u011fi yard\u0131m gecesinde kalan miktar\u0131n tamamlanaca\u011f\u0131n\u0131 \u00fcmit ediyorum. B\u00fct\u00fcn hay\u0131rseverlerden destek bekliyoruz. \u0130n\u015fallah o\u011flum k\u0131sa s\u00fcrede sa\u011fl\u0131\u011f\u0131na kavu\u015fur&#8221; dedi.<\/p>\n<p>DA\u011eDER\u2019in Yusuf i\u00e7in d\u00fczenleyece\u011fi yard\u0131m gecesi 20 aral\u0131k 2019 Cuma ak\u015fam\u0131 saat 18:30\u2019da Atat\u00fcrk Kapal\u0131 Spor Salonunda ger\u00e7ekle\u015ftirilecek.<\/p>\n","protected":false},"excerpt":{"rendered":"<p>4 \u0130L\u00c7E SEFERBER OLDU YUSUF Y\u00dcR\u00dcS\u00dcN D\u0130YE KAMPANYA BA\u015eLATTI<\/p>\n","protected":false},"author":1,"featured_media":243373,"comment_status":"closed","ping_status":"open","sticky":false,"template":"","format":"standard","meta":{"jetpack_post_was_ever_published":false,"_jetpack_newsletter_access":"","_jetpack_dont_email_post_to_subs":false,"_jetpack_newsletter_tier_id":0,"_jetpack_memberships_contains_paywalled_content":false,"_jetpack_memberships_contains_paid_content":false,"footnotes":"","jetpack_publicize_message":"","jetpack_publicize_feature_enabled":true,"jetpack_social_post_already_shared":true,"jetpack_social_options":{"image_generator_settings":{"template":"highway","default_image_id":0,"font":"","enabled":false},"version":2}},"categories":[1],"tags":[44,511,77,3577,5292],"class_list":["post-243372","post","type-post","status-publish","format-standard","has-post-thumbnail","hentry","category-genel","tag-icin","tag-ilce","tag-oldu","tag-seferber","tag-yusuf"],"jetpack_publicize_connections":[],"jetpack_featured_media_url":"https:\/\/i0.wp.com\/www.tvturk.com\/wp-content\/uploads\/2019\/12\/4-ilce-yusuf-icin-seferber-oldu_49cc726.jpg?fit=900%2C583","jetpack_sharing_enabled":true,"jetpack_shortlink":"https:\/\/wp.me\/paKIfm-11jm","_links":{"self":[{"href":"http:\/\/www.tvturk.com\/index.php\/wp-json\/wp\/v2\/posts\/243372","targetHints":{"allow":["GET"]}}],"collection":[{"href":"http:\/\/www.tvturk.com\/index.php\/wp-json\/wp\/v2\/posts"}],"about":[{"href":"http:\/\/www.tvturk.com\/index.php\/wp-json\/wp\/v2\/types\/post"}],"author":[{"embeddable":true,"href":"http:\/\/www.tvturk.com\/index.php\/wp-json\/wp\/v2\/users\/1"}],"replies":[{"embeddable":true,"href":"http:\/\/www.tvturk.com\/index.php\/wp-json\/wp\/v2\/comments?post=243372"}],"version-history":[{"count":0,"href":"http:\/\/www.tvturk.com\/index.php\/wp-json\/wp\/v2\/posts\/243372\/revisions"}],"wp:featuredmedia":[{"embeddable":true,"href":"http:\/\/www.tvturk.com\/index.php\/wp-json\/wp\/v2\/media\/243373"}],"wp:attachment":[{"href":"http:\/\/www.tvturk.com\/index.php\/wp-json\/wp\/v2\/media?parent=243372"}],"wp:term":[{"taxonomy":"category","embeddable":true,"href":"http:\/\/www.tvturk.com\/index.php\/wp-json\/wp\/v2\/categories?post=243372"},{"taxonomy":"post_tag","embeddable":true,"href":"http:\/\/www.tvturk.com\/index.php\/wp-json\/wp\/v2\/tags?post=243372"}],"curies":[{"name":"wp","href":"https:\/\/api.w.org\/{rel}","templated":true}]}}