{"id":243464,"date":"2019-12-17T14:32:07","date_gmt":"2019-12-17T11:32:07","guid":{"rendered":"http:\/\/www.tvturk.com\/index.php\/afyonkarahisarda-kadina-yonelik-siddetle-mucadele-konusunda-toplanti\/"},"modified":"2019-12-17T14:32:07","modified_gmt":"2019-12-17T11:32:07","slug":"afyonkarahisarda-kadina-yonelik-siddetle-mucadele-konusunda-toplanti","status":"publish","type":"post","link":"http:\/\/www.tvturk.com\/index.php\/afyonkarahisarda-kadina-yonelik-siddetle-mucadele-konusunda-toplanti\/","title":{"rendered":"Afyonkarahisar\u2019da \u2018Kad\u0131na Y\u00f6nelik \u015eiddetle M\u00fccadele\u2019 konusunda toplant\u0131"},"content":{"rendered":"<p>Afyonkarahisar\u2019da \u2018Kad\u0131na Y\u00f6nelik \u015eiddetle M\u00fccadele Koordinasyon Plan\u0131\u2019 \u00e7er\u00e7evesinde bir toplant\u0131 ger\u00e7ekle\u015ftirildi.<\/p>\n<p>Afyonkarahisar\u2019da Aile, \u00c7al\u0131\u015fma ve Sosyal Hizmetler Bakanl\u0131\u011f\u0131\u2019n\u0131n \u00f6nderli\u011finde ba\u015flat\u0131lan \u0130\u00e7i\u015fleri Bakanl\u0131\u011f\u0131, Adalet Bakanl\u0131\u011f\u0131, Milli E\u011fitim Bakanl\u0131\u011f\u0131, Sa\u011fl\u0131k Bakanl\u0131\u011f\u0131 ve Diyanet \u0130\u015fleri Ba\u015fkanl\u0131\u011f\u0131\u2019n\u0131n imzas\u0131yla y\u00fcr\u00fcrl\u00fc\u011fe giren 75 maddeden olu\u015fan \u2018Kad\u0131na Y\u00f6nelik \u015eiddetle M\u00fccadele Koordinasyon Plan\u0131\u2019n\u0131n toplant\u0131s\u0131 ger\u00e7ekle\u015ftirildi. Vali Mustafa Tutulmaz\u2019\u0131n ba\u015fkanl\u0131\u011f\u0131nda ger\u00e7ekle\u015ftirilen toplant\u0131ya \u0130kmal ve Garnizon Komutan\u0131 Tu\u011fg. Osman Alp, Belediye Ba\u015fkan\u0131 Mehmet Zeybek, Cumhuriyet Ba\u015fsavc\u0131s\u0131 Mustafa \u00c7elenk, AK\u00dc Rekt\u00f6r\u00fc Prof. Dr. Mehmet Karaka\u015f, AFS\u00dc Rekt\u00f6r\u00fc Prof. Dr. Nurullah Okumu\u015f, Kaymakamlar, ilgili kurum m\u00fcd\u00fcrleri, STK temsilcileri ve bas\u0131n mensuplar\u0131 kat\u0131ld\u0131.<\/p>\n<p>Vali Mustafa Tutulmaz yapt\u0131\u011f\u0131 a\u00e7\u0131klamada,  Aile \u0130\u00e7i \u015eiddet ve Kad\u0131na Y\u00f6nelik \u015eiddete y\u00f6nelik bir fark\u0131ndal\u0131k yarat\u0131lmas\u0131 ad\u0131na olu\u015fturulmu\u015f projenin il genelindeki uygulamas\u0131 ve koordinasyonuyla ilgili olarak toplant\u0131 yap\u0131ld\u0131\u011f\u0131n\u0131 s\u00f6yledi. Aile \u00c7al\u0131\u015fma ve Sosyal Hizmetler Bakanl\u0131\u011f\u0131n\u0131n \u00f6nderli\u011finde \u0130\u00e7i\u015fleri Bakanl\u0131\u011f\u0131, Adalet Bakanl\u0131\u011f\u0131, Milli E\u011fitim Bakanl\u0131\u011f\u0131, Sa\u011fl\u0131k Bakanl\u0131\u011f\u0131 ve Diyanet \u0130\u015fler Ba\u015fkanl\u0131\u011f\u0131n\u0131n ortak imzalad\u0131klar\u0131 Kad\u0131na Y\u00f6nelik \u015eiddetle M\u00fccadele Koordinasyon Plan\u0131\u2019n\u0131n 2020 &#8211; 2021 y\u0131llar\u0131n\u0131 kapsad\u0131\u011f\u0131n\u0131 s\u00f6yleyen Vali Mustafa Tutulmaz:<\/p>\n<p>\u201cBu plan \u00e7er\u00e7evesinde de\u011fi\u015fik Bakanl\u0131klara, Bakanl\u0131klar\u0131n il te\u015fkilatlar\u0131na ve Valili\u011fimize g\u00f6revler verilmi\u015f durumdad\u0131r. 75 maddeden olu\u015fan bu plan\u0131 bug\u00fcn hem sizlerle payla\u015faca\u011f\u0131z, hem sorumluluklar\u0131 olan kurumlar\u0131n bu alanda bug\u00fcne kadar yapt\u0131klar\u0131 ve yapabileceklerini birlikte de\u011ferlendirece\u011fiz. Bug\u00fcn 81 vilayette ayn\u0131 saatte bu toplant\u0131 ger\u00e7ekle\u015ftiriliyor. Toplant\u0131da Garnizon Komutan\u0131m\u0131z, Belediye Ba\u015fkan\u0131m\u0131z, Rekt\u00f6rlerimiz, Ba\u015fsavc\u0131m\u0131z, Baromuz, Emniyet ve Jandarma, N\u00fcfus, Aile \u00c7al\u0131\u015fma ve Sosyal Hizmetler, Sa\u011fl\u0131k, Milli E\u011fitim M\u00fcd\u00fcrlerimiz, Kaymakamlar\u0131m\u0131z ve kad\u0131na y\u00f6nelik \u015fiddetle do\u011frudan ilgili alt birimler toplant\u0131da yer almaktad\u0131r\u201d dedi.<\/p>\n<p>\u015e\u0130DDET\u0130 TOPLUM OLARAK G\u00dcNDEM\u0130M\u0130ZDEN \u00c7IKARMALIYIZ<\/p>\n<p>Toplant\u0131da 6284 say\u0131l\u0131 Ailenin Korunmas\u0131 ve Kad\u0131na Kar\u015f\u0131 \u015eiddetin \u00d6nlenmesine Dair Kanun kapsam\u0131nda olay say\u0131lar\u0131, ba\u015fvuru say\u0131lar\u0131, kanun kapsam\u0131ndaki al\u0131nan tedbirlerin niteli\u011fi, uygulamada kar\u015f\u0131la\u015f\u0131lan sorunlar ve bu sorunlar\u0131n giderilmesi i\u00e7in yap\u0131lacak i\u015flemler il ve il\u00e7e d\u00fczeyinde ele al\u0131naca\u011f\u0131 bilgisini veren Vali Mustafa Tutulmaz:<\/p>\n<p>\u201cBug\u00fcn ilk toplant\u0131m\u0131z\u0131 burada birlikte yap\u0131yoruz. Cuma g\u00fcn\u00fc de Kaymakamlar\u0131m\u0131z\u0131n ba\u015fkanl\u0131\u011f\u0131nda il\u00e7elerimizde benzer bir toplant\u0131 yap\u0131lacak. Bu toplant\u0131lardan kas\u0131t \u015fudur; kamuoyuyla payla\u015fmak ad\u0131na \u00fcz\u00fcc\u00fc olaylar bizim ne tarihimizin ne gelene\u011fimizin ne de inanc\u0131m\u0131z\u0131n kabul edebilece\u011fi \u015feyler de\u011fildir. \u015eiddeti kesinlikle toplum olarak g\u00fcndemimizden \u00e7\u0131karmam\u0131z gerekir. Bu konuda kamu kurum ve kurulu\u015flar\u0131 \u00fczerine d\u00fc\u015fen g\u00f6revleri fazlas\u0131yla yapmalar\u0131 gereklidir. Sivil toplum kurulu\u015flar\u0131 yine bu konuda sorumluluk almal\u0131d\u0131rlar. Toplumumuzu bu \u015fiddet sarmal\u0131ndan \u00e7\u0131karmam\u0131z laz\u0131m\u201d diye konu\u015ftu.<\/p>\n<p>\u015e\u0130DDET\u0130N HER T\u00dcRL\u00dcS\u00dcNE \u2019AMA\u2019 DEMEDEN KAR\u015eI \u00c7IKMALIYIZ<\/p>\n<p>\u00dclkemizdeki \u015fiddet olaylar\u0131n\u0131n d\u00fcnya ortalamas\u0131n\u0131n \u00e7ok \u00e7ok alt\u0131nda oldu\u011funa dikkat \u00e7eken Vali Mustafa Tutulmaz, bunun \u00fclkemiz ad\u0131na sevindirici oldu\u011funu belirtti. Biz \u015fiddetin her t\u00fcrl\u00fcs\u00fcne kar\u015f\u0131y\u0131z diyen Vali Mustafa Tutulmaz: \u201cTabi her cinayeti muhakkak kad\u0131na y\u00f6nelik \u015fiddet veya aile i\u00e7i gibi de alg\u0131lamamam\u0131z gerekiyor. Zaman zaman ba\u015fka nedenlerle \u015fiddet olabiliyor. Kad\u0131n erke\u011fe, baba \u00e7ocu\u011fa, \u00e7ocuk babaya \u015fiddet uygulayabiliyor. Bunlar\u0131 toplumda g\u00f6r\u00fcyoruz. Toplum olarak \u015funu kabul etmemiz gerekiyor. \u201cBiz \u015fiddetin her t\u00fcrl\u00fcs\u00fcne kar\u015f\u0131y\u0131z\u201d demeliyiz ve bu y\u00f6nde hepimiz hareket etmeliyiz. \u015eiddetin kimden, nas\u0131l, ne \u015fekilde geldi\u011fi hi\u00e7 \u00f6nemli de\u011fildir. \u015eiddetin her t\u00fcrl\u00fcs\u00fcne her ortamda \u2019ama\u2019 demeden kar\u015f\u0131 \u00e7\u0131kmam\u0131z gerekir\u201d \u015feklinde konu\u015ftu.<\/p>\n<p>\u015e\u0130DDET\u0130 G\u00dcNDEMDE TUTMAMALIYIZ<\/p>\n<p>\u015eiddet olaylar\u0131n\u0131n g\u00fcndeme \u00e7ok fazla ta\u015f\u0131nmamas\u0131 gerekti\u011fini kaydeden Vali Mustafa Tutulmaz: \u201cBaz\u0131 durumlar salg\u0131n hastal\u0131k gibi yay\u0131labiliyor. \u0130\u015fte intihar vakalar\u0131 bunlardan birisi. Buna benzer \u00e7ok fazla olay var. Bunlar\u0131 g\u00fcndemde tutmamak gerekiyor. Yani insanlar\u0131n \u015fiddeti bir \u00e7\u00f6z\u00fcm yolu olarak ak\u0131llar\u0131n\u0131n bir k\u00f6\u015fesinden ge\u00e7irmemeleri i\u00e7in bu t\u00fcr \u015feyleri g\u00fcndemde de fazla tutmamal\u0131y\u0131z. Tedbiri de sonuna kadar alarak ilgili t\u00fcm kurumlar g\u00f6revini sonuna kadar yapmal\u0131. Ancak dedi\u011fim gibi bu t\u00fcr konular\u0131 \u00e7ok fazla g\u00fcndemde tutmamal\u0131y\u0131z diye d\u00fc\u015f\u00fcn\u00fcyorum\u201d dedi.<\/p>\n<p>Vali Tutulmaz\u2019\u0131n konu\u015fmas\u0131n\u0131n ard\u0131ndan toplant\u0131 Aile, \u00c7al\u0131\u015fma ve Sosyal Hizmetler \u0130l M\u00fcd\u00fcr Vekili Ya\u015fin Evcin\u2019in sunumu ile bas\u0131na kapal\u0131 devam etti.<\/p>\n","protected":false},"excerpt":{"rendered":"<p>VAL\u0130 MUSTAFA TUTULMAZ.<\/p>\n","protected":false},"author":1,"featured_media":243465,"comment_status":"closed","ping_status":"open","sticky":false,"template":"","format":"standard","meta":{"jetpack_post_was_ever_published":false,"_jetpack_newsletter_access":"","_jetpack_dont_email_post_to_subs":false,"_jetpack_newsletter_tier_id":0,"_jetpack_memberships_contains_paywalled_content":false,"_jetpack_memberships_contains_paid_content":false,"footnotes":"","jetpack_publicize_message":"","jetpack_publicize_feature_enabled":true,"jetpack_social_post_already_shared":true,"jetpack_social_options":{"image_generator_settings":{"template":"highway","default_image_id":0,"font":"","enabled":false},"version":2}},"categories":[1],"tags":[894,3713,272,888,11855,5758,1843],"class_list":["post-243464","post","type-post","status-publish","format-standard","has-post-thumbnail","hentry","category-genel","tag-afyonkarahisarda","tag-kadina","tag-konusunda","tag-mucadele","tag-siddetle","tag-toplanti","tag-yonelik"],"jetpack_publicize_connections":[],"jetpack_featured_media_url":"https:\/\/i0.wp.com\/www.tvturk.com\/wp-content\/uploads\/2019\/12\/afyonkarahisarda-kadina-yonelik-siddetle-mucadele-konusunda-toplanti_f8b51c7.jpg?fit=1000%2C664","jetpack_sharing_enabled":true,"jetpack_shortlink":"https:\/\/wp.me\/paKIfm-11kQ","_links":{"self":[{"href":"http:\/\/www.tvturk.com\/index.php\/wp-json\/wp\/v2\/posts\/243464","targetHints":{"allow":["GET"]}}],"collection":[{"href":"http:\/\/www.tvturk.com\/index.php\/wp-json\/wp\/v2\/posts"}],"about":[{"href":"http:\/\/www.tvturk.com\/index.php\/wp-json\/wp\/v2\/types\/post"}],"author":[{"embeddable":true,"href":"http:\/\/www.tvturk.com\/index.php\/wp-json\/wp\/v2\/users\/1"}],"replies":[{"embeddable":true,"href":"http:\/\/www.tvturk.com\/index.php\/wp-json\/wp\/v2\/comments?post=243464"}],"version-history":[{"count":0,"href":"http:\/\/www.tvturk.com\/index.php\/wp-json\/wp\/v2\/posts\/243464\/revisions"}],"wp:featuredmedia":[{"embeddable":true,"href":"http:\/\/www.tvturk.com\/index.php\/wp-json\/wp\/v2\/media\/243465"}],"wp:attachment":[{"href":"http:\/\/www.tvturk.com\/index.php\/wp-json\/wp\/v2\/media?parent=243464"}],"wp:term":[{"taxonomy":"category","embeddable":true,"href":"http:\/\/www.tvturk.com\/index.php\/wp-json\/wp\/v2\/categories?post=243464"},{"taxonomy":"post_tag","embeddable":true,"href":"http:\/\/www.tvturk.com\/index.php\/wp-json\/wp\/v2\/tags?post=243464"}],"curies":[{"name":"wp","href":"https:\/\/api.w.org\/{rel}","templated":true}]}}