{"id":243470,"date":"2019-12-17T14:33:11","date_gmt":"2019-12-17T11:33:11","guid":{"rendered":"http:\/\/www.tvturk.com\/index.php\/yeni-malatyaspor-ankarada-tur-icin-sahaya-cikacak\/"},"modified":"2019-12-17T14:33:11","modified_gmt":"2019-12-17T11:33:11","slug":"yeni-malatyaspor-ankarada-tur-icin-sahaya-cikacak","status":"publish","type":"post","link":"http:\/\/www.tvturk.com\/index.php\/yeni-malatyaspor-ankarada-tur-icin-sahaya-cikacak\/","title":{"rendered":"Yeni Malatyaspor Ankara\u2019da tur i\u00e7in sahaya \u00e7\u0131kacak"},"content":{"rendered":"<p>Be\u015fikta\u015f kar\u015f\u0131s\u0131nda ald\u0131\u011f\u0131 galibiyetle y\u00fczlerin g\u00fcld\u00fc\u011f\u00fc Yeni Malatyaspor\u2019da rota kupa ma\u00e7\u0131na \u00e7evrildi. Ziraat T\u00fcrkiye Kupas\u0131 5. Tur r\u00f6van\u015f\u0131nda yar\u0131n deplasmanda Ke\u00e7i\u00f6reng\u00fcc\u00fc ile kar\u015f\u0131la\u015facak Yeni Malatyaspor, bu ma\u00e7\u0131n son \u00e7al\u0131\u015fmas\u0131n\u0131 \u0130stanbul\u2019da yapt\u0131.<\/p>\n<p>Be\u015fikta\u015f Fulya Tesisleri\u2019nde, Teknik Direkt\u00f6r Sergen Yal\u00e7\u0131n y\u00f6netiminde yap\u0131lan antrenmanda futbolcular\u0131n ne\u015feli olduklar\u0131 g\u00f6zlenirken, \u00e7al\u0131\u015fmay\u0131 Yeni Malatyaspor Kul\u00fcp Ba\u015fkan\u0131 Adil Gevrek ve y\u00f6neticilerden Ahmet Topda\u011f da izledi. Is\u0131nma hareketleriyle ba\u015flayan \u00e7al\u0131\u015fma \u00e7ift kale ma\u00e7la sona ererken, Sergen Yal\u00e7\u0131n\u2019\u0131n ligde fazla \u015fans bulamayan oyuncular\u0131 kupa ma\u00e7\u0131na haz\u0131rlad\u0131\u011f\u0131 belirtildi.<\/p>\n<p>Yeni Malatyaspor, yapt\u0131\u011f\u0131 antrenman\u0131n ard\u0131ndan u\u00e7akla Ankara\u2019ya hareket etti. Sar\u0131-k\u0131rm\u0131z\u0131l\u0131larda sakatl\u0131\u011f\u0131 bulunan Eren Tozlu d\u0131\u015f\u0131nda eksik bulunmuyor.<\/p>\n<p>Ke\u00e7i\u00f6reng\u00fcc\u00fc &#8211; Yeni Malatyaspor kar\u015f\u0131la\u015fmas\u0131 yar\u0131n saat 13.45\u2019te ba\u015flayacak. Aktepe Stad\u0131\u2019ndaki m\u00fcsabakay\u0131 Hakan Ceylan y\u00f6netecek.<\/p>\n","protected":false},"excerpt":{"rendered":"<p>Z\u0130RAAT T\u00dcRK\u0130YE KUPASI 5. TUR R\u00d6VAN\u015e KAR\u015eILA\u015eMASINDA YARIN DEPLASMANDA KE\u00c7\u0130\u00d6RENG\u00dcC\u00dc \u0130LE KAR\u015eILA\u015eACAK YEN\u0130 MALATYASPOR, BU MA\u00c7IN SON \u00c7ALI\u015eMASINI \u0130STANBUL\u2019DA YAPTI.<\/p>\n","protected":false},"author":1,"featured_media":243471,"comment_status":"closed","ping_status":"open","sticky":false,"template":"","format":"standard","meta":{"jetpack_post_was_ever_published":false,"_jetpack_newsletter_access":"","_jetpack_dont_email_post_to_subs":false,"_jetpack_newsletter_tier_id":0,"_jetpack_memberships_contains_paywalled_content":false,"_jetpack_memberships_contains_paid_content":false,"footnotes":"","jetpack_publicize_message":"","jetpack_publicize_feature_enabled":true,"jetpack_social_post_already_shared":true,"jetpack_social_options":{"image_generator_settings":{"template":"highway","default_image_id":0,"font":"","enabled":false},"version":2}},"categories":[657],"tags":[5444,4326,44,528,8048,780,87],"class_list":["post-243470","post","type-post","status-publish","format-standard","has-post-thumbnail","hentry","category-spor","tag-ankarada","tag-cikacak","tag-icin","tag-malatyaspor","tag-sahaya","tag-tur","tag-yeni"],"jetpack_publicize_connections":[],"jetpack_featured_media_url":"https:\/\/i0.wp.com\/www.tvturk.com\/wp-content\/uploads\/2019\/12\/yeni-malatyaspor-ankarada-tur-icin-sahaya-cikacak_8a43b24.jpg?fit=1000%2C666","jetpack_sharing_enabled":true,"jetpack_shortlink":"https:\/\/wp.me\/paKIfm-11kW","_links":{"self":[{"href":"http:\/\/www.tvturk.com\/index.php\/wp-json\/wp\/v2\/posts\/243470","targetHints":{"allow":["GET"]}}],"collection":[{"href":"http:\/\/www.tvturk.com\/index.php\/wp-json\/wp\/v2\/posts"}],"about":[{"href":"http:\/\/www.tvturk.com\/index.php\/wp-json\/wp\/v2\/types\/post"}],"author":[{"embeddable":true,"href":"http:\/\/www.tvturk.com\/index.php\/wp-json\/wp\/v2\/users\/1"}],"replies":[{"embeddable":true,"href":"http:\/\/www.tvturk.com\/index.php\/wp-json\/wp\/v2\/comments?post=243470"}],"version-history":[{"count":0,"href":"http:\/\/www.tvturk.com\/index.php\/wp-json\/wp\/v2\/posts\/243470\/revisions"}],"wp:featuredmedia":[{"embeddable":true,"href":"http:\/\/www.tvturk.com\/index.php\/wp-json\/wp\/v2\/media\/243471"}],"wp:attachment":[{"href":"http:\/\/www.tvturk.com\/index.php\/wp-json\/wp\/v2\/media?parent=243470"}],"wp:term":[{"taxonomy":"category","embeddable":true,"href":"http:\/\/www.tvturk.com\/index.php\/wp-json\/wp\/v2\/categories?post=243470"},{"taxonomy":"post_tag","embeddable":true,"href":"http:\/\/www.tvturk.com\/index.php\/wp-json\/wp\/v2\/tags?post=243470"}],"curies":[{"name":"wp","href":"https:\/\/api.w.org\/{rel}","templated":true}]}}