{"id":243498,"date":"2019-12-17T15:17:55","date_gmt":"2019-12-17T12:17:55","guid":{"rendered":"http:\/\/www.tvturk.com\/index.php\/i-m-kayserisporda-kupa-mesaisi-devam-ediyor\/"},"modified":"2019-12-17T15:17:55","modified_gmt":"2019-12-17T12:17:55","slug":"i-m-kayserisporda-kupa-mesaisi-devam-ediyor","status":"publish","type":"post","link":"http:\/\/www.tvturk.com\/index.php\/i-m-kayserisporda-kupa-mesaisi-devam-ediyor\/","title":{"rendered":"\u0130.M. Kayserispor\u2019da kupa mesaisi devam ediyor"},"content":{"rendered":"<p>\u0130stikbal Mobilya Kayserispor, T\u00fcrkiye Kupas\u0131 5. Turu\u2019nda deplasmanda oynayaca\u011f\u0131 Manisa FK ma\u00e7\u0131 haz\u0131rl\u0131klar\u0131n\u0131 s\u00fcrd\u00fcr\u00fcyor.<\/p>\n<p>Teknik Direkt\u00f6r B\u00fclent Uygun y\u00f6netiminde, kul\u00fcp tesislerinde toplanan oyuncular, T\u00fcrkiye Kupas\u0131\u2019nda Manisa FK ile oynayacaklar\u0131 r\u00f6van\u015f ma\u00e7\u0131 haz\u0131rl\u0131klar\u0131na devam etti. Uygun\u2019un, antrenman boyunca oyuncular\u0131n\u0131 s\u0131k s\u0131k uyard\u0131\u011f\u0131 g\u00f6r\u00fcld\u00fc. Tak\u0131ma Yard\u0131mc\u0131 Antren\u00f6r olarak kat\u0131lan eski golc\u00fc futbolcu G\u00f6khan \u00dcnal, bas\u0131n mensuplar\u0131na yapt\u0131\u011f\u0131 a\u00e7\u0131klamada Kayserispor\u2019u \u00f6zlenen g\u00fcnlerine d\u00f6nd\u00fcrmeye \u00e7al\u0131\u015facaklar\u0131n\u0131 ifade ederek, &#8220;Burada olmak \u00e7ok g\u00fczel. Ben zaten ismimi de cismimi de futbol camias\u0131na Kayserispor\u2019da duyurdum. Buraya hi\u00e7 d\u00fc\u015f\u00fcnmeden geldim. \u0130n\u015fallah buray\u0131 hak etti\u011fi yere ta\u015f\u0131yaca\u011f\u0131z. Eski aile ortam\u0131n\u0131 olu\u015fturaca\u011f\u0131z. \u0130n\u015fallah Kayserispor\u2019u diplerden kurtar\u0131p eski \u00f6zlenen Kayserispor\u2019a d\u00f6nd\u00fcrmeye \u00e7al\u0131\u015faca\u011f\u0131z&#8221; dedi.<\/p>\n<p>Transfer i\u00e7in oyuncu izlediklerini, tak\u0131m\u0131 sahiplenecek oyuncular almak istediklerini vurgulayan \u00dcnal, &#8220;\u015eu an \u2018\u015fu kadar transfer\u2019 demem yanl\u0131\u015f olur. \u015eu an sadece izliyoruz, B\u00fclent a\u011fabey ile payla\u015f\u0131yoruz. Kayserispor\u2019a yak\u0131\u015facak, buraya de\u011fer verecek, sahiplenecek futbolcular ar\u0131yoruz. \u0130n\u015fallah onlar\u0131 bulduktan sonra aralar\u0131ndan eleyip Kayserispor\u2019a kazand\u0131r\u0131p ilerleyen y\u0131llarda onlardan faydalanmak istiyoruz. \u00c7\u00fcnk\u00fc biz b\u00f6yle g\u00f6rd\u00fck, zaman\u0131nda sahiplendik bu kul\u00fcb\u00fc. \u0130n\u015fallah Kayserispor\u2019a g\u00fczel g\u00fcnleri geri getirece\u011fiz&#8221; ifadelerini kulland\u0131.<\/p>\n<p>&#8220;Taraftara \u00e7ok ihtiyac\u0131m\u0131z var&#8221;<\/p>\n<p>Tak\u0131m\u0131n morale ihtiyac\u0131 oldu\u011funu vurgulayan Yard\u0131mc\u0131 Antren\u00f6r G\u00f6khan \u00dcnal taraftara seslenerek destek istedi. \u00dcnal konu\u015fmas\u0131n\u0131 \u015f\u00f6yle s\u00fcrd\u00fcrd\u00fc:<\/p>\n<p>&#8220;\u015eu an en \u00e7ok taraftara ihtiyac\u0131m\u0131z oldu\u011fu zaman. Bizi nas\u0131l daha \u00f6nce destekledilerse o deste\u011fe \u015fu anda ihtiyac\u0131m\u0131z var. Stad\u0131 doldurmam\u0131z laz\u0131m, \u00e7\u00fcnk\u00fc futbolcu taraftar\u0131 g\u00f6r\u00fcnce mutlu olur. K\u00f6t\u00fc g\u00fcn\u00fcnde k\u00f6stekleyecek de\u011fil de destekleyecek taraftara ihtiyac\u0131m\u0131z var. Tak\u0131m moral olarak biraz zor durumda, morale ihtiyac\u0131 var. Onlar\u0131 bu haftaki Ba\u015fak\u015fehir ma\u00e7\u0131na bekliyorum. O ma\u00e7tan bir galibiyet al\u0131rsak zaten sonras\u0131nda \u00f6n\u00fcm\u00fcz a\u00e7\u0131k.&#8221;<\/p>\n<p>Kupada, \u0130.M. Kayserispor ile Manisa FK aras\u0131nda oynanan ilk ma\u00e7 Kayserispor\u2019un 3-2\u2019lik \u00fcst\u00fcnl\u00fc\u011f\u00fcyle tamamlanm\u0131\u015ft\u0131.<\/p>\n","protected":false},"excerpt":{"rendered":"<p>\u0130ST\u0130KBAL MOB\u0130LYA KAYSER\u0130SPOR, T\u00dcRK\u0130YE KUPASI 5. TURUNDA KAR\u015eILA\u015eACAKLARI MAN\u0130SA FK MA\u00c7I HAZIRLIKLARINI S\u00dcRD\u00dcR\u00dcYOR.<\/p>\n","protected":false},"author":1,"featured_media":243499,"comment_status":"closed","ping_status":"open","sticky":false,"template":"","format":"standard","meta":{"jetpack_post_was_ever_published":false,"_jetpack_newsletter_access":"","_jetpack_dont_email_post_to_subs":false,"_jetpack_newsletter_tier_id":0,"_jetpack_memberships_contains_paywalled_content":false,"_jetpack_memberships_contains_paid_content":false,"footnotes":"","jetpack_publicize_message":"","jetpack_publicize_feature_enabled":true,"jetpack_social_post_already_shared":true,"jetpack_social_options":{"image_generator_settings":{"template":"highway","default_image_id":0,"font":"","enabled":false},"version":2}},"categories":[657],"tags":[522,523,12765,8782,3794,2634],"class_list":["post-243498","post","type-post","status-publish","format-standard","has-post-thumbnail","hentry","category-spor","tag-devam","tag-ediyor","tag-i-m","tag-kayserisporda","tag-kupa","tag-mesaisi"],"jetpack_publicize_connections":[],"jetpack_featured_media_url":"https:\/\/i0.wp.com\/www.tvturk.com\/wp-content\/uploads\/2019\/12\/im-kayserisporda-kupa-mesaisi-devam-ediyor_5bc903a.jpg?fit=1000%2C666","jetpack_sharing_enabled":true,"jetpack_shortlink":"https:\/\/wp.me\/paKIfm-11lo","_links":{"self":[{"href":"http:\/\/www.tvturk.com\/index.php\/wp-json\/wp\/v2\/posts\/243498","targetHints":{"allow":["GET"]}}],"collection":[{"href":"http:\/\/www.tvturk.com\/index.php\/wp-json\/wp\/v2\/posts"}],"about":[{"href":"http:\/\/www.tvturk.com\/index.php\/wp-json\/wp\/v2\/types\/post"}],"author":[{"embeddable":true,"href":"http:\/\/www.tvturk.com\/index.php\/wp-json\/wp\/v2\/users\/1"}],"replies":[{"embeddable":true,"href":"http:\/\/www.tvturk.com\/index.php\/wp-json\/wp\/v2\/comments?post=243498"}],"version-history":[{"count":0,"href":"http:\/\/www.tvturk.com\/index.php\/wp-json\/wp\/v2\/posts\/243498\/revisions"}],"wp:featuredmedia":[{"embeddable":true,"href":"http:\/\/www.tvturk.com\/index.php\/wp-json\/wp\/v2\/media\/243499"}],"wp:attachment":[{"href":"http:\/\/www.tvturk.com\/index.php\/wp-json\/wp\/v2\/media?parent=243498"}],"wp:term":[{"taxonomy":"category","embeddable":true,"href":"http:\/\/www.tvturk.com\/index.php\/wp-json\/wp\/v2\/categories?post=243498"},{"taxonomy":"post_tag","embeddable":true,"href":"http:\/\/www.tvturk.com\/index.php\/wp-json\/wp\/v2\/tags?post=243498"}],"curies":[{"name":"wp","href":"https:\/\/api.w.org\/{rel}","templated":true}]}}