{"id":243560,"date":"2019-12-17T17:18:07","date_gmt":"2019-12-17T14:18:07","guid":{"rendered":"http:\/\/www.tvturk.com\/index.php\/safranbolunun-unescoya-alinisinin-25-yili\/"},"modified":"2019-12-17T17:18:07","modified_gmt":"2019-12-17T14:18:07","slug":"safranbolunun-unescoya-alinisinin-25-yili","status":"publish","type":"post","link":"http:\/\/www.tvturk.com\/index.php\/safranbolunun-unescoya-alinisinin-25-yili\/","title":{"rendered":"Safranbolu\u2019nun UNESCO\u2019ya al\u0131n\u0131\u015f\u0131n\u0131n 25. y\u0131l\u0131"},"content":{"rendered":"<p>Karab\u00fck\u2019\u00fcn evleriyle d\u00fcnyaca \u00fcnl\u00fc il\u00e7esi Safranbolu\u2019nun, Birle\u015fmi\u015f Milletler E\u011fitim, Bilim ve K\u00fclt\u00fcr \u00d6rg\u00fct\u00fc (UNESCO) D\u00fcnya Miras Listesi\u2019ne al\u0131n\u0131\u015f\u0131n\u0131n 20. y\u0131l\u0131 etkinliklerle kutland\u0131.<\/p>\n<p>Safranbolu\u2019da bir otelde d\u00fczenlenen &#8220;UNESCO\u2019da \u00c7eyrek As\u0131r&#8221; program\u0131na; Safranbolu Kaymakam\u0131 Fatih \u00dcrkmezer, T\u00fcrk D\u00fcnyas\u0131 Belediyeler Birli\u011fi Genel Sekreteri Fahri Solak, Safranbolu Belediye Ba\u015fkan\u0131 Elif K\u00f6se, Sel\u00e7uk Belediye Ba\u015fkan\u0131 Filiz Cerito\u011flu Sengel ve davetliler kat\u0131ld\u0131.<\/p>\n<p>Sayg\u0131 duru\u015fu ve \u0130stiklal Mar\u015f\u0131\u2019n\u0131n okunmas\u0131yla ba\u015flayan programda konu\u015fan Safranbolu Kaymakam\u0131 \u00dcrkmezer, Safranbolu\u2019nun UNESCO\u2019ya al\u0131n\u0131\u015f\u0131n\u0131n 25. y\u0131l\u0131nda g\u00f6rev yapmaktan dolay\u0131 kendisini \u015fansl\u0131 hissetti\u011fini s\u00f6yledi.<\/p>\n<p>100 y\u0131llard\u0131r ser\u00fcveni olan Safranbolu\u2019nun 1994\u2019te b\u00fcy\u00fck bir d\u00f6n\u00fc\u015f\u00fcm\u00fc sa\u011flayan ad\u0131m\u0131 att\u0131\u011f\u0131n\u0131 ifade eden \u00dcrkmezer, &#8220;1970\u2019lerde ba\u015flayan s\u00fcre\u00e7, 1994 ile birlikte T\u00fcrkiye\u2019de UNESCO\u2019nun tan\u0131t\u0131lmas\u0131nda \u00e7ok \u00f6nemli bir yere sahip olan Safranbolu UNESCO listesine dahil ediliyor. Safranbolu\u2019nun listeye dahil edilmesiyle, UNESCO bilinen uluslararas\u0131 bir kurulu\u015f ancak T\u00fcrkiye \u00e7ap\u0131nda bilinmesi, daha da tan\u0131n\u0131rl\u0131\u011f\u0131n\u0131n sa\u011flanmas\u0131nda Safranbolu\u2019nun kendi markas\u0131yla birle\u015fince daha da \u00f6n plana \u00e7\u0131k\u0131yor. UNESCO, Safranbolu\u2019nun marka marka tan\u0131n\u0131rl\u0131\u011f\u0131na b\u00fcy\u00fck katk\u0131 sa\u011fl\u0131yor. Son 25 y\u0131ldaki \u00e7al\u0131\u015fmalara bakt\u0131\u011f\u0131m\u0131zda, Safranbolu UNESCO\u2019ya kat\u0131l\u0131\u015f\u0131n\u0131n ne kadar hakl\u0131 oldu\u011funu, kendi yapt\u0131\u011f\u0131 \u00e7al\u0131\u015fmalarla ortaya koyuyor&#8221; diye konu\u015ftu.<\/p>\n<p>T\u00fcrk D\u00fcnyas\u0131 Belediyeler Birli\u011fi Genel Sekreteri Fahri Solak ise Safranbolu\u2019nun \u00fclkenin \u00f6zg\u00fcn ve kendine has ve nadide bir \u015fehir oldu\u011funu ifade etti.<\/p>\n<p>UNESCO korumas\u0131 alt\u0131nda T\u00fcrkiye\u2019nin \u00e7ok zengin oldu\u011funu aktaran Solak, &#8220;B\u00fct\u00fcn \u015fehir baz\u0131nda korunmaya mazhar olmu\u015f \u00e7ok az \u015fehir var. Hem turistik a\u00e7\u0131dan hem k\u00fclt\u00fcrel miras\u0131n korunmas\u0131 s\u00fcrd\u00fcr\u00fclmesi a\u00e7\u0131s\u0131nda hem de \u00fclkemizin yabanc\u0131 \u00fclkelerde temsil edilmesi, bir model olarak gelen giden heyetlere sunulmas\u0131 a\u00e7\u0131s\u0131nda b\u00fcy\u00fck bir zenginlik. Biz bunu T\u00fcrk D\u00fcnyas\u0131 Belediyeler Birli\u011fi\u2019nin \u00e7al\u0131\u015fmalar\u0131nda yak\u0131ndan g\u00f6zlemleme imkan\u0131 buluyoruz.\u2019T\u00fcrkiye\u2019 deyince her \u00fclkenin farkl\u0131 bir ilgisi var. Baz\u0131lar\u0131 deniz, kum, plaj, baz\u0131lar\u0131 daha k\u00fclt\u00fcrel varl\u0131klara ilgi duyuyor. Safranbolu\u2019da bunlar\u0131n i\u00e7erisinde \u00f6zg\u00fcn yeri olan, bilinen ve g\u00f6r\u00fclmek istenen \u015fehirlerden birini olu\u015fturuyor&#8221; dedi.<\/p>\n<p>Safranbolu Belediye Ba\u015fkan\u0131 Elif K\u00f6se de Safranbolu\u2019nun UNESCO\u2019ya al\u0131n\u0131\u015f\u0131n\u0131n 25. y\u0131l\u0131n\u0131 kutlamaktan b\u00fcy\u00fck mutluluk duyduklar\u0131n\u0131 belirtti.<\/p>\n<p>K\u00f6se, \u015funlar\u0131 kaydetti: &#8220;Uluslararas\u0131 Alt\u0131n Safran Belgesel Film Festivali\u2019nin 20. basamak y\u0131l\u0131 ve Safranbolu\u2019nun UNESCO D\u00fcnya Miras Listesi\u2019ne al\u0131n\u0131\u015f\u0131n\u0131n 25. basamak y\u0131l\u0131 bizim d\u00f6nemimize gelmesi ayr\u0131ca gurur verici. Halk\u0131m\u0131za Safranbolu\u2019yu y\u00f6netmek \u00fczere, bizlere bu \u015fans\u0131 verdi\u011fi i\u00e7in te\u015fekk\u00fcr ediyor, ta\u015f\u0131d\u0131\u011f\u0131m\u0131z sorumlulu\u011fun fark\u0131nda oldu\u011fumuzu ve bunun gururunu ta\u015f\u0131d\u0131\u011f\u0131m\u0131z\u0131 ifade etmek istiyorum.&#8221;<\/p>\n<p>UNESCO T\u00fcrkiye Milli Komisyonu Temsilcisi \u015eule \u00dcr\u00fcn, bar\u0131\u015f\u0131n insanlar\u0131n zihninde in\u015fa etmek d\u00fc\u015f\u00fcncesiyle 1945 y\u0131l\u0131nda kurulan Birle\u015fmi\u015f Milletler E\u011fitim, Bilim ve K\u00fclt\u00fcr Kurumu\u2019nun (UNESCO) temel amac\u0131n\u0131n e\u011fitim, do\u011fa bilimleri, sosyal ve be\u015feri bilimler, k\u00fclt\u00fcr, bilgi, ileti\u015fim arac\u0131l\u0131\u011f\u0131yla insanlar\u0131n refah\u0131na katk\u0131 sa\u011flamak oldu\u011funu kaydetti.<\/p>\n<p>UNESCO\u2019nun \u00fcretti\u011fi belgelerin, tavsiye kararlar\u0131 ve s\u00f6zle\u015fmelerle uluslararas\u0131 topluma yol g\u00f6sterici bir rol oynad\u0131\u011f\u0131n\u0131 vurgulayan \u00dcr\u00fcn, \u015fu ifadelere yer verdi: &#8220;Bu s\u00f6zle\u015fmelerden 1972 y\u0131l\u0131nda kabul edilen D\u00fcnya K\u00fclt\u00fcrel ve Do\u011fal Miras\u0131n Korunmas\u0131na dair s\u00f6zle\u015fmeye devletimiz, 1993 y\u0131l\u0131nda taraf olmu\u015ftur. S\u00f6zle\u015fme 193 \u00fcye ile ayn\u0131 zamanda UNESCO\u2019nun en fazla taraf olunan s\u00f6zle\u015fmesi \u00f6zelli\u011fini ta\u015f\u0131maktad\u0131r. UNESCO \u015femsiyesi alt\u0131nda bu s\u00fcreci ba\u015flatan k\u00fclt\u00fcrel s\u00fcrecin korunmas\u0131na dair ilk uluslararas\u0131 fark\u0131ndal\u0131k, 1959 y\u0131l\u0131nda M\u0131s\u0131r ve Sudan h\u00fck\u00fcmetlerinin su alt\u0131nda kalmas\u0131yla kar\u015f\u0131 kar\u015f\u0131ya kalan Abu Simbel Tap\u0131naklar\u0131n\u0131n korunmas\u0131 i\u00e7in yapt\u0131\u011f\u0131 ba\u015fvuru sonras\u0131 UNESCO ile ba\u015flat\u0131lan kampanya ile olmu\u015ftur. Sular alt\u0131nda kalmas\u0131 muhtemel alanlardaki arkeolojik kaz\u0131 \u00e7al\u0131\u015fmalar\u0131na h\u0131z verilmi\u015f ve s\u00f6z konusu tap\u0131naklar kuru bir alana ta\u015f\u0131nm\u0131\u015ft\u0131r. Toplam 50 \u00fclkenin yard\u0131mda bulundu\u011fu bu kampanya \u00fcst\u00fcn evrensel de\u011fer ta\u015f\u0131yan miras alanlar\u0131n kurulmas\u0131ndaki uluslararas\u0131 duyarl\u0131l\u0131\u011fa \u00f6nemli bir \u00f6rnek te\u015fkil etmi\u015ftir.&#8221;<\/p>\n<p>D\u00fcnya miras\u0131 s\u00f6zle\u015fmesinin temel amac\u0131n\u0131n do\u011fal ve k\u00fclt\u00fcrel miras\u0131n korunmas\u0131, gelecek ku\u015faklara aktar\u0131lmas\u0131 oldu\u011funu, D\u00fcnya Miras Listesi\u2019nde 2019 y\u0131l\u0131 itibariyle bin 121 miras alan\u0131 bulundu\u011funu a\u00e7\u0131klayan \u00dcr\u00fcn, bunlardan 869\u2019nun k\u00fclt\u00fcrel, 213\u2019\u00fcn\u00fcn do\u011fal ve 39\u2019nun karma oldu\u011funu, T\u00fcrkiye\u2019nin bu listede 16\u2019s\u0131 k\u00fclt\u00fcrel 2\u2019si karma olmak \u00fczere toplam 18 miras alan\u0131 bulundu\u011funu, envarter niteli\u011findeki d\u00fcnya miras ge\u00e7ici listesinde ise 2019 y\u0131l\u0131nda g\u00fcncellenen \u015fekliyle T\u00fcrkiye\u2019de 73\u2019\u00fc k\u00fclt\u00fcrel, 2\u2019si karma ve 3 do\u011fal olmak \u00fczere 78 miras alan\u0131 bulundu\u011funu belirtti.<\/p>\n<p>Konu\u015fmalar\u0131n ard\u0131ndan &#8220;K\u00fclt\u00fcrel Miras ve Korumac\u0131l\u0131kta Safranbolu \u00d6rne\u011fi&#8221;, &#8220;kent \u0130tibar\u0131 ve Ya\u015fam Kalitesinin Topluma Etkisi&#8221;, &#8220;M\u00fczekent Safranbolu&#8221; panelleri ger\u00e7ekle\u015ftirildi.<\/p>\n<p>Safranbolu<\/p>\n<p>&#8220;Koruman\u0131n ba\u015fkenti&#8221;, &#8220;Osmanl\u0131\u2019n\u0131n parmak izi&#8221;, &#8220;En iyi korunan 20 kent&#8221; ve &#8220;A\u00e7\u0131k hava m\u00fczesi&#8221; gibi unvanlar\u0131n sahibi olan Safranbolu\u2019da, Osmanl\u0131 kent k\u00fclt\u00fcr\u00fcn\u00fcn en \u00f6nemli yap\u0131 ta\u015flar\u0131 olan ve zamanla terk edilen tarihi konaklar\u0131n geri kazand\u0131r\u0131lmas\u0131 i\u00e7in \u00e7al\u0131\u015fmalar ba\u015flat\u0131ld\u0131.<\/p>\n<p>1975\u2019te K\u00fclt\u00fcr ve Turizm Bakanl\u0131\u011f\u0131 ile 1976\u2019da Safranbolu\u2019da yerel y\u00f6netimlerin alm\u0131\u015f oldu\u011fu &#8220;koruma kararlar\u0131&#8221;yla UNESCO D\u00fcnya Miras Listesi\u2019ne girmesinin ilk ad\u0131mlar\u0131 at\u0131lan Safranbolu, 1970\u2019lerde ba\u015flayan koruma bilinciyle 17 Aral\u0131k 1994 y\u0131l\u0131nda UNESCO taraf\u0131ndan D\u00fcnya Miras Listesi\u2019ne al\u0131nd\u0131. Safranbolu, aradan ge\u00e7en 25 y\u0131lda kendini yenileyerek her y\u0131l bir milyondan fazla turist a\u011f\u0131rlamaya ba\u015flad\u0131. Ba\u015flat\u0131lan \u00e7al\u0131\u015fmalarla kendini yenileyen Safranbolu\u2019da, 1400 tarihi yap\u0131dan 700\u2019\u00fc restore edilerek turizme kazand\u0131r\u0131ld\u0131.<\/p>\n<p>18., 19. ve 20. y\u00fczy\u0131l ba\u015flar\u0131nda yap\u0131lan k\u00fclt\u00fcrel zenginliklerini korumadaki ba\u015far\u0131s\u0131yla ad\u0131ndan s\u00f6z ettiren Safranbolu, T\u00fcrkiye\u2019de, kent \u00f6l\u00e7e\u011finde D\u00fcnya Miras\u0131 Listesi\u2019ndeki tek yer olma \u00f6zelli\u011fini ta\u015f\u0131yor.<\/p>\n","protected":false},"excerpt":{"rendered":"<p>KARAB\u00dcK&#8217;\u00dcN EVLER\u0130YLE D\u00dcNYACA \u00dcNL\u00dc \u0130L\u00c7ES\u0130 SAFRANBOLU&#8217;NUN, B\u0130RLE\u015eM\u0130\u015e M\u0130LLETLER E\u011e\u0130T\u0130M, B\u0130L\u0130M VE K\u00dcLT\u00dcR \u00d6RG\u00dcT\u00dc (UNESCO) D\u00dcNYA M\u0130RAS L\u0130STES\u0130&#8217;NE ALINI\u015eININ 20. YILI ETK\u0130NL\u0130KLERLE KUTLANDI.<\/p>\n","protected":false},"author":1,"featured_media":243561,"comment_status":"closed","ping_status":"open","sticky":false,"template":"","format":"standard","meta":{"jetpack_post_was_ever_published":false,"_jetpack_newsletter_access":"","_jetpack_dont_email_post_to_subs":false,"_jetpack_newsletter_tier_id":0,"_jetpack_memberships_contains_paywalled_content":false,"_jetpack_memberships_contains_paid_content":false,"footnotes":"","jetpack_publicize_message":"","jetpack_publicize_feature_enabled":true,"jetpack_social_post_already_shared":true,"jetpack_social_options":{"image_generator_settings":{"template":"highway","default_image_id":0,"font":"","enabled":false},"version":2}},"categories":[656],"tags":[20032,60718,30093,56218,2128],"class_list":["post-243560","post","type-post","status-publish","format-standard","has-post-thumbnail","hentry","category-kultur-sanat","tag-20032","tag-alinisinin","tag-safranbolunun","tag-unescoya","tag-yili"],"jetpack_publicize_connections":[],"jetpack_featured_media_url":"https:\/\/i0.wp.com\/www.tvturk.com\/wp-content\/uploads\/2019\/12\/safranbolunun-unescoya-alinisinin-25-yili_14e7ea6.jpg?fit=1000%2C666","jetpack_sharing_enabled":true,"jetpack_shortlink":"https:\/\/wp.me\/paKIfm-11mo","_links":{"self":[{"href":"http:\/\/www.tvturk.com\/index.php\/wp-json\/wp\/v2\/posts\/243560","targetHints":{"allow":["GET"]}}],"collection":[{"href":"http:\/\/www.tvturk.com\/index.php\/wp-json\/wp\/v2\/posts"}],"about":[{"href":"http:\/\/www.tvturk.com\/index.php\/wp-json\/wp\/v2\/types\/post"}],"author":[{"embeddable":true,"href":"http:\/\/www.tvturk.com\/index.php\/wp-json\/wp\/v2\/users\/1"}],"replies":[{"embeddable":true,"href":"http:\/\/www.tvturk.com\/index.php\/wp-json\/wp\/v2\/comments?post=243560"}],"version-history":[{"count":0,"href":"http:\/\/www.tvturk.com\/index.php\/wp-json\/wp\/v2\/posts\/243560\/revisions"}],"wp:featuredmedia":[{"embeddable":true,"href":"http:\/\/www.tvturk.com\/index.php\/wp-json\/wp\/v2\/media\/243561"}],"wp:attachment":[{"href":"http:\/\/www.tvturk.com\/index.php\/wp-json\/wp\/v2\/media?parent=243560"}],"wp:term":[{"taxonomy":"category","embeddable":true,"href":"http:\/\/www.tvturk.com\/index.php\/wp-json\/wp\/v2\/categories?post=243560"},{"taxonomy":"post_tag","embeddable":true,"href":"http:\/\/www.tvturk.com\/index.php\/wp-json\/wp\/v2\/tags?post=243560"}],"curies":[{"name":"wp","href":"https:\/\/api.w.org\/{rel}","templated":true}]}}