{"id":243616,"date":"2019-12-17T20:47:27","date_gmt":"2019-12-17T17:47:27","guid":{"rendered":"http:\/\/www.tvturk.com\/index.php\/grizu-263-haziran-2020de-pocket-kup-uydusunu-firlatacak\/"},"modified":"2019-12-17T20:47:27","modified_gmt":"2019-12-17T17:47:27","slug":"grizu-263-haziran-2020de-pocket-kup-uydusunu-firlatacak","status":"publish","type":"post","link":"http:\/\/www.tvturk.com\/index.php\/grizu-263-haziran-2020de-pocket-kup-uydusunu-firlatacak\/","title":{"rendered":"Grizu 263, Haziran 2020\u2019de pocket k\u00fcp uydusunu f\u0131rlatacak"},"content":{"rendered":"<p>ABD\u2019de d\u00fczenlenen model uydu yar\u0131\u015fmas\u0131nda d\u00fcnya ikincili\u011fi elde eden ZBE\u00dc Grizu 263 tak\u0131m\u0131, Haziran 2020\u2019de 250 gram a\u011f\u0131rl\u0131\u011f\u0131nda pocket k\u00fcp uydusunu f\u0131rlatacak. Grizu 263\u2019\u00fcn \u00e7al\u0131\u015fmalar\u0131n\u0131n anlat\u0131ld\u0131\u011f\u0131 s\u00f6yle\u015fi \u00f6ncesi konu\u015fan T\u00fcrksat A.\u015e. Genel M\u00fcd\u00fcr\u00fc Cenk \u015een, tamamen yerli m\u00fchendisler taraf\u0131ndan tasarlanan T\u00fcrksat 6A uydusunu da uydu filosuna girece\u011fini anlatt\u0131.<\/p>\n<p>ABD\u2019de d\u00fczenlenen ve NASA\u2019n\u0131n sponsor oldu\u011fu CanSat Competition 2018 model uydu yar\u0131\u015fmas\u0131nda d\u00fcnya ikincili\u011fi elde eden BE\u00dc Grizu 263 uzay ekibi, 2020\u2019de f\u0131rlatmay\u0131 planlad\u0131klar\u0131 250 gram a\u011f\u0131rl\u0131\u011f\u0131ndaki pocket k\u00fcp uydusunu s\u00f6yle\u015fi ile payla\u015ft\u0131. Sezai Karako\u00e7 K\u00fclt\u00fcr Merkezi\u2019nde d\u00fczenlenen programa T\u00fcrksat A.\u015e. Genel M\u00fcd\u00fcr\u00fc Cenk \u015een, Erdemir Genel M\u00fcd\u00fcr\u00fc Salih Cem Oral, Zonguldak Valisi Erdo\u011fan Bekta\u015f, BE\u00dc Rekt\u00f6r\u00fc Prof. Dr. Mustafa \u00c7ufal\u0131, BAKKA Genel Sekreteri Muhammed Ali Oflaz ve protokol \u00fcyeleri kat\u0131ld\u0131.<\/p>\n<p>BE\u00dc M\u00fchendislik Fak\u00fcltesi\u2019nde \u00f6\u011frenim g\u00f6ren \u00f6\u011frencilerin olu\u015fturdu\u011fu \u2019Grizu-263\u2019 uzay tak\u0131m\u0131, 8-10 Haziran 2018 tarihinde Amerika Birle\u015fik Devletleri\u2019nde NASA taraf\u0131ndan d\u00fczenlenen model uydu yar\u0131\u015fmas\u0131nda (CanSat Competition) yar\u0131\u015fmas\u0131nda d\u00fcnya ikincili\u011fi elde etti. Grizu 263 tak\u0131m\u0131na destek veren Erdemir Genel M\u00fcd\u00fcr\u00fc Salih Cem Oral, &#8220;Grizu-263\u2019\u00fcn elde etti\u011fi ba\u015far\u0131lar\u0131n \u00fclkemiz i\u00e7in \u00e7ok \u00f6nemli bir misyonu daha var. Bu da gen\u00e7lerimizin ger\u00e7ekten inand\u0131klar\u0131nda ve \u00e7al\u0131\u015ft\u0131klar\u0131nda neler ba\u015farabileceklerini g\u00f6stermi\u015f olmalar\u0131d\u0131r. Bu hikaye ilham ve cesaret veren bir ba\u015far\u0131 \u00f6yk\u00fcs\u00fc olarak nice yeni giri\u015fimlerin \u00f6n\u00fcn\u00fc a\u00e7acakt\u0131r. B\u00fcy\u00fck \u00d6nderimiz Gazi Mustafa Kemal Atat\u00fcrk\u2019\u00fcn g\u00f6sterdi\u011fi hedefler do\u011frultusunda inanan, gen\u00e7 arkada\u015flar\u0131m\u0131n ba\u015far\u0131lar\u0131n\u0131n devam\u0131n\u0131 diliyorum&#8221; ifadelerine yer verdi.<\/p>\n<p>&#8220;Grizu 263 \u00f6\u011frenilmi\u015f \u00e7aresizlik sendromunu ikiye b\u00f6ld\u00fc&#8221;<\/p>\n<p>Grizu 263 tak\u0131m\u0131n\u0131n ba\u015far\u0131lar\u0131na dikkat \u00e7eken T\u00fcrksat A.\u015e. Genel M\u00fcd\u00fcr\u00fc Cenk \u015een, &#8220;Grizu 263 tak\u0131m\u0131 asl\u0131nda bir \u00f6\u011frenilmi\u015f \u00e7aresizlik sendromunu ikiye b\u00f6ld\u00fc. T\u00fcrkiye\u2019deki gen\u00e7lerin uluslararas\u0131 platformda ne kadar kabiliyetli \u00e7\u00f6z\u00fcmler ortaya koyabilece\u011fini kan\u0131tlad\u0131. Ve bir \u00e7ok arkada\u015fa da \u0131\u015f\u0131k tutarak heyecan vesilesi oldu. Bu y\u00fczden kendilerine ve onlar\u0131 bu yolda haz\u0131rlayan hocalar\u0131m\u0131za \u015f\u00fckranlar\u0131m\u0131 sunuyorum. Sizler T\u00fcrkiye Cumhuriyeti Devleti\u2019nin gen\u00e7leri olarak gelece\u011fi \u015fekillendirmede \u00fczerinize b\u00fcy\u00fck g\u00f6revler al\u0131yor ve bu g\u00f6revlerle b\u00fcy\u00fck bir sorumluluk \u00fcstlenmi\u015f durumdas\u0131n\u0131z. \u00dcniversitelerde ald\u0131\u011f\u0131n\u0131z e\u011fitimler sizi ger\u00e7ek hayatta belli yere ta\u015f\u0131yacak kadar bir birikim olu\u015fturuyor ama as\u0131l \u015fey sizin \u00f6\u011frenmeye olan hevesiniz, \u00f6\u011frenmeye olan iste\u011finizle kendi gelece\u011finizi dolay\u0131s\u0131yla \u00fclkemizin gelece\u011fini \u015fekillendirmek. Bu yolda size \u00e7ok \u015fey d\u00fc\u015f\u00fcyor. Sizler bu ihtiya\u00e7 duydu\u011funuz bu enerjiyi, bilgiyi g\u00f6rg\u00fcy\u00fc buralarda kendinizde hissetmek zorundas\u0131n\u0131z. Biz T\u00fcrksat olarak sizin gibi gen\u00e7lere gelece\u011fin teknolojilerinde yer almak i\u00e7in bir\u00e7ok f\u0131rsat\u0131 sa\u011fl\u0131yoruz. \u0130lk defa 2016 y\u0131l\u0131nda model uydu yar\u0131\u015fmas\u0131na ba\u015flad\u0131k. 7 tak\u0131m ile bu i\u015fe ba\u015flad\u0131k. \u015eimdi 100\u2019e a\u015fk\u0131n tak\u0131m ile her ge\u00e7en y\u0131l da a\u015farak devam ediyoruz&#8221; dedi.<\/p>\n<p>&#8220;Uydu filomuz geni\u015fliyor&#8221;<\/p>\n<p>Genel M\u00fcd\u00fcr Cenk \u015een, T\u00fcrksat 6A uydusuna dikkat \u00e7ekerek, &#8220;Teknoloji \u00e7ok h\u0131zl\u0131 geli\u015fiyor. End\u00fcstri 4.0 h\u0131zla yakla\u015f\u0131yor. Bizler de bunlara haz\u0131r olmak zorunday\u0131z. T\u00fcrksat olarak sizler gibi gen\u00e7lerin hem \u00e7al\u0131\u015faca\u011f\u0131 hem de ba\u015far\u0131lar\u0131n\u0131 katlayaca\u011f\u0131 ortama sunmaya haz\u0131r\u0131z. \u015eu anda T\u00fcrksat\u2019\u0131n 3A, 4A ve 4B olmak \u00fczere \u00fc\u00e7 uydusu var. Bu \u00fc\u00e7 uyduyla 118 \u00fclke \u00fczerinde 3,5 milyar insana ula\u015f\u0131yoruz. 5A ve 5B uydular\u0131yla da uydu filomuzu artt\u0131r\u0131yoruz. Fakat daha da gurur duydu\u011fumuz bir \u015fey var ki 6A denen tamamen yerli m\u00fchendislerimiz taraf\u0131ndan sizler gibi gen\u00e7ler taraf\u0131ndan tasarlanm\u0131\u015f ve d\u00fcnya \u00fczerindeki 10 haberle\u015fme uydusu \u00fcreten \u00fclkeden biri yapacak olan 6A da geliyor. Bu uydularla beraber 6 uydudan m\u00fctevellit bir uydu filosuna sahip olaca\u011f\u0131z. Bunlar hep sizler gibi bu yola ba\u015f koyan gen\u00e7lerin deste\u011fiyle oldu&#8221; ifadelerine yer verdi.<\/p>\n<p>BE\u00dc Rekt\u00f6r\u00fc Prof. Dr. Mustafa \u00c7ufal\u0131 da, &#8220;Bir hedefe varmak i\u00e7in yola \u00e7\u0131kt\u0131\u011f\u0131n\u0131zda me\u015fakkatli yollar \u00e7oktur. Zordur. Ama b\u00fcy\u00fck bir ihtimalle sizin umdu\u011funuzdan \u00e7ok daha k\u0131sa s\u00fcrede o hedefe varacaks\u0131n\u0131z. Daha ba\u015far\u0131l\u0131 bir \u015fekilde ba\u015faracaks\u0131n\u0131z. Buna inan\u0131n. Ben buna inan\u0131yorum. \u00dcniversitemizde \u00e7ok \u015feyler olacak. Oldu. Olmaya devam ediyor. Bug\u00fcnk\u00fc toplant\u0131m\u0131z vesilesiyle de esas konusu olan Haziran 2020\u2019de uydumuzu in\u015fallah f\u0131rlataca\u011f\u0131z. Bu di\u011fer \u00fcniversitelere de \u00fcniversite i\u00e7inde kendi \u00f6\u011frencilerimize de \u00f6rnek olacak. Zaten arkadan di\u011fer ekipler geliyor&#8221; dedi.<\/p>\n<p>Zonguldak Valisi Erdo\u011fan Bekta\u015f ise Grizu 263\u2019\u00fcn ba\u015far\u0131lara imza att\u0131\u011f\u0131n\u0131n alt\u0131n\u0131 \u00e7izerek, &#8220;Ajandam\u0131zda bir s\u00fcr\u00fc \u015fey vard\u0131. Ama uzay ve uydu kavramlar\u0131 \u00e7ok fazla yoktu. D\u00fcr\u00fcst olarak s\u00f6ylemek gerekirse. Fakat bu gen\u00e7lerimiz ger\u00e7ekten \u00e7ok g\u00fczel ba\u015far\u0131lara imza att\u0131lar. Bu konuda da ba\u015far\u0131 olunca, gelince ciddi anlamda bir imeceyi de olu\u015fturmay\u0131 ba\u015fard\u0131lar. G\u00fczel bir i\u015fbirli\u011fini de olu\u015fturdular. \u015eehre, \u00fcniversiteye, arkada\u015flar\u0131na yeni bir \u00e7izgi, ufuk koydular. Devam ediyorlar&#8221; \u015feklinde konu\u015ftu.<\/p>\n<p>Konu\u015fmalar\u0131n ard\u0131ndan &#8220;Hayallerde \u0130stikrar ve Ger\u00e7eklik&#8221; konulu s\u00f6yle\u015fi ger\u00e7ekle\u015ftirildi. S\u00f6yle\u015finin ard\u0131ndan yer istasyonunun a\u00e7\u0131l\u0131\u015f kurdelesi kesildi.<\/p>\n","protected":false},"excerpt":{"rendered":"<p>ABD&#8217;DE D\u00dcZENLENEN MODEL UYDU YARI\u015eMASINDA D\u00dcNYA \u0130K\u0130NC\u0130L\u0130\u011e\u0130 ELDE EDEN ZBE\u00dc GR\u0130ZU 263 TAKIMI, HAZ\u0130RAN 2020&#8217;DE 250 GRAM A\u011eIRLI\u011eINDA POCKET K\u00dcP UYDUSUNU FIRLATACAK. GR\u0130ZU 263&#8217;\u00dcN \u00c7ALI\u015eMALARININ ANLATILDI\u011eI S\u00d6YLE\u015e\u0130 \u00d6NCES\u0130 KONU\u015eAN T\u00dcRKSAT A.\u015e. GENEL M\u00dcD\u00dcR\u00dc CENK \u015eEN, TAMAMEN YERL\u0130 M\u00dcHEND\u0130SLER TARAFINDAN TASARLANAN T\u00dcRKSAT 6A UYDUSUNU DA UYDU F\u0130LOSUNA G\u0130RECE\u011e\u0130N\u0130 ANLATTI.<\/p>\n","protected":false},"author":1,"featured_media":243617,"comment_status":"closed","ping_status":"open","sticky":false,"template":"","format":"standard","meta":{"jetpack_post_was_ever_published":false,"_jetpack_newsletter_access":"","_jetpack_dont_email_post_to_subs":false,"_jetpack_newsletter_tier_id":0,"_jetpack_memberships_contains_paywalled_content":false,"_jetpack_memberships_contains_paid_content":false,"footnotes":"","jetpack_publicize_message":"","jetpack_publicize_feature_enabled":true,"jetpack_social_post_already_shared":true,"jetpack_social_options":{"image_generator_settings":{"template":"highway","default_image_id":0,"font":"","enabled":false},"version":2}},"categories":[24],"tags":[5791,22813,20504,42076,42074,7092,60729,42075],"class_list":["post-243616","post","type-post","status-publish","format-standard","has-post-thumbnail","hentry","category-teknoloji","tag-haziran","tag-2020de","tag-20504","tag-firlatacak","tag-grizu","tag-kup","tag-pocket","tag-uydusunu"],"jetpack_publicize_connections":[],"jetpack_featured_media_url":"https:\/\/i0.wp.com\/www.tvturk.com\/wp-content\/uploads\/2019\/12\/grizu-263-haziran-2020de-pocket-kup-uydusunu-firlatacak_54e8279.jpg?fit=1000%2C666","jetpack_sharing_enabled":true,"jetpack_shortlink":"https:\/\/wp.me\/paKIfm-11ni","_links":{"self":[{"href":"http:\/\/www.tvturk.com\/index.php\/wp-json\/wp\/v2\/posts\/243616","targetHints":{"allow":["GET"]}}],"collection":[{"href":"http:\/\/www.tvturk.com\/index.php\/wp-json\/wp\/v2\/posts"}],"about":[{"href":"http:\/\/www.tvturk.com\/index.php\/wp-json\/wp\/v2\/types\/post"}],"author":[{"embeddable":true,"href":"http:\/\/www.tvturk.com\/index.php\/wp-json\/wp\/v2\/users\/1"}],"replies":[{"embeddable":true,"href":"http:\/\/www.tvturk.com\/index.php\/wp-json\/wp\/v2\/comments?post=243616"}],"version-history":[{"count":0,"href":"http:\/\/www.tvturk.com\/index.php\/wp-json\/wp\/v2\/posts\/243616\/revisions"}],"wp:featuredmedia":[{"embeddable":true,"href":"http:\/\/www.tvturk.com\/index.php\/wp-json\/wp\/v2\/media\/243617"}],"wp:attachment":[{"href":"http:\/\/www.tvturk.com\/index.php\/wp-json\/wp\/v2\/media?parent=243616"}],"wp:term":[{"taxonomy":"category","embeddable":true,"href":"http:\/\/www.tvturk.com\/index.php\/wp-json\/wp\/v2\/categories?post=243616"},{"taxonomy":"post_tag","embeddable":true,"href":"http:\/\/www.tvturk.com\/index.php\/wp-json\/wp\/v2\/tags?post=243616"}],"curies":[{"name":"wp","href":"https:\/\/api.w.org\/{rel}","templated":true}]}}