{"id":243654,"date":"2019-12-18T09:32:13","date_gmt":"2019-12-18T06:32:13","guid":{"rendered":"http:\/\/www.tvturk.com\/index.php\/van-kalesinin-aynasina-ziyaretci-akini\/"},"modified":"2019-12-18T09:32:13","modified_gmt":"2019-12-18T06:32:13","slug":"van-kalesinin-aynasina-ziyaretci-akini","status":"publish","type":"post","link":"http:\/\/www.tvturk.com\/index.php\/van-kalesinin-aynasina-ziyaretci-akini\/","title":{"rendered":"Van Kalesi\u2019nin \u2019aynas\u0131na\u2019 ziyaret\u00e7i ak\u0131n\u0131"},"content":{"rendered":"<p>G\u00f6rkemli yap\u0131s\u0131yla dikkat \u00e7eken 3 bin y\u0131ll\u0131k Van Kalesi\u2019nin aynas\u0131 konumunda olan m\u00fcze, 3 ay i\u00e7inde 35 bin ziyaret\u00e7iyi a\u011f\u0131rlad\u0131.<\/p>\n<p>Van\u2019da 23 Ekim ve 9 Kas\u0131m 2011 depremlerinde a\u011f\u0131r hasar g\u00f6ren binan\u0131n yerine Van Kalesi\u2019nin g\u00fcneyinde 54 bin metrekare alan \u00fczerine in\u015fa edilen Van M\u00fczesi\u2019ni 3 ay i\u00e7inde beklenilenin \u00fczerinde ziyaret\u00e7i kabul etti.<\/p>\n<p>G\u00f6z al\u0131c\u0131 tasar\u0131m\u0131yla Van Kalesi\u2019nin siluetinin yans\u0131mas\u0131yla dikkatleri \u00fczerine \u00e7eken m\u00fczede; Urartular ba\u015fta olmak \u00fczere Sasani, Pers, Bizans, Roma, Sel\u00e7uklu, Karakoyunlu, Akkoyunlu ve Osmanl\u0131 d\u00f6nemine ait eserler sergileniyor. Tarihi d\u00f6nemleri yans\u0131tan canland\u0131rma birimlerinin yan\u0131 s\u0131ra 23 hol, \u00e7ocuklar i\u00e7in arkeopark e\u011fitim alanlar\u0131, k\u00fct\u00fcphane ve kafeterya alanlar\u0131yla \u00e7ok fonksiyonlu olarak d\u00fczenlenen m\u00fczeyi 3 ayda 35 bin ki\u015fi ziyaret etti.<\/p>\n<p>\u0130HA muhabirine konu\u015fan M\u00fcze M\u00fcd\u00fcr\u00fc Erol Uslu, okullardaki bir haftal\u0131k ara tatille birlikte 35 ki\u015finin m\u00fczeyi ziyaret etti\u011fini a\u00e7\u0131klad\u0131. M\u00fczenin \u00e7ok ki\u015fi taraf\u0131ndan takdir g\u00f6rd\u00fc\u011f\u00fcn\u00fc ifade eden Uslu, \u201c\u015eu an itibariyle elde etti\u011fimiz ziyaret\u00e7i say\u0131m\u0131z 35 bini ge\u00e7ti. \u00d6zellikle okullara bir haftal\u0131k ara tatili verilmesiyle birlikte \u00f6\u011fretmen ve \u00f6\u011frencilerin \u00e7ok ciddi yo\u011funlu\u011fu oldu. Sadece bu bir haftal\u0131k s\u00fcre\u00e7te 5 bin ki\u015fi a\u011f\u0131rlad\u0131k. Van\u2019a her gelenin Van M\u00fczesini ziyaret etmesi bizi memnun ediyor. Bu da yapt\u0131\u011f\u0131m\u0131z \u00e7al\u0131\u015fmalar\u0131n insanlar taraf\u0131ndan takdir edildi\u011fini g\u00f6steriyor\u201d dedi.<\/p>\n<p>\u201cHi\u00e7bir medeniyetin izi yok edilmedi\u201d<\/p>\n<p>B\u00f6lgede h\u00fck\u00fcm s\u00fcrm\u00fc\u015f t\u00fcm medeniyetlerin izlerinin yok edilmeden sergilendi\u011fine dikkat \u00e7eken Uslu,  \u201cVan M\u00fczesi 23 holden olu\u015fmaktad\u0131r. A\u011f\u0131rl\u0131kl\u0131 olarak 8 holi Van\u2019a ba\u015fkentlik yapan Urartu Medeniyetine ait eserler yer almaktad\u0131r. Arkeolojik kaz\u0131larda ve bilimsel \u00e7al\u0131\u015fmalar sonucunda ya\u015fam\u0131\u015f b\u00fct\u00fcn medeniyetlerin izlerini burada bulmak m\u00fcmk\u00fcnd\u00fcr. Hi\u00e7bir medeniyetin izini yok etmeden objektif bir \u015fekilde m\u00fcze te\u015fhirine yerle\u015ftirdik. Bu da ba\u015far\u0131l\u0131 bir \u00e7al\u0131\u015fma oldu\u011funu g\u00f6steriyor\u201d diye konu\u015ftu.<\/p>\n<p>\u201cVan Kalesi\u2019nin silueti \u00f6ndeki camlara yans\u0131yor\u201d<\/p>\n<p>M\u00fczenin tarihi Van Kalesi\u2019nin kar\u015f\u0131s\u0131nda olmas\u0131n\u0131n bir\u00e7ok avantaj sa\u011flad\u0131\u011f\u0131n\u0131 dile getiren Uslu, s\u00f6zlerini \u015f\u00f6yle s\u00fcrd\u00fcrd\u00fc:<\/p>\n<p>\u201cVan Kalesinin hemen dibinde olmak m\u00fczeye farkl\u0131 bir \u00f6zellik kazand\u0131r\u0131yor. \u0130nsanlar hem ba\u015fkenti hem de ba\u015fkentte ya\u015fam\u0131\u015f krall\u0131klar\u0131n eserlerini g\u00f6rmesi olumlu tepkilere sebep oluyor. Van Kalesi siluetinin \u00f6ndeki camlara yans\u0131mas\u0131, m\u00fcze i\u00e7indeki te\u015fhir tanzimle b\u00fct\u00fcnle\u015ftirildi\u011fi zaman g\u00fczel bir g\u00f6rsel sunuyor. Ziyaret\u00e7iler Van Kalesi ile m\u00fczeye b\u00fct\u00fcn bir g\u00f6zle bak\u0131yor.\u201d<\/p>\n","protected":false},"excerpt":{"rendered":"<p>G\u00d6RKEML\u0130 YAPISIYLA D\u0130KKAT \u00c7EKEN 3 B\u0130N YILLIK VAN KALES\u0130\u2019N\u0130N AYNASI KONUMUNDA OLAN M\u00dcZE, 3 AY \u0130\u00c7\u0130NDE 35 B\u0130N Z\u0130YARET\u00c7\u0130Y\u0130 A\u011eIRLADI.<\/p>\n","protected":false},"author":1,"featured_media":243655,"comment_status":"closed","ping_status":"open","sticky":false,"template":"","format":"standard","meta":{"jetpack_post_was_ever_published":false,"_jetpack_newsletter_access":"","_jetpack_dont_email_post_to_subs":false,"_jetpack_newsletter_tier_id":0,"_jetpack_memberships_contains_paywalled_content":false,"_jetpack_memberships_contains_paid_content":false,"footnotes":"","jetpack_publicize_message":"","jetpack_publicize_feature_enabled":true,"jetpack_social_post_already_shared":true,"jetpack_social_options":{"image_generator_settings":{"template":"highway","default_image_id":0,"font":"","enabled":false},"version":2}},"categories":[656],"tags":[60737,8365,52767,1442,6267],"class_list":["post-243654","post","type-post","status-publish","format-standard","has-post-thumbnail","hentry","category-kultur-sanat","tag-aynasina","tag-akini","tag-kalesinin","tag-van","tag-ziyaretci"],"jetpack_publicize_connections":[],"jetpack_featured_media_url":"https:\/\/i0.wp.com\/www.tvturk.com\/wp-content\/uploads\/2019\/12\/van-kalesinin-aynasina-ziyaretci-akini_55a5d42.jpg?fit=1000%2C666","jetpack_sharing_enabled":true,"jetpack_shortlink":"https:\/\/wp.me\/paKIfm-11nU","_links":{"self":[{"href":"http:\/\/www.tvturk.com\/index.php\/wp-json\/wp\/v2\/posts\/243654","targetHints":{"allow":["GET"]}}],"collection":[{"href":"http:\/\/www.tvturk.com\/index.php\/wp-json\/wp\/v2\/posts"}],"about":[{"href":"http:\/\/www.tvturk.com\/index.php\/wp-json\/wp\/v2\/types\/post"}],"author":[{"embeddable":true,"href":"http:\/\/www.tvturk.com\/index.php\/wp-json\/wp\/v2\/users\/1"}],"replies":[{"embeddable":true,"href":"http:\/\/www.tvturk.com\/index.php\/wp-json\/wp\/v2\/comments?post=243654"}],"version-history":[{"count":0,"href":"http:\/\/www.tvturk.com\/index.php\/wp-json\/wp\/v2\/posts\/243654\/revisions"}],"wp:featuredmedia":[{"embeddable":true,"href":"http:\/\/www.tvturk.com\/index.php\/wp-json\/wp\/v2\/media\/243655"}],"wp:attachment":[{"href":"http:\/\/www.tvturk.com\/index.php\/wp-json\/wp\/v2\/media?parent=243654"}],"wp:term":[{"taxonomy":"category","embeddable":true,"href":"http:\/\/www.tvturk.com\/index.php\/wp-json\/wp\/v2\/categories?post=243654"},{"taxonomy":"post_tag","embeddable":true,"href":"http:\/\/www.tvturk.com\/index.php\/wp-json\/wp\/v2\/tags?post=243654"}],"curies":[{"name":"wp","href":"https:\/\/api.w.org\/{rel}","templated":true}]}}