{"id":243658,"date":"2019-12-18T09:46:31","date_gmt":"2019-12-18T06:46:31","guid":{"rendered":"http:\/\/www.tvturk.com\/index.php\/112-acil-servisine-pes-dedirten-ihbar-telefonlari\/"},"modified":"2019-12-18T09:46:31","modified_gmt":"2019-12-18T06:46:31","slug":"112-acil-servisine-pes-dedirten-ihbar-telefonlari","status":"publish","type":"post","link":"http:\/\/www.tvturk.com\/index.php\/112-acil-servisine-pes-dedirten-ihbar-telefonlari\/","title":{"rendered":"112 Acil Servisine pes dedirten ihbar telefonlar\u0131"},"content":{"rendered":"<p>Bitlis\u2019teki 112 Acil Komuta Merkezi \u00e7al\u0131\u015fanlar\u0131, vatanda\u015flar\u0131n \u2018ine\u011fim kayboldu\u2019, \u2018e\u015fe\u011fim \u00f6ld\u00fc\u2019 gibi \u00e7a\u011fr\u0131lar\u0131yla kar\u015f\u0131 kar\u015f\u0131ya kal\u0131yor.<\/p>\n<p>T\u00fcrkiye\u2019nin en \u00e7ok kar ya\u011f\u0131\u015f\u0131 alan ili olan Bitlis\u2019te 112 Acil Komuta Kontrol Merkezi, 21 ambulans ve 5 paletli kar ambulans\u0131yla k\u0131\u015f haz\u0131rl\u0131klar\u0131n\u0131 tamamlad\u0131. \u00c7etin k\u0131\u015f \u015fartlar\u0131n\u0131n ya\u015fand\u0131\u011f\u0131 Bitlis\u2019te, 112 Acil Komuta Kontrol Merkezi 7 g\u00fcn 24 saat esas\u0131yla vatanda\u015flara hizmet veriyor. 112 Acil Komuta Kontrol Merkezi Sorumlusu Dr. Elif Erg\u00fcn, g\u00fcn i\u00e7inde ald\u0131klar\u0131 \u00e7a\u011fr\u0131n\u0131n sadece y\u00fczde 10\u2019unun ger\u00e7ek vaka oldu\u011funu belirtti. Bu t\u00fcr durumlar\u0131n hatlar\u0131 kesintiye u\u011fratt\u0131\u011f\u0131n\u0131 ve ger\u00e7ek vakalar\u0131 almalar\u0131n\u0131 zorla\u015ft\u0131rd\u0131klar\u0131n\u0131 s\u00f6yleyen Erg\u00fcn, \u201cGenelde g\u00fcnl\u00fck 110 civar\u0131nda vakam\u0131z oluyor. Fakat 2 bin civar\u0131nda \u00e7a\u011fr\u0131 al\u0131yoruz. Ald\u0131\u011f\u0131m\u0131z \u00e7a\u011fr\u0131lar\u0131n y\u00fczde 10\u2019unun ger\u00e7ek vaka olmas\u0131 reaksiyon s\u00fcrelerimizi uzat\u0131yor. Bununla ilgili gerekli \u00e7al\u0131\u015fmalar\u0131n yap\u0131lmas\u0131n\u0131 istiyoruz. \u00c7ocuklardan \u00e7ok fazla \u00e7a\u011fr\u0131 al\u0131yoruz. Ebeveynlerin \u00e7ocuklar\u0131n eline telefon vermemesini istiyoruz. Bazen k\u0131zlar aray\u0131p erkeklerle g\u00f6r\u00fc\u015fmek, erkekler de k\u0131zlarla g\u00f6r\u00fc\u015fmek istiyor\u201d dedi.<\/p>\n<p>\u201cA\u015fk ac\u0131s\u0131 \u00e7ekiyorum diye arayan \u00e7ok oluyor\u201d<\/p>\n<p>Erg\u00fcn, as\u0131ls\u0131z \u00e7a\u011fr\u0131lar i\u00e7erisinde ilgin\u00e7 diyaloglar\u0131n ya\u015fand\u0131\u011f\u0131na da dikkat \u00e7ekerek, \u015funlar\u0131 s\u00f6yledi:<\/p>\n<p>\u201cBunlara \u00f6rnek vermek gerekirse, \u2018\u015fu an burada bir\u00e7ok \u00f6l\u00fc var\u2019 diye ar\u0131yorlar. Biz de ekip haz\u0131rl\u0131yoruz. Burada bir kriz durumu olu\u015fuyor. Nereden ar\u0131yorsunuz diye sordu\u011fumuzda, \u2018mezarl\u0131ktan ar\u0131yoruz\u2019 diyorlar. \u2018E\u015fe\u011fim ya da ine\u011fim kayboldu\u2019 diye arayan da \u00e7ok oluyor. Can\u0131 s\u0131k\u0131lan, sohbet etmek i\u00e7in ar\u0131yor ya da \u2018a\u015fk ac\u0131s\u0131 \u00e7ekiyorum\u2019 diye arayan \u00e7ok oluyor. Bu t\u00fcr durumlarda hatlar\u0131 kesintiye u\u011fratt\u0131\u011f\u0131 i\u00e7in ger\u00e7ek vakalar\u0131 almam\u0131z\u0131 zorla\u015ft\u0131r\u0131yorlar. Belki arayanlardan birinin yak\u0131n\u0131 bizi arayacak ve o vakay\u0131 almam\u0131z\u0131 zorla\u015ft\u0131r\u0131yorlar.\u201d<\/p>\n<p>Bitlis UMKE Birim Sorumlusu \u00d6mer Da\u015fdemir ise Bitlis \u0130l Ambulans Servisi Ba\u015fhekimli\u011fi olarak sahada \u015fu an toplam 21 ambulanslar\u0131 bulundu\u011funu s\u00f6yleyerek, \u201cEkiplerimiz vakalara 7 g\u00fcn 24 saat esas\u0131yla hizmet s\u00fcrd\u00fcrmektedir. Ayn\u0131 zamanda k\u0131\u015fl\u0131k olarak 4 tane pajero kar paletli ambulans\u0131m\u0131z, 1 tane snowtrack kar paletli ambulans\u0131m\u0131z, 2 tanede UMKE arac\u0131m\u0131z bulunmaktad\u0131r. Co\u011frafi \u015fartlar\u0131m\u0131z gere\u011fi k\u0131\u015f\u0131n ya\u011fan yo\u011fun kardan dolay\u0131 4 tane kar paletli ambulans\u0131, ilimizin kritik noktalar\u0131na koyduk\u201d diye konu\u015ftu.<\/p>\n<p>\u00d6mer Da\u015fdemir, Bitlisli vatanda\u015flar\u0131n 112 Acil Servis hatt\u0131n\u0131 gereksiz yere me\u015fgul etmemeleri konusunda ricada bulunarak, \u201cK\u00f6y yollar\u0131 kapal\u0131 oldu\u011fu zaman il \u00f6zel idaresi ekipleriyle g\u00f6r\u00fc\u015ferek \u00f6nden greyder, arkadan ambulans\u0131m\u0131z k\u00f6ye ula\u015f\u0131m sa\u011flamaktad\u0131r. \u00d6n\u00fcm\u00fcz k\u0131\u015f oldu\u011fundan dolay\u0131 vaka yo\u011funlu\u011fumuz artmaktad\u0131r. Bizler de vakalar\u0131m\u0131za daha h\u0131zl\u0131 bir s\u00fcrede reaksiyon verebilmek ad\u0131na Bitlisli halk\u0131m\u0131zdan 112 Acil Servis hatt\u0131n\u0131 gereksiz yere me\u015fgul etmemelerini rica ediyoruz. \u00d6zellikle k\u0131\u015f\u0131n s\u0131rf k\u00f6y yollar\u0131n\u0131 a\u00e7t\u0131rabilmek i\u00e7in 112\u2019den ambulans talebinde bulunan vatanda\u015flar\u0131m\u0131z oluyor. Ekiplerimiz alm\u0131\u015f oldu\u011fu vaka do\u011fruymu\u015f\u00e7as\u0131na olay yerine gitti\u011fi i\u00e7in, bazen ger\u00e7ek vakalara ula\u015fmakta s\u0131k\u0131nt\u0131 ya\u015f\u0131yoruz. B\u00f6yle bir durumda ba\u015fka bir insan\u0131n hakk\u0131na girmi\u015f oluyoruz. G\u00f6n\u00fcll\u00fcl\u00fck esas\u0131na dayal\u0131 UMKE biriminde \u00e7al\u0131\u015fan 48 g\u00f6n\u00fcll\u00fcm\u00fcz bulunmaktad\u0131r. 112\u2019nin k\u0131rsalda ula\u015famad\u0131\u011f\u0131 vakalarda, UMKE ekiplerimiz haz\u0131rlan\u0131p 7 g\u00fcn 24 saat vakalar\u0131m\u0131z\u0131 beklemekteyiz\u201d \u015feklinde konu\u015ftu.<\/p>\n","protected":false},"excerpt":{"rendered":"<p>B\u0130TL\u0130S\u2019TEK\u0130 112 AC\u0130L KOMUTA MERKEZ\u0130 \u00c7ALI\u015eANLARI, \u00c7OCUKLARIN ARAMALARINDAN OLDUK\u00c7A MUSTAR\u0130P OLURKEN, BAZEN DE VATANDA\u015eLARIN \u2018\u0130NE\u011e\u0130M KAYBOLDU\u2019, \u2018E\u015eE\u011e\u0130M \u00d6LD\u00dc\u2019 G\u0130B\u0130 \u00c7A\u011eRILARLA KAR\u015eI KAR\u015eIYA KALIYOR.<\/p>\n","protected":false},"author":1,"featured_media":243659,"comment_status":"closed","ping_status":"open","sticky":false,"template":"","format":"standard","meta":{"jetpack_post_was_ever_published":false,"_jetpack_newsletter_access":"","_jetpack_dont_email_post_to_subs":false,"_jetpack_newsletter_tier_id":0,"_jetpack_memberships_contains_paywalled_content":false,"_jetpack_memberships_contains_paid_content":false,"footnotes":"","jetpack_publicize_message":"","jetpack_publicize_feature_enabled":true,"jetpack_social_post_already_shared":true,"jetpack_social_options":{"image_generator_settings":{"template":"highway","default_image_id":0,"font":"","enabled":false},"version":2}},"categories":[1],"tags":[4072,7016,5916,8816,6369,60738,17218],"class_list":["post-243658","post","type-post","status-publish","format-standard","has-post-thumbnail","hentry","category-genel","tag-4072","tag-acil","tag-dedirten","tag-ihbar","tag-pes","tag-servisine","tag-telefonlari"],"jetpack_publicize_connections":[],"jetpack_featured_media_url":"https:\/\/i0.wp.com\/www.tvturk.com\/wp-content\/uploads\/2019\/12\/112-acil-servisine-pes-dedirten-ihbar-telefonlari_7fa078c.jpg?fit=1000%2C666","jetpack_sharing_enabled":true,"jetpack_shortlink":"https:\/\/wp.me\/paKIfm-11nY","_links":{"self":[{"href":"http:\/\/www.tvturk.com\/index.php\/wp-json\/wp\/v2\/posts\/243658","targetHints":{"allow":["GET"]}}],"collection":[{"href":"http:\/\/www.tvturk.com\/index.php\/wp-json\/wp\/v2\/posts"}],"about":[{"href":"http:\/\/www.tvturk.com\/index.php\/wp-json\/wp\/v2\/types\/post"}],"author":[{"embeddable":true,"href":"http:\/\/www.tvturk.com\/index.php\/wp-json\/wp\/v2\/users\/1"}],"replies":[{"embeddable":true,"href":"http:\/\/www.tvturk.com\/index.php\/wp-json\/wp\/v2\/comments?post=243658"}],"version-history":[{"count":0,"href":"http:\/\/www.tvturk.com\/index.php\/wp-json\/wp\/v2\/posts\/243658\/revisions"}],"wp:featuredmedia":[{"embeddable":true,"href":"http:\/\/www.tvturk.com\/index.php\/wp-json\/wp\/v2\/media\/243659"}],"wp:attachment":[{"href":"http:\/\/www.tvturk.com\/index.php\/wp-json\/wp\/v2\/media?parent=243658"}],"wp:term":[{"taxonomy":"category","embeddable":true,"href":"http:\/\/www.tvturk.com\/index.php\/wp-json\/wp\/v2\/categories?post=243658"},{"taxonomy":"post_tag","embeddable":true,"href":"http:\/\/www.tvturk.com\/index.php\/wp-json\/wp\/v2\/tags?post=243658"}],"curies":[{"name":"wp","href":"https:\/\/api.w.org\/{rel}","templated":true}]}}